{"id":2772,"date":"2024-04-25T14:19:50","date_gmt":"2024-04-25T17:19:50","guid":{"rendered":"https:\/\/guialimeira.com.br\/2024\/04\/25\/secretaria-do-meio-ambiente-monitora-morte-de-patos-estado-e-notificado\/"},"modified":"2024-04-25T14:19:50","modified_gmt":"2024-04-25T17:19:50","slug":"secretaria-do-meio-ambiente-monitora-morte-de-patos-estado-e-notificado","status":"publish","type":"post","link":"https:\/\/guialimeira.com.br\/news\/secretaria-do-meio-ambiente-monitora-morte-de-patos-estado-e-notificado\/","title":{"rendered":"Secretaria do Meio Ambiente monitora morte de patos; Estado \u00e9 notificado"},"content":{"rendered":"<p> <br \/>\n<\/p>\n<div>\n            <main class=\"\">&#13;<br \/>\n                &#13;<br \/>\n&#13;<br \/>\n&#13;<br \/>\n&#13;<br \/>\n    <img data-recalc-dims=\"1\" decoding=\"async\" src=\"https:\/\/i0.wp.com\/ecrie.com.br\/sistema\/conteudos\/imagem\/m_137_0_1_25042024134645.jpg?w=696&#038;ssl=1\" alt=\"Secretaria do Meio Ambiente monitora morte de patos; Estado \u00e9 notificado\"\/>&#13;<br \/>\n&#13;<\/p>\n<p>A Secretaria Municipal de Meio Ambiente e Agricultura vem monitorando e adotando medidas desde o in\u00edcio de abril sobre ocorr\u00eancias de mortes de patos na lagoa do Bosque Prefeita Maria Thereza (local do antigo zool\u00f3gico), na regi\u00e3o central de Limeira. O governo estadual j\u00e1 foi notificado, pois cabe a Secretaria Estadual do Meio Ambiente a responsabilidade do manejo deste animal, de caracter\u00edstica silvestre.<\/p>\n<p>&#13;<\/p>\n<p>Secret\u00e1rio da pasta, Reinaldo Belussi, explica que, no in\u00edcio de abril, foram constatadas 15 mortes de patos na lagoa. Na ocasi\u00e3o e de foma imediata, a Secretaria do Meio Ambiente requisitou da BRK Ambiental uma an\u00e1lise da \u00e1gua, para saber se havia alguma situa\u00e7\u00e3o, por exemplo, de vazamento de esgoto na lagoa.\u00a0<\/p>\n<p>&#13;<\/p>\n<p><span style=\"font-size: medium;\">As mortes ocorreram logo ap\u00f3s uma chuva de grande intensidade em Limeira. O laudo da BRK apresentou um resultado negativo, o que demonstrou que a lagoa estava com condi\u00e7\u00f5es adequadas. Al\u00e9m disso, foi feito procedimento de necr\u00f3psia em uma das aves e nada foi constatado.<\/span><span style=\"font-size: medium;\">\u00a0<\/span><\/p>\n<p>&#13;<\/p>\n<p><span style=\"font-size: medium;\">No in\u00edcio desta semana, a situa\u00e7\u00e3o voltou a ocorrer, com a morte de outros tr\u00eas patos. \u201cO aspecto migrat\u00f3rio da ave dificulta saber se os animais mortos agora j\u00e1 estavam na lagoa quando da ocorr\u00eancia do in\u00edcio do m\u00eas\u201d, relata o secret\u00e1rio.<\/span><\/p>\n<p>&#13;<\/p>\n<p>Belussi afirma que o Escrit\u00f3rio de Defesa Agropecu\u00e1ria (EDA), \u00f3rg\u00e3o da Secretaria Estadual do Meio Ambiente, foi notificado. T\u00e9cnicos se dirigiram ontem (24) ao bosque e constataram que n\u00e3o existem animais da mesma esp\u00e9cie doentes, o que dificultou apontar qualquer diagn\u00f3stico.\u00a0<\/p>\n<p>&#13;<\/p>\n<p><span style=\"font-size: medium;\">Em rela\u00e7\u00e3o ao aspecto migrat\u00f3rio, na semana passada haviam 16 patos na lagoa e hoje (25) seis se encontram no local.<br \/>\u00a0As Secretarias Municipal do Meio Ambiente e a Estadual, por meio do EDA, permanecem de alerta monitorando a situa\u00e7\u00e3o.<\/span><\/p>\n<p>&#13;<br \/>\n&#13;<br \/>\n&#13;<br \/>\n&#13;<\/p>\n<aside class=\"list-related no-print\">&#13;<br \/>\n        &#13;<br \/>\n&#13;<\/p>\n<article class=\"list-item noticias \">&#13;<br \/>\n                    <a class=\"list-item__img\" href=\"https:\/\/limeira.sp.gov.br\/imprensa\/noticias\/meio-ambiente-e-agricultura\/casa-na-vila-rocha-recebe-acao-de-limpeza-compulsoria\" tabindex=\"-1\" aria-hidden=\"true\" rel=\"noopener\">&#13;<br \/>\n                        <img data-recalc-dims=\"1\" decoding=\"async\" src=\"https:\/\/i0.wp.com\/ecrie.com.br\/sistema\/conteudos\/imagem\/m_137_0_1_25042024113121.jpg?w=696&#038;ssl=1\" alt=\"Casa na Vila Rocha recebe a\u00e7\u00e3o de limpeza compuls\u00f3ria\"\/>&#13;<br \/>\n                    <\/a>&#13;<br \/>\n&#13;<br \/>\n                &#13;<br \/>\n            <\/article>\n<p>&#13;<\/p>\n<article class=\"list-item noticias \">&#13;<br \/>\n                    <a class=\"list-item__img\" href=\"https:\/\/limeira.sp.gov.br\/imprensa\/noticias\/meio-ambiente-e-agricultura\/dpbea-nos-bairros-sera-suspenso-amanha-24-atendimento-retorna-na-sexta-26\" tabindex=\"-1\" aria-hidden=\"true\" rel=\"noopener\">&#13;<br \/>\n                        <img data-recalc-dims=\"1\" decoding=\"async\" src=\"https:\/\/i0.wp.com\/ecrie.com.br\/sistema\/conteudos\/imagem\/m_137_0_1_05032024140350.jpeg?w=696&#038;ssl=1\" alt=\"\u201cDpbea nos Bairros\u201d ser\u00e1 suspenso amanh\u00e3 (24); atendimento retorna na sexta (26)\"\/>&#13;<br \/>\n                    <\/a>&#13;<br \/>\n&#13;<br \/>\n                &#13;<br \/>\n            <\/article>\n<p>&#13;<\/p>\n<article class=\"list-item noticias \">&#13;<br \/>\n                    <a class=\"list-item__img\" href=\"https:\/\/limeira.sp.gov.br\/imprensa\/noticias\/meio-ambiente-e-agricultura\/comerciantes-aprovam-feira-livre-noturna-proxima-edicao-e-nesta-terca-23\" tabindex=\"-1\" aria-hidden=\"true\" rel=\"noopener\">&#13;<br \/>\n                        <img data-recalc-dims=\"1\" decoding=\"async\" src=\"https:\/\/i0.wp.com\/ecrie.com.br\/sistema\/conteudos\/imagem\/m_137_0_1_22042024162229.jpg?w=696&#038;ssl=1\" alt=\"Comerciantes aprovam Feira Livre Noturna; pr\u00f3xima edi\u00e7\u00e3o \u00e9 nesta ter\u00e7a (23)\"\/>&#13;<br \/>\n                    <\/a>&#13;<br \/>\n&#13;<br \/>\n                &#13;<br \/>\n            <\/article>\n<p>&#13;<br \/>\n    <\/aside>\n<p>&#13;<br \/>\n&#13;<br \/>\n            <\/main><\/p><\/div>\n<p><br \/>\n<br \/><a href=\"https:\/\/limeira.sp.gov.br\/secretaria-do-meio-ambiente-monitora-morte-de-patos-estado-e-notificado\" rel=\"noopener\">Informa\u00e7\u00f5es da PML <\/a><\/p>\n","protected":false},"excerpt":{"rendered":"<p>&#13; &#13; &#13; &#13; &#13; &#13; &#13; A Secretaria Municipal de Meio Ambiente e Agricultura vem monitorando e adotando medidas desde o in\u00edcio de abril sobre ocorr\u00eancias de mortes de patos na lagoa do Bosque Prefeita Maria Thereza (local do antigo zool\u00f3gico), na regi\u00e3o central de Limeira. O governo estadual j\u00e1 foi notificado, pois cabe [&hellip;]<\/p>\n","protected":false},"author":1,"featured_media":2773,"comment_status":"open","ping_status":"open","sticky":false,"template":"","format":"standard","meta":{"_jetpack_newsletter_access":"","_jetpack_dont_email_post_to_subs":false,"_jetpack_newsletter_tier_id":0,"_jetpack_memberships_contains_paywalled_content":false,"_mbp_banners":[],"_jetpack_feature_clip_id":0,"_jetpack_memberships_contains_paid_content":false,"footnotes":"","jetpack_publicize_message":"","jetpack_publicize_feature_enabled":true,"jetpack_social_post_already_shared":true,"jetpack_social_options":{"image_generator_settings":{"template":"highway","default_image_id":0,"font":"","enabled":false},"version":2},"jetpack_post_was_ever_published":false},"categories":[16],"tags":[],"class_list":["post-2772","post","type-post","status-publish","format-standard","has-post-thumbnail","category-local"],"jetpack_publicize_connections":[],"jetpack-related-posts":[],"jetpack_shortlink":"https:\/\/wp.me\/p7Eq1F-II","jetpack_sharing_enabled":true,"jetpack_featured_media_url":"https:\/\/i0.wp.com\/guialimeira.com.br\/news\/wp-content\/uploads\/2024\/04\/m_137_0_1_25042024134645.jpg?fit=1280%2C856&ssl=1","_links":{"self":[{"href":"https:\/\/guialimeira.com.br\/news\/wp-json\/wp\/v2\/posts\/2772","targetHints":{"allow":["GET"]}}],"collection":[{"href":"https:\/\/guialimeira.com.br\/news\/wp-json\/wp\/v2\/posts"}],"about":[{"href":"https:\/\/guialimeira.com.br\/news\/wp-json\/wp\/v2\/types\/post"}],"author":[{"embeddable":true,"href":"https:\/\/guialimeira.com.br\/news\/wp-json\/wp\/v2\/users\/1"}],"replies":[{"embeddable":true,"href":"https:\/\/guialimeira.com.br\/news\/wp-json\/wp\/v2\/comments?post=2772"}],"version-history":[{"count":0,"href":"https:\/\/guialimeira.com.br\/news\/wp-json\/wp\/v2\/posts\/2772\/revisions"}],"wp:featuredmedia":[{"embeddable":true,"href":"https:\/\/guialimeira.com.br\/news\/wp-json\/wp\/v2\/media\/2773"}],"wp:attachment":[{"href":"https:\/\/guialimeira.com.br\/news\/wp-json\/wp\/v2\/media?parent=2772"}],"wp:term":[{"taxonomy":"category","embeddable":true,"href":"https:\/\/guialimeira.com.br\/news\/wp-json\/wp\/v2\/categories?post=2772"},{"taxonomy":"post_tag","embeddable":true,"href":"https:\/\/guialimeira.com.br\/news\/wp-json\/wp\/v2\/tags?post=2772"}],"curies":[{"name":"wp","href":"https:\/\/api.w.org\/{rel}","templated":true}]}}