{"id":27716,"date":"2025-03-21T19:14:36","date_gmt":"2025-03-21T22:14:36","guid":{"rendered":"https:\/\/guialimeira.com.br\/2025\/03\/21\/apos-dois-casos-sao-joao-de-meriti-tera-vacinacao-contra-o-sarampo\/"},"modified":"2025-03-21T19:14:36","modified_gmt":"2025-03-21T22:14:36","slug":"apos-dois-casos-sao-joao-de-meriti-tera-vacinacao-contra-o-sarampo","status":"publish","type":"post","link":"https:\/\/guialimeira.com.br\/news\/apos-dois-casos-sao-joao-de-meriti-tera-vacinacao-contra-o-sarampo\/","title":{"rendered":"Ap\u00f3s dois casos, S\u00e3o Jo\u00e3o de Meriti ter\u00e1 vacina\u00e7\u00e3o contra o sarampo"},"content":{"rendered":"<p> <br \/>\n<\/p>\n<div>\n<p>A Secretaria de Estado de Sa\u00fade do Rio de Janeiro promove neste s\u00e1bado (22) uma <strong>a\u00e7\u00e3o conjunta com o Minist\u00e9rio da Sa\u00fade e a prefeitura de S\u00e3o Jo\u00e3o de Meriti, na Baixada Fluminense, para a vacina\u00e7\u00e3o de pessoas de 9 meses a 59 anos n\u00e3o vacinadas contra o sarampo<\/strong> e busca ativa de casos suspeitos da doen\u00e7a no bairro de Venda Velha.\u00a0<img data-recalc-dims=\"1\" decoding=\"async\" src=\"https:\/\/i0.wp.com\/agenciabrasil.ebc.com.br\/ebc.png?w=696&#038;ssl=1\" style=\"width:1px; height:1px; display:inline;\"\/><img data-recalc-dims=\"1\" decoding=\"async\" src=\"https:\/\/i0.wp.com\/agenciabrasil.ebc.com.br\/ebc.gif?w=696&#038;ssl=1\" style=\"width:1px; height:1px; display:inline;\"\/><\/p>\n<p><strong>Profissionais de sa\u00fade do munic\u00edpio, Estado e governo federal far\u00e3o uma varredura, percorrendo as casas nas imedia\u00e7\u00f5es <a href=\"https:\/\/agenciabrasil.ebc.com.br\/saude\/noticia\/2025-03\/rio-confirma-dois-casos-de-sarampo-na-baixada-fluminense\" rel=\"noopener\">onde dois casos de sarampo foram confirmados<\/a> na semana passada.<\/strong> A finalidade \u00e9 ampliar a investiga\u00e7\u00e3o em rela\u00e7\u00e3o a pessoas que tiveram poss\u00edvel contato com os casos confirmados e imunizar quem n\u00e3o esteja protegido contra a doen\u00e7a.<\/p>\n<p>A Escola Municipal Val\u00e9rio Vilas Boas Filho, em Vilar dos Teles, distrito de S\u00e3o Jo\u00e3o de Meriti, servir\u00e1 de base para as equipes e como ponto de partida da a\u00e7\u00e3o.\u00a0<\/p>\n<h2>Casos no munic\u00edpio<\/h2>\n<p><strong>Na sexta-feira passada (14), <a href=\"http:\/\/agenciabrasil.ebc.com.br\/saude\/noticia\/2025-03\/rio-confirma-dois-casos-de-sarampo-na-baixada-fluminense\" rel=\"noopener\">dois casos de sarampo foram confirmados na cidade.<\/a> S\u00e3o duas crian\u00e7as da mesma fam\u00edlia, menores de um ano, que foram hospitalizadas, receberam cuidados m\u00e9dicos e passam bem.<\/strong><\/p>\n<p>De acordo com a Secretaria de Sa\u00fade, os casos foram confirmados pelo Laborat\u00f3rio Central de Sa\u00fade P\u00fablica Noel Nutels (Lacen-RJ). Ap\u00f3s a confirma\u00e7\u00e3o, o munic\u00edpio foi orientado a vacinar os profissionais de sa\u00fade onde as crian\u00e7as foram atendidas e a fazer busca ativa por casos suspeitos.<\/p>\n<p>Em fevereiro deste ano, o Minist\u00e9rio da Sa\u00fade <a href=\"http:\/\/agenciabrasil.ebc.com.br\/saude\/noticia\/2025-02\/estado-do-rio-confirma-registro-de-sarampo\" rel=\"noopener\">havia confirmado outro caso<\/a> espor\u00e1dico de sarampo no munic\u00edpio de Itabora\u00ed (RJ).<\/p>\n<h2>Vacina\u00e7\u00e3o<\/h2>\n<p><strong>De acordo com o Minist\u00e9rio da Sa\u00fade, todas as pessoas de 12 meses a 59 anos de idade t\u00eam indica\u00e7\u00e3o para serem vacinadas contra o sarampo.<\/strong> Adolescentes e adultos n\u00e3o vacinados ou com esquema incompleto contra o sarampo devem iniciar ou completar o esquema vacinal de acordo com a situa\u00e7\u00e3o encontrada, respeitando as indica\u00e7\u00f5es do Calend\u00e1rio Nacional de Vacina\u00e7\u00e3o.\u00a0<\/p>\n<p><strong>Na rotina dos servi\u00e7os p\u00fablicos de vacina\u00e7\u00e3o, h\u00e1 duas vacinas dispon\u00edveis para prote\u00e7\u00e3o contra o sarampo: <\/strong><\/p>\n<ul>\n<li>vacina tr\u00edplice viral (sarampo, caxumba e rub\u00e9ola)<\/li>\n<li>tetraviral (sarampo, caxumba, rub\u00e9ola e varicela)<\/li>\n<\/ul>\n<p>A vacina tr\u00edplice viral \u00e9 contraindicada durante a gesta\u00e7\u00e3o. As gestantes n\u00e3o vacinadas ou com esquema incompleto dever\u00e3o receber a vacina no puerp\u00e9rio.<\/p>\n<p>A depender da situa\u00e7\u00e3o epidemiol\u00f3gica de cada localidade, h\u00e1 a necessidade de estabelecer outras estrat\u00e9gias. Assim, al\u00e9m das doses de rotina estabelecidas no Calend\u00e1rio Nacional de Vacina\u00e7\u00e3o, a vacina\u00e7\u00e3o para o sarampo pode ser indicada para crian\u00e7as de seis meses a menores de um ano, em localidades com o surto da doen\u00e7a, a depender da avalia\u00e7\u00e3o e indica\u00e7\u00e3o conjunta das tr\u00eas esferas de gest\u00e3o.\u00a0\u00a0<\/p>\n<p>      <!-- Relacionada --><\/p>\n<p>            <!-- Relacionada -->\n    <\/div>\n<p><br \/>\n<br \/><a href=\"https:\/\/agenciabrasil.ebc.com.br\/saude\/noticia\/2025-03\/apos-dois-casos-sao-joao-de-meriti-tera-vacinacao-contra-o-sarampo\" rel=\"noopener\">Ag\u00eancia Brasil <\/a><\/p>\n","protected":false},"excerpt":{"rendered":"<p>A Secretaria de Estado de Sa\u00fade do Rio de Janeiro promove neste s\u00e1bado (22) uma a\u00e7\u00e3o conjunta com o Minist\u00e9rio da Sa\u00fade e a prefeitura de S\u00e3o Jo\u00e3o de Meriti, na Baixada Fluminense, para a vacina\u00e7\u00e3o de pessoas de 9 meses a 59 anos n\u00e3o vacinadas contra o sarampo e busca ativa de casos suspeitos [&hellip;]<\/p>\n","protected":false},"author":1,"featured_media":27717,"comment_status":"open","ping_status":"open","sticky":false,"template":"","format":"standard","meta":{"_jetpack_newsletter_access":"","_jetpack_dont_email_post_to_subs":false,"_jetpack_newsletter_tier_id":0,"_jetpack_memberships_contains_paywalled_content":false,"_mbp_banners":[],"_jetpack_feature_clip_id":0,"_jetpack_memberships_contains_paid_content":false,"footnotes":"","jetpack_publicize_message":"","jetpack_publicize_feature_enabled":true,"jetpack_social_post_already_shared":true,"jetpack_social_options":{"image_generator_settings":{"template":"highway","default_image_id":0,"font":"","enabled":false},"version":2},"jetpack_post_was_ever_published":false},"categories":[15],"tags":[],"class_list":["post-27716","post","type-post","status-publish","format-standard","has-post-thumbnail","category-saude"],"jetpack_publicize_connections":[],"jetpack-related-posts":[],"jetpack_shortlink":"https:\/\/wp.me\/p7Eq1F-7d2","jetpack_sharing_enabled":true,"jetpack_featured_media_url":"https:\/\/i0.wp.com\/guialimeira.com.br\/news\/wp-content\/uploads\/2025\/03\/edit_mcmgo_abr20180818_1353.jpg?fit=1600%2C800&ssl=1","_links":{"self":[{"href":"https:\/\/guialimeira.com.br\/news\/wp-json\/wp\/v2\/posts\/27716","targetHints":{"allow":["GET"]}}],"collection":[{"href":"https:\/\/guialimeira.com.br\/news\/wp-json\/wp\/v2\/posts"}],"about":[{"href":"https:\/\/guialimeira.com.br\/news\/wp-json\/wp\/v2\/types\/post"}],"author":[{"embeddable":true,"href":"https:\/\/guialimeira.com.br\/news\/wp-json\/wp\/v2\/users\/1"}],"replies":[{"embeddable":true,"href":"https:\/\/guialimeira.com.br\/news\/wp-json\/wp\/v2\/comments?post=27716"}],"version-history":[{"count":0,"href":"https:\/\/guialimeira.com.br\/news\/wp-json\/wp\/v2\/posts\/27716\/revisions"}],"wp:featuredmedia":[{"embeddable":true,"href":"https:\/\/guialimeira.com.br\/news\/wp-json\/wp\/v2\/media\/27717"}],"wp:attachment":[{"href":"https:\/\/guialimeira.com.br\/news\/wp-json\/wp\/v2\/media?parent=27716"}],"wp:term":[{"taxonomy":"category","embeddable":true,"href":"https:\/\/guialimeira.com.br\/news\/wp-json\/wp\/v2\/categories?post=27716"},{"taxonomy":"post_tag","embeddable":true,"href":"https:\/\/guialimeira.com.br\/news\/wp-json\/wp\/v2\/tags?post=27716"}],"curies":[{"name":"wp","href":"https:\/\/api.w.org\/{rel}","templated":true}]}}