{"id":27694,"date":"2025-03-21T17:18:42","date_gmt":"2025-03-21T20:18:42","guid":{"rendered":"https:\/\/guialimeira.com.br\/?p=27694"},"modified":"2025-03-21T17:18:42","modified_gmt":"2025-03-21T20:18:42","slug":"lu-bogo-recebe-resposta-a-mocao-n37-2025-da-falta-de-medicamentos","status":"publish","type":"post","link":"https:\/\/guialimeira.com.br\/news\/lu-bogo-recebe-resposta-a-mocao-n37-2025-da-falta-de-medicamentos\/","title":{"rendered":"Lu Bogo recebe resposta \u00e0 Mo\u00e7\u00e3o N\u00b037\/2025 da falta de medicamentos"},"content":{"rendered":"\n<figure class=\"wp-block-gallery has-nested-images columns-default is-cropped wp-block-gallery-1 is-layout-flex wp-block-gallery-is-layout-flex\"><\/figure>\n \r\n<br><img data-recalc-dims=\"1\" decoding=\"async\" src=\"https:\/\/i0.wp.com\/guialimeira.com.br\/wp-content\/uploads\/2025\/03\/2025-03-21_lu-bogo-recebe-resposta-a-mocao-n372025-da-falta-de-medicamentos_1.jpg?w=696&#038;ssl=1\" \/><br><div>\n\t\t\t\t\t<p>A vereadora Lu Bogo (PL) protocolou em 6 de mar\u00e7o a <a href=\"https:\/\/consulta.limeira.sp.leg.br\/Documentos\/Documento\/368460\" rel=\"noopener\">Mo\u00e7\u00e3o N\u00b037\/2025<\/a>, de apelo ao Departamento Regional de Sa\u00fade X de Piracicaba (DRS X) pela falta de medicamentos e falta de informa\u00e7\u00e3o e respostas aos mun\u00edcipes que fazem contato via telefone (19) 3437-7402 e (19) 3437-7403. \u00a0 Nesta quarta-feira, 19 de mar\u00e7o, a vereadora recebeu por e-mail a resposta aos questionamentos.\u00a0<\/p><p>\u201cA Mo\u00e7\u00e3o fez uma provoca\u00e7\u00e3o ao Estado e hoje recebemos a resposta, que apresentamos aqui para informar a popula\u00e7\u00e3o o que est\u00e1 sendo feito para sanar este desabastecimento. E tamb\u00e9m para mostrar que estamos atentos aos problemas que as pessoas est\u00e3o encontrando com a falta de medicamento\u201d, informou a vereadora.<\/p><p>No texto da Mo\u00e7\u00e3o, a parlamentar ressaltou que o desabastecimento nas farm\u00e1cias assistidas pelo Estado precisa ter resposta mais r\u00e1pida, principalmente para a popula\u00e7\u00e3o que busca estes rem\u00e9dios.\u00a0\u00a0<\/p><p>Na resposta, o gabinete do secret\u00e1rio de Estado da Sa\u00fade esclarece que alguns itens est\u00e3o sob responsabilidade do Departamento de Assist\u00eancia Farmac\u00eautica do Minist\u00e9rio da Sa\u00fade (MS), e o que cabe ao Estado \u00e9 que a cada 15 dias a Coordenadoria de Assist\u00eancia Farmac\u00eautica (CAF) informe sobre os eventuais desabastecimentos nas Farm\u00e1cias de Medicamentos Especializados (FME) aos N\u00facleos de Assist\u00eancia Farmac\u00eautica (NAF) e Departamentos Regionais de Sa\u00fade (DRS), que em articula\u00e7\u00e3o com a Coordenadoria de Regi\u00f5es de Sa\u00fade (CRS) ter\u00e3o as informa\u00e7\u00f5es sobre o andamento dos processos de aquisi\u00e7\u00e3o e distribui\u00e7\u00e3o dos medicamentos, assim como o prazo para regulariza\u00e7\u00e3o do abastecimento.\u00a0<\/p><p>\u201cAs informa\u00e7\u00f5es s\u00e3o divulgadas aos munic\u00edpios por interm\u00e9dio do Conselho dos Secret\u00e1rios Municipais de Sa\u00fade e por meio das Farm\u00e1cias de Medicamentos Especializados. J\u00e1 os pacientes s\u00e3o notificados por meio das Farm\u00e1cias de Medicamentos Especializados e Farm\u00e1cias Municipais\u201d, informou o gabinete do secret\u00e1rio.\u00a0<\/p><p>Segundo a Secretaria de Estado da Sa\u00fade de S\u00e3o Paulo, para sanar a falta de medicamentos nas farm\u00e1cias de medicamentos especializados, adota as seguintes medidas: monitoramento sistem\u00e1tico do abastecimento dos medicamentos e, em caso de situa\u00e7\u00e3o cr\u00edtica de abastecimento, identificam os motivos pelo atraso ou falta e tra\u00e7am a\u00e7\u00f5es preventivas e corretivas, visando a manuten\u00e7\u00e3o da regularidade do abastecimento de medicamentos e continuidade do atendimento.<\/p><p>Para maior transpar\u00eancia e propaga\u00e7\u00e3o da informa\u00e7\u00e3o, a vereadora Lu Bogo divulgou neste texto a resposta recebida \u00e0 <a href=\"https:\/\/consulta.limeira.sp.leg.br\/Documentos\/Documento\/368460\" rel=\"noopener\">Mo\u00e7\u00e3o N\u00b037\/2025<\/a>. \u201cEsta pode n\u00e3o ser a resposta que a popula\u00e7\u00e3o espera, mas s\u00e3o as informa\u00e7\u00f5es oficiais, os dados e previs\u00f5es para o abastecimento das farm\u00e1cias de especialidade\u201d, completou Lu Bogo.<\/p><p><i>Do Gabinete Parlamentar \u2013 Vereadora Lu Bogo (PL)<\/i><\/p><p><strong>As mat\u00e9rias de origem dos Gabinetes Parlamentares s\u00e3o de inteira responsabilidade dos parlamentares e de suas assessorias. S\u00e3o devidamente assinadas e n\u00e3o refletem, necessariamente, a opini\u00e3o institucional da C\u00e2mara Municipal de Limeira.<\/strong><\/p>\t\t\t\t<\/div>\r\n<br>\r\n<br><a href=\"https:\/\/www.limeira.sp.leg.br\/noticias\/view\/2025-03-21_lu-bogo-recebe-resposta-a-mocao-n372025-da-falta-de-medicamentos\" rel=\"noopener\">Informa\u00e7\u00f5es CML <\/a>","protected":false},"excerpt":{"rendered":"<p>A vereadora Lu Bogo (PL) protocolou em 6 de mar\u00e7o a Mo\u00e7\u00e3o N\u00b037\/2025, de apelo ao Departamento Regional de Sa\u00fade X de Piracicaba (DRS X) pela falta de medicamentos e falta de informa\u00e7\u00e3o e respostas aos mun\u00edcipes que fazem contato via telefone (19) 3437-7402 e (19) 3437-7403. \u00a0 Nesta quarta-feira, 19 de mar\u00e7o, a vereadora [&hellip;]<\/p>\n","protected":false},"author":1,"featured_media":27695,"comment_status":"open","ping_status":"open","sticky":false,"template":"","format":"standard","meta":{"_jetpack_newsletter_access":"","_jetpack_dont_email_post_to_subs":false,"_jetpack_newsletter_tier_id":0,"_jetpack_memberships_contains_paywalled_content":false,"_mbp_banners":[],"_jetpack_feature_clip_id":0,"_jetpack_memberships_contains_paid_content":false,"footnotes":"","jetpack_publicize_message":"","jetpack_publicize_feature_enabled":true,"jetpack_social_post_already_shared":true,"jetpack_social_options":{"image_generator_settings":{"template":"highway","default_image_id":0,"font":"","enabled":false},"version":2},"jetpack_post_was_ever_published":false},"categories":[19],"tags":[],"class_list":["post-27694","post","type-post","status-publish","format-standard","has-post-thumbnail","category-politica"],"jetpack_publicize_connections":[],"jetpack-related-posts":[],"jetpack_shortlink":"https:\/\/wp.me\/p7Eq1F-7cG","jetpack_sharing_enabled":true,"jetpack_featured_media_url":"https:\/\/i0.wp.com\/guialimeira.com.br\/news\/wp-content\/uploads\/2025\/03\/Lu-Bogo-recebe-resposta-a-Mocao-N%C2%B0372025-da-falta-de.jpg?fit=1280%2C640&ssl=1","_links":{"self":[{"href":"https:\/\/guialimeira.com.br\/news\/wp-json\/wp\/v2\/posts\/27694","targetHints":{"allow":["GET"]}}],"collection":[{"href":"https:\/\/guialimeira.com.br\/news\/wp-json\/wp\/v2\/posts"}],"about":[{"href":"https:\/\/guialimeira.com.br\/news\/wp-json\/wp\/v2\/types\/post"}],"author":[{"embeddable":true,"href":"https:\/\/guialimeira.com.br\/news\/wp-json\/wp\/v2\/users\/1"}],"replies":[{"embeddable":true,"href":"https:\/\/guialimeira.com.br\/news\/wp-json\/wp\/v2\/comments?post=27694"}],"version-history":[{"count":1,"href":"https:\/\/guialimeira.com.br\/news\/wp-json\/wp\/v2\/posts\/27694\/revisions"}],"predecessor-version":[{"id":27696,"href":"https:\/\/guialimeira.com.br\/news\/wp-json\/wp\/v2\/posts\/27694\/revisions\/27696"}],"wp:featuredmedia":[{"embeddable":true,"href":"https:\/\/guialimeira.com.br\/news\/wp-json\/wp\/v2\/media\/27695"}],"wp:attachment":[{"href":"https:\/\/guialimeira.com.br\/news\/wp-json\/wp\/v2\/media?parent=27694"}],"wp:term":[{"taxonomy":"category","embeddable":true,"href":"https:\/\/guialimeira.com.br\/news\/wp-json\/wp\/v2\/categories?post=27694"},{"taxonomy":"post_tag","embeddable":true,"href":"https:\/\/guialimeira.com.br\/news\/wp-json\/wp\/v2\/tags?post=27694"}],"curies":[{"name":"wp","href":"https:\/\/api.w.org\/{rel}","templated":true}]}}