{"id":27685,"date":"2025-03-21T17:07:42","date_gmt":"2025-03-21T20:07:42","guid":{"rendered":"https:\/\/guialimeira.com.br\/?p=27685"},"modified":"2025-03-21T17:07:59","modified_gmt":"2025-03-21T20:07:59","slug":"assai-atacadista-limeira-esta-com-vagas-abertas-confira-as-oportunidades","status":"publish","type":"post","link":"https:\/\/guialimeira.com.br\/news\/assai-atacadista-limeira-esta-com-vagas-abertas-confira-as-oportunidades\/","title":{"rendered":"Assa\u00ed Atacadista Limeira est\u00e1 com vagas abertas! Confira as oportunidades"},"content":{"rendered":"\n<p class=\"wp-block-paragraph\">Se voc\u00ea est\u00e1 em busca de uma nova oportunidade de carreira, o <strong>Assa\u00ed Atacadista Limeira Anel Vi\u00e1rio<\/strong> est\u00e1 contratando! A empresa anunciou diversas vagas para diferentes \u00e1reas, oferecendo benef\u00edcios atrativos e um ambiente de trabalho reconhecido como um dos melhores do Brasil.<\/p>\n\n\n\n<h2 class=\"wp-block-heading\"><strong>Vagas dispon\u00edveis no Assa\u00ed Atacadista Limeira<\/strong><\/h2>\n\n\n\n<p class=\"wp-block-paragraph\">O processo seletivo acontecer\u00e1 no <strong>dia 25\/03\/2025, \u00e0s 14h30<\/strong>, e os candidatos devem comparecer munidos de curr\u00edculo no endere\u00e7o abaixo:<\/p>\n\n\n\n<p class=\"wp-block-paragraph\">\ud83d\udccd <strong>Endere\u00e7o:<\/strong><br>Via Antonio Cruanes Filho, 4750,<br>Jardim Colinas S\u00e3o Jo\u00e3o, Limeira \u2013 SP, CEP 13481-287.<\/p>\n\n\n\n<h3 class=\"wp-block-heading\"><strong>Confira as vagas abertas:<\/strong><\/h3>\n\n\n\n<p class=\"wp-block-paragraph\">\u2705 <strong>Repositor de Mercadorias<\/strong><br>\u2705 <strong>Chefe de Se\u00e7\u00e3o<\/strong><br>\u2705 <strong>L\u00edder de Perec\u00edveis<\/strong><br>\u2705 <strong>Conferente de Mercadorias<\/strong><br>\u2705 <strong>Vendedor de Cart\u00f5es<\/strong><br>\u2705 <strong>Operador de Caixa<\/strong><br>\u2705 <strong>Auxiliar de A\u00e7ougue<\/strong><\/p>\n\n\n\n<p class=\"wp-block-paragraph\">Se preferir, voc\u00ea tamb\u00e9m pode enviar seu curr\u00edculo para o WhatsApp <strong>(11) 91220-1339<\/strong>.<\/p>\n\n\n\n<h2 class=\"wp-block-heading\"><strong>Benef\u00edcios oferecidos pelo Assa\u00ed Atacadista<\/strong><\/h2>\n\n\n\n<p class=\"wp-block-paragraph\">Al\u00e9m de um sal\u00e1rio compat\u00edvel com o mercado, os colaboradores do Assa\u00ed Atacadista contam com diversos benef\u00edcios, como:<\/p>\n\n\n\n<p class=\"wp-block-paragraph\">\u2714 <strong>Assist\u00eancia m\u00e9dica e odontol\u00f3gica<\/strong><br>\u2714 <strong>Vale-transporte<\/strong><br>\u2714 <strong>Refeit\u00f3rio em todas as unidades<\/strong><br>\u2714 <strong>Seguro de vida<\/strong><br>\u2714 <strong>Cart\u00e3o cesta b\u00e1sica<\/strong><br>\u2714 <strong>Parcerias com academias (Gympass e TotalPass)<\/strong><br>\u2714 <strong>Enxoval para beb\u00ea<\/strong><br>\u2714 <strong>Cart\u00e3o Mam\u00e3e<\/strong><br>\u2714 <strong>Extens\u00e3o da licen\u00e7a-maternidade<\/strong><\/p>\n\n\n\n<h2 class=\"wp-block-heading\"><strong>Trabalhe em uma das melhores empresas do Brasil<\/strong><\/h2>\n\n\n\n<p class=\"wp-block-paragraph\">O Assa\u00ed Atacadista foi reconhecido pelo <strong>Great Place to Work Brasil<\/strong> como uma das <strong>Melhores Empresas para Trabalhar no setor de Varejo<\/strong>. Se voc\u00ea busca uma oportunidade em um ambiente din\u00e2mico e com possibilidades de crescimento, essa pode ser a sua chance!<\/p>\n\n\n\n<p class=\"wp-block-paragraph\">\ud83d\udcc5 <strong>Anote na agenda:<\/strong> <strong>Compare\u00e7a no dia 25\/03\/2025 \u00e0s 14h30 com seu curr\u00edculo e garanta sua participa\u00e7\u00e3o no processo seletivo!<\/strong><\/p>\n\n\n\n<p class=\"wp-block-paragraph\">\ud83d\ude80 <strong>N\u00e3o perca essa oportunidade de crescimento profissional!<\/strong><\/p>\n","protected":false},"excerpt":{"rendered":"<p>Se voc\u00ea est\u00e1 em busca de uma nova oportunidade de carreira, o Assa\u00ed Atacadista Limeira Anel Vi\u00e1rio est\u00e1 contratando! A empresa anunciou diversas vagas para diferentes \u00e1reas, oferecendo benef\u00edcios atrativos e um ambiente de trabalho reconhecido como um dos melhores do Brasil. Vagas dispon\u00edveis no Assa\u00ed Atacadista Limeira O processo seletivo acontecer\u00e1 no dia 25\/03\/2025, [&hellip;]<\/p>\n","protected":false},"author":1,"featured_media":27686,"comment_status":"open","ping_status":"open","sticky":false,"template":"","format":"standard","meta":{"_jetpack_newsletter_access":"","_jetpack_dont_email_post_to_subs":false,"_jetpack_newsletter_tier_id":0,"_jetpack_memberships_contains_paywalled_content":false,"_mbp_banners":[],"_jetpack_feature_clip_id":0,"_jetpack_memberships_contains_paid_content":false,"footnotes":"","jetpack_publicize_message":"","jetpack_publicize_feature_enabled":true,"jetpack_social_post_already_shared":true,"jetpack_social_options":{"image_generator_settings":{"template":"highway","default_image_id":0,"font":"","enabled":false},"version":2},"jetpack_post_was_ever_published":false},"categories":[17,16],"tags":[],"class_list":["post-27685","post","type-post","status-publish","format-standard","has-post-thumbnail","category-empregos","category-local"],"jetpack_publicize_connections":[],"jetpack-related-posts":[],"jetpack_shortlink":"https:\/\/wp.me\/p7Eq1F-7cx","jetpack_sharing_enabled":true,"jetpack_featured_media_url":"https:\/\/i0.wp.com\/guialimeira.com.br\/news\/wp-content\/uploads\/2025\/03\/485246937_9255989857845279_6927520637136070935_n-e1742587624810.jpg?fit=794%2C436&ssl=1","_links":{"self":[{"href":"https:\/\/guialimeira.com.br\/news\/wp-json\/wp\/v2\/posts\/27685","targetHints":{"allow":["GET"]}}],"collection":[{"href":"https:\/\/guialimeira.com.br\/news\/wp-json\/wp\/v2\/posts"}],"about":[{"href":"https:\/\/guialimeira.com.br\/news\/wp-json\/wp\/v2\/types\/post"}],"author":[{"embeddable":true,"href":"https:\/\/guialimeira.com.br\/news\/wp-json\/wp\/v2\/users\/1"}],"replies":[{"embeddable":true,"href":"https:\/\/guialimeira.com.br\/news\/wp-json\/wp\/v2\/comments?post=27685"}],"version-history":[{"count":2,"href":"https:\/\/guialimeira.com.br\/news\/wp-json\/wp\/v2\/posts\/27685\/revisions"}],"predecessor-version":[{"id":27688,"href":"https:\/\/guialimeira.com.br\/news\/wp-json\/wp\/v2\/posts\/27685\/revisions\/27688"}],"wp:featuredmedia":[{"embeddable":true,"href":"https:\/\/guialimeira.com.br\/news\/wp-json\/wp\/v2\/media\/27686"}],"wp:attachment":[{"href":"https:\/\/guialimeira.com.br\/news\/wp-json\/wp\/v2\/media?parent=27685"}],"wp:term":[{"taxonomy":"category","embeddable":true,"href":"https:\/\/guialimeira.com.br\/news\/wp-json\/wp\/v2\/categories?post=27685"},{"taxonomy":"post_tag","embeddable":true,"href":"https:\/\/guialimeira.com.br\/news\/wp-json\/wp\/v2\/tags?post=27685"}],"curies":[{"name":"wp","href":"https:\/\/api.w.org\/{rel}","templated":true}]}}