{"id":27643,"date":"2025-03-21T12:13:38","date_gmt":"2025-03-21T15:13:38","guid":{"rendered":"https:\/\/guialimeira.com.br\/?p=27643"},"modified":"2025-03-21T12:13:38","modified_gmt":"2025-03-21T15:13:38","slug":"camara-promove-curso-sobre-uso-de-identidade-institucional-e-formatacao-de-documentos-oficiais","status":"publish","type":"post","link":"https:\/\/guialimeira.com.br\/news\/camara-promove-curso-sobre-uso-de-identidade-institucional-e-formatacao-de-documentos-oficiais\/","title":{"rendered":"C\u00e2mara promove curso sobre uso de identidade institucional e formata\u00e7\u00e3o de documentos oficiais"},"content":{"rendered":"\n<figure class=\"wp-block-gallery has-nested-images columns-default is-cropped wp-block-gallery-1 is-layout-flex wp-block-gallery-is-layout-flex\"><\/figure>\n \r\n<br><img data-recalc-dims=\"1\" decoding=\"async\" src=\"https:\/\/i0.wp.com\/guialimeira.com.br\/wp-content\/uploads\/2025\/03\/2025-03-21_camara-promove-curso-sobre-uso-de-identidade-institucional-e-formatacao-de-documentos-ofi.jpeg?w=696&#038;ssl=1\" \/><br><div>\n\t\t\t\t\t<p>Promovido pela C\u00e2mara Municipal, o curso de cria\u00e7\u00e3o, formata\u00e7\u00e3o de documentos oficiais e uso da identidade institucional ministrado na manh\u00e3 desta sexta-feira, 21 de mar\u00e7o, teve como objetivo passar aos assessores parlamentares e chefes de gabinete, normas t\u00e9cnicas de formata\u00e7\u00e3o para a elabora\u00e7\u00e3o de documentos legislativos. O conte\u00fado foi ministrado pelo analista de comunica\u00e7\u00e3o da Casa, Adriano Silva.<\/p><p>Em conjunto com os participantes, um padr\u00e3o textual come\u00e7ou a ser definido a fim de facilitar e unificar a reda\u00e7\u00e3o de requerimentos, mo\u00e7\u00f5es, indica\u00e7\u00f5es e outros textos oficiais. Dicas de como otimizar o uso de ferramentas \u00fateis tamb\u00e9m foram compartilhadas com os servidores.<\/p><p>A iniciativa, em parceria com a <a href=\"https:\/\/escolalegislativa.limeira.sp.leg.br\/\" rel=\"noopener\">Escola Legislativa Paulo Freire,<\/a> ainda deve oferecer outros m\u00f3dulos do curso\u00a0 para sanar d\u00favidas e estabelecer padr\u00f5es de reda\u00e7\u00e3o.\u00a0<\/p>\t\t\t\t<\/div>\r\n<br>\r\n<br><a href=\"https:\/\/www.limeira.sp.leg.br\/noticias\/view\/2025-03-21_camara-promove-curso-sobre-uso-de-identidade-institucional-e-formatacao-de-documentos-oficiais\" rel=\"noopener\">Informa\u00e7\u00f5es CML <\/a>","protected":false},"excerpt":{"rendered":"<p>Promovido pela C\u00e2mara Municipal, o curso de cria\u00e7\u00e3o, formata\u00e7\u00e3o de documentos oficiais e uso da identidade institucional ministrado na manh\u00e3 desta sexta-feira, 21 de mar\u00e7o, teve como objetivo passar aos assessores parlamentares e chefes de gabinete, normas t\u00e9cnicas de formata\u00e7\u00e3o para a elabora\u00e7\u00e3o de documentos legislativos. O conte\u00fado foi ministrado pelo analista de comunica\u00e7\u00e3o da [&hellip;]<\/p>\n","protected":false},"author":1,"featured_media":27644,"comment_status":"open","ping_status":"open","sticky":false,"template":"","format":"standard","meta":{"_jetpack_newsletter_access":"","_jetpack_dont_email_post_to_subs":false,"_jetpack_newsletter_tier_id":0,"_jetpack_memberships_contains_paywalled_content":false,"_mbp_banners":[],"_jetpack_feature_clip_id":0,"_jetpack_memberships_contains_paid_content":false,"footnotes":"","jetpack_publicize_message":"","jetpack_publicize_feature_enabled":true,"jetpack_social_post_already_shared":true,"jetpack_social_options":{"image_generator_settings":{"template":"highway","default_image_id":0,"font":"","enabled":false},"version":2},"jetpack_post_was_ever_published":false},"categories":[19],"tags":[],"class_list":["post-27643","post","type-post","status-publish","format-standard","has-post-thumbnail","category-politica"],"jetpack_publicize_connections":[],"jetpack-related-posts":[],"jetpack_shortlink":"https:\/\/wp.me\/p7Eq1F-7bR","jetpack_sharing_enabled":true,"jetpack_featured_media_url":"https:\/\/i0.wp.com\/guialimeira.com.br\/news\/wp-content\/uploads\/2025\/03\/Camara-promove-curso-sobre-uso-de-identidade-institucional-e-formatacao.jpeg?fit=1280%2C640&ssl=1","_links":{"self":[{"href":"https:\/\/guialimeira.com.br\/news\/wp-json\/wp\/v2\/posts\/27643","targetHints":{"allow":["GET"]}}],"collection":[{"href":"https:\/\/guialimeira.com.br\/news\/wp-json\/wp\/v2\/posts"}],"about":[{"href":"https:\/\/guialimeira.com.br\/news\/wp-json\/wp\/v2\/types\/post"}],"author":[{"embeddable":true,"href":"https:\/\/guialimeira.com.br\/news\/wp-json\/wp\/v2\/users\/1"}],"replies":[{"embeddable":true,"href":"https:\/\/guialimeira.com.br\/news\/wp-json\/wp\/v2\/comments?post=27643"}],"version-history":[{"count":1,"href":"https:\/\/guialimeira.com.br\/news\/wp-json\/wp\/v2\/posts\/27643\/revisions"}],"predecessor-version":[{"id":27645,"href":"https:\/\/guialimeira.com.br\/news\/wp-json\/wp\/v2\/posts\/27643\/revisions\/27645"}],"wp:featuredmedia":[{"embeddable":true,"href":"https:\/\/guialimeira.com.br\/news\/wp-json\/wp\/v2\/media\/27644"}],"wp:attachment":[{"href":"https:\/\/guialimeira.com.br\/news\/wp-json\/wp\/v2\/media?parent=27643"}],"wp:term":[{"taxonomy":"category","embeddable":true,"href":"https:\/\/guialimeira.com.br\/news\/wp-json\/wp\/v2\/categories?post=27643"},{"taxonomy":"post_tag","embeddable":true,"href":"https:\/\/guialimeira.com.br\/news\/wp-json\/wp\/v2\/tags?post=27643"}],"curies":[{"name":"wp","href":"https:\/\/api.w.org\/{rel}","templated":true}]}}