{"id":27631,"date":"2025-03-21T11:12:38","date_gmt":"2025-03-21T14:12:38","guid":{"rendered":"https:\/\/guialimeira.com.br\/?p=27631"},"modified":"2025-03-21T11:12:38","modified_gmt":"2025-03-21T14:12:38","slug":"vereadores-votam-seis-projetos-em-sessao-ordinaria-que-acontece-na-segunda-feira-24-3","status":"publish","type":"post","link":"https:\/\/guialimeira.com.br\/news\/vereadores-votam-seis-projetos-em-sessao-ordinaria-que-acontece-na-segunda-feira-24-3\/","title":{"rendered":"Vereadores votam seis projetos em sess\u00e3o ordin\u00e1ria que acontece na segunda-feira (24\/3)"},"content":{"rendered":"\n<figure class=\"wp-block-gallery has-nested-images columns-default is-cropped wp-block-gallery-1 is-layout-flex wp-block-gallery-is-layout-flex\"><\/figure>\n \r\n<br><img data-recalc-dims=\"1\" decoding=\"async\" src=\"https:\/\/i0.wp.com\/guialimeira.com.br\/wp-content\/uploads\/2025\/03\/2025-03-21_vereadores-votam-seis-projetos-em-sessao-ordinaria-que-acontece-na-segundafeira-243_1.jpg?w=696&#038;ssl=1\" \/><br><div>\n\t\t\t\t\t<p>Seis projetos est\u00e3o pautados para vota\u00e7\u00e3o na pr\u00f3xima sess\u00e3o da C\u00e2mara de Limeira, segundo a <a href=\"https:\/\/consulta.limeira.sp.leg.br\/Sessoes\/Documento\/370819\" rel=\"noopener\">Ordem do Dia<\/a>. Tamb\u00e9m ser\u00e3o discutidos requerimentos e votadas mo\u00e7\u00f5es, durante o Expediente, per\u00edodo reservado \u00e0 leitura de todos os documentos protocolados na Casa.\u00a0 Os trabalhos podem ser acompanhados\u00a0 ao vivo pelos canais de comunica\u00e7\u00e3o do Legislativo no <a href=\"https:\/\/www.youtube.com\/user\/camaradelimeira\" rel=\"noopener\">Youtube<\/a>,<a href=\"https:\/\/www.facebook.com\/camaradelimeira\/\" rel=\"noopener\"> Facebook<\/a> e<a href=\"http:\/\/www.limeira.sp.leg.br\/sessoes\/aovivo\" rel=\"noopener\"> site<\/a>, e pela R\u00e1dio Limeira FM 106,9, a partir das 17h.\u00a0<\/p><p>Os mun\u00edcipes podem ainda conferir as sess\u00f5es de forma presencial. Temporariamente a C\u00e2mara est\u00e1 localizada na rua Clarino Peixoto, 280 &#8211; Jardim Maria Buchi Modeneis, devido \u00e0s obras de reforma e amplia\u00e7\u00e3o da sede. Para entrar no pr\u00e9dio basta se identificar na portaria e seguir at\u00e9 o \u00faltimo bloco.\u00a0 As orienta\u00e7\u00f5es para chegar ao novo endere\u00e7o est\u00e3o neste<a href=\"https:\/\/www.limeira.sp.leg.br\/noticias\/view\/2025-01-30_camara-de-limeira-funciona-em-novo-endereco-devido-obras-de-ampliacao-e-reforma\" rel=\"noopener\"> link<\/a>.\u00a0\u00a0\u00a0<\/p><p><strong>Confira os itens que v\u00e3o \u00e0 vota\u00e7\u00e3o:<\/strong><\/p><p><a href=\"http:\/\/consulta.limeira.sp.leg.br\/Documentos\/Documento\/283590\" rel=\"noopener\">Projeto de Lei N\u00ba 82\/2022<\/a>, do vereador Sidney Pascotto (PRTB), perpetua o nome de Eliete Olivia da Silva \u00e0 Rua Projetada 6, do loteamento Residencial Colinas do Engenho II.<\/p><p><a href=\"http:\/\/consulta.limeira.sp.leg.br\/Documentos\/Documento\/345385\" rel=\"noopener\">Projeto de Lei N\u00b0 62\/2024<\/a>, da vereadora Isabelly Carvalho (PT), acrescenta o Art.1-B \u00e0 <a href=\"http:\/\/legislacao.limeira.sp.leg.br\/Limeira-SP\/LeisOrdinarias\/2893-1998\" rel=\"noopener\">Lei N\u00b0 2.893\/1998<\/a>, alterada pela <a href=\"http:\/\/legislacao.limeira.sp.leg.br\/Limeira-SP\/LeisOrdinarias\/4646-2010\" rel=\"noopener\">Lei N\u00ba 4.646\/2010<\/a>, e estabelece a obrigatoriedade da instala\u00e7\u00e3o de placas informativas em obras paralisadas, contendo de forma resumida a exposi\u00e7\u00e3o dos motivos que levaram \u00e0 sua paralisa\u00e7\u00e3o, bem como, informa\u00e7\u00f5es acerca da previs\u00e3o de continuidade.<\/p><p><a href=\"https:\/\/consulta.limeira.sp.leg.br\/Documentos\/Documento\/351868\" rel=\"noopener\">Projeto de Lei N\u00ba 132\/2024<\/a>, da vereadora Mara Isa Mattos Silveira (PL), perpetua o nome do Luiz Carlos Corr\u00eaa da Silva na Pra\u00e7a Rotat\u00f3ria da Via Francisco D\u2019Andr\u00e9a, localizada no Bairro do Pisciteli.<\/p><p><a href=\"https:\/\/consulta.limeira.sp.leg.br\/Documentos\/Documento\/365614\" rel=\"noopener\">Projeto de Lei N\u00ba 9\/2025<\/a>, do vereador Nilton Santos (Republicanos), assegura aos usu\u00e1rios do sistema municipal de sa\u00fade, de forma gratuita, a disponibilidade de protocolo de internet Wi-Fi nas Unidades de Pronto Atendimento (UPAs), Unidades B\u00e1sicas de Sa\u00fade (UBSs), no Ambulat\u00f3rio de Sa\u00fade Mental e nos demais espa\u00e7os de atendimento \u00e0 sa\u00fade.\u00a0\u00a0\u00a0\u00a0<\/p><p><a href=\"https:\/\/consulta.limeira.sp.leg.br\/Documentos\/Documento\/365747\" rel=\"noopener\">Projeto de Lei N\u00ba 13\/2025<\/a>, do vereador Estev\u00e3o Nogueira (Avante), institui o M\u00eas da Empregabilidade no Calend\u00e1rio Oficial do Munic\u00edpio de Limeira, a ser realizado anualmente em maio.\u00a0<\/p><p><a href=\"https:\/\/consulta.limeira.sp.leg.br\/Documentos\/Documento\/367503\" rel=\"noopener\">Projeto de Lei N\u00ba 28\/2025<\/a>, do vereador Costa J\u00fanior (Podemos), disp\u00f5e sobre a obrigatoriedade de divulga\u00e7\u00e3o, no site oficial do Munic\u00edpio, de informa\u00e7\u00f5es sobre as a\u00e7\u00f5es de combate ao <i>Aedes aegypti<\/i>, particularmente nas regi\u00f5es com maior \u00edndice de casos de dengue e de doen\u00e7as causadas pelo v\u00edrus Zika.\u00a0\u00a0<\/p>\t\t\t\t<\/div>\r\n<br>\r\n<br><a href=\"https:\/\/www.limeira.sp.leg.br\/noticias\/view\/2025-03-21_vereadores-votam-seis-projetos-em-sessao-ordinaria-que-acontece-na-segundafeira-243\" rel=\"noopener\">Informa\u00e7\u00f5es CML <\/a>","protected":false},"excerpt":{"rendered":"<p>Seis projetos est\u00e3o pautados para vota\u00e7\u00e3o na pr\u00f3xima sess\u00e3o da C\u00e2mara de Limeira, segundo a Ordem do Dia. Tamb\u00e9m ser\u00e3o discutidos requerimentos e votadas mo\u00e7\u00f5es, durante o Expediente, per\u00edodo reservado \u00e0 leitura de todos os documentos protocolados na Casa.\u00a0 Os trabalhos podem ser acompanhados\u00a0 ao vivo pelos canais de comunica\u00e7\u00e3o do Legislativo no Youtube, Facebook [&hellip;]<\/p>\n","protected":false},"author":1,"featured_media":27632,"comment_status":"open","ping_status":"open","sticky":false,"template":"","format":"standard","meta":{"_jetpack_newsletter_access":"","_jetpack_dont_email_post_to_subs":false,"_jetpack_newsletter_tier_id":0,"_jetpack_memberships_contains_paywalled_content":false,"_mbp_banners":[],"_jetpack_feature_clip_id":0,"_jetpack_memberships_contains_paid_content":false,"footnotes":"","jetpack_publicize_message":"","jetpack_publicize_feature_enabled":true,"jetpack_social_post_already_shared":true,"jetpack_social_options":{"image_generator_settings":{"template":"highway","default_image_id":0,"font":"","enabled":false},"version":2},"jetpack_post_was_ever_published":false},"categories":[19],"tags":[],"class_list":["post-27631","post","type-post","status-publish","format-standard","has-post-thumbnail","category-politica"],"jetpack_publicize_connections":[],"jetpack-related-posts":[],"jetpack_shortlink":"https:\/\/wp.me\/p7Eq1F-7bF","jetpack_sharing_enabled":true,"jetpack_featured_media_url":"https:\/\/i0.wp.com\/guialimeira.com.br\/news\/wp-content\/uploads\/2025\/03\/Vereadores-votam-seis-projetos-em-sessao-ordinaria-que-acontece-na.jpg?fit=1280%2C640&ssl=1","_links":{"self":[{"href":"https:\/\/guialimeira.com.br\/news\/wp-json\/wp\/v2\/posts\/27631","targetHints":{"allow":["GET"]}}],"collection":[{"href":"https:\/\/guialimeira.com.br\/news\/wp-json\/wp\/v2\/posts"}],"about":[{"href":"https:\/\/guialimeira.com.br\/news\/wp-json\/wp\/v2\/types\/post"}],"author":[{"embeddable":true,"href":"https:\/\/guialimeira.com.br\/news\/wp-json\/wp\/v2\/users\/1"}],"replies":[{"embeddable":true,"href":"https:\/\/guialimeira.com.br\/news\/wp-json\/wp\/v2\/comments?post=27631"}],"version-history":[{"count":1,"href":"https:\/\/guialimeira.com.br\/news\/wp-json\/wp\/v2\/posts\/27631\/revisions"}],"predecessor-version":[{"id":27633,"href":"https:\/\/guialimeira.com.br\/news\/wp-json\/wp\/v2\/posts\/27631\/revisions\/27633"}],"wp:featuredmedia":[{"embeddable":true,"href":"https:\/\/guialimeira.com.br\/news\/wp-json\/wp\/v2\/media\/27632"}],"wp:attachment":[{"href":"https:\/\/guialimeira.com.br\/news\/wp-json\/wp\/v2\/media?parent=27631"}],"wp:term":[{"taxonomy":"category","embeddable":true,"href":"https:\/\/guialimeira.com.br\/news\/wp-json\/wp\/v2\/categories?post=27631"},{"taxonomy":"post_tag","embeddable":true,"href":"https:\/\/guialimeira.com.br\/news\/wp-json\/wp\/v2\/tags?post=27631"}],"curies":[{"name":"wp","href":"https:\/\/api.w.org\/{rel}","templated":true}]}}