{"id":27572,"date":"2025-03-20T19:54:45","date_gmt":"2025-03-20T22:54:45","guid":{"rendered":"https:\/\/guialimeira.com.br\/?p=27572"},"modified":"2025-03-20T19:54:45","modified_gmt":"2025-03-20T22:54:45","slug":"costa-junior-propoe-projeto-de-diretrizes-para-a-criacao-do-plano-municipal-de-atividades-esportivas","status":"publish","type":"post","link":"https:\/\/guialimeira.com.br\/news\/costa-junior-propoe-projeto-de-diretrizes-para-a-criacao-do-plano-municipal-de-atividades-esportivas\/","title":{"rendered":"Costa J\u00fanior prop\u00f5e projeto de diretrizes para a cria\u00e7\u00e3o do Plano Municipal de Atividades Esportivas"},"content":{"rendered":"\n<figure class=\"wp-block-gallery has-nested-images columns-default is-cropped wp-block-gallery-1 is-layout-flex wp-block-gallery-is-layout-flex\"><\/figure>\n \r\n<br><img data-recalc-dims=\"1\" decoding=\"async\" src=\"https:\/\/i0.wp.com\/guialimeira.com.br\/wp-content\/uploads\/2025\/03\/2025-03-20_costa-junior-propoe-projeto-de-diretrizes-para-a-criacao-do-plano-municipal-de-atividades.jpeg?w=696&#038;ssl=1\" \/><br><div>\n\t\t\t\t\t<p>O <a href=\"https:\/\/consulta.limeira.sp.leg.br\/Documentos\/Documento\/370563\" rel=\"noopener\">Projeto de Lei N\u00b044\/2025<\/a>, de autoria do vereador Costa J\u00fanior (Podemos) protocolado na ter\u00e7a-feira, 18 de mar\u00e7o, visa estabelecer diretrizes m\u00ednimas para a elabora\u00e7\u00e3o do Plano Municipal de Atividades Esportivas. A propositura prev\u00ea a\u00e7\u00f5es que garantem o acesso \u00e0 atividades f\u00edsicas para crian\u00e7as, adolescentes e idosos, com a finalidade de promover sa\u00fade, inclus\u00e3o social, desenvolvimento f\u00edsico e mental e a qualidade de vida desses grupos.<\/p><p>A cria\u00e7\u00e3o de um plano detalhado, com a\u00e7\u00f5es e metas espec\u00edficas para cada faixa et\u00e1ria, garantindo que todas as pessoas tenham a oportunidade de participar de atividades esportivas e recreativas, \u00e9 um dos objetivos do projeto.<\/p><p>&#8220;\u00c9 fundamental que a nossa cidade promova o esporte como ferramenta de inclus\u00e3o e sa\u00fade, atendendo tanto os jovens em fase de desenvolvimento, quanto os idosos, que tamb\u00e9m merecem atividades adaptadas \u00e0s suas necessidades&#8221;, destacou o autor.<\/p><p>A proposta tamb\u00e9m enfatiza a import\u00e2ncia da transpar\u00eancia e da divulga\u00e7\u00e3o, estabelecendo que o cronograma de execu\u00e7\u00e3o das a\u00e7\u00f5es seja disponibilizado de forma clara e acess\u00edvel no Portal de Transpar\u00eancia da Prefeitura de Limeira.<\/p><p>Costa J\u00fanior ainda afirmou que o projeto de lei n\u00e3o s\u00f3 objetiva aumentar o acesso \u00e0 pr\u00e1tica esportiva, mas tamb\u00e9m estabelece um compromisso da gest\u00e3o p\u00fablica em monitorar e divulgar as metas estabelecidas, proporcionando maior controle social e engajamento da popula\u00e7\u00e3o.<\/p><p><i>Do Gabinete Parlamentar \u2013 Vereador\u00a0 Vicente Soares da Costa Junior (Podemos)<\/i><\/p><p><i>*Fotos do Gabinete parlamentar<\/i><\/p><p><strong>As mat\u00e9rias de origem dos Gabinetes Parlamentares s\u00e3o de inteira\u00a0 responsabilidade dos parlamentares e de suas assessorias. S\u00e3o devidamente\u00a0<\/strong><\/p>\t\t\t\t<\/div>\r\n<br>\r\n<br><a href=\"https:\/\/www.limeira.sp.leg.br\/noticias\/view\/2025-03-20_costa-junior-propoe-projeto-de-diretrizes-para-a-criacao-do-plano-municipal-de-atividades-esportivas\" rel=\"noopener\">Informa\u00e7\u00f5es CML <\/a>","protected":false},"excerpt":{"rendered":"<p>O Projeto de Lei N\u00b044\/2025, de autoria do vereador Costa J\u00fanior (Podemos) protocolado na ter\u00e7a-feira, 18 de mar\u00e7o, visa estabelecer diretrizes m\u00ednimas para a elabora\u00e7\u00e3o do Plano Municipal de Atividades Esportivas. A propositura prev\u00ea a\u00e7\u00f5es que garantem o acesso \u00e0 atividades f\u00edsicas para crian\u00e7as, adolescentes e idosos, com a finalidade de promover sa\u00fade, inclus\u00e3o social, [&hellip;]<\/p>\n","protected":false},"author":1,"featured_media":27573,"comment_status":"open","ping_status":"open","sticky":false,"template":"","format":"standard","meta":{"_jetpack_newsletter_access":"","_jetpack_dont_email_post_to_subs":false,"_jetpack_newsletter_tier_id":0,"_jetpack_memberships_contains_paywalled_content":false,"_mbp_banners":[],"_jetpack_feature_clip_id":0,"_jetpack_memberships_contains_paid_content":false,"footnotes":"","jetpack_publicize_message":"","jetpack_publicize_feature_enabled":true,"jetpack_social_post_already_shared":true,"jetpack_social_options":{"image_generator_settings":{"template":"highway","default_image_id":0,"font":"","enabled":false},"version":2},"jetpack_post_was_ever_published":false},"categories":[19],"tags":[],"class_list":["post-27572","post","type-post","status-publish","format-standard","has-post-thumbnail","category-politica"],"jetpack_publicize_connections":[],"jetpack-related-posts":[],"jetpack_shortlink":"https:\/\/wp.me\/p7Eq1F-7aI","jetpack_sharing_enabled":true,"jetpack_featured_media_url":"https:\/\/i0.wp.com\/guialimeira.com.br\/news\/wp-content\/uploads\/2025\/03\/Costa-Junior-propoe-projeto-de-diretrizes-para-a-criacao-do.jpeg?fit=1280%2C640&ssl=1","_links":{"self":[{"href":"https:\/\/guialimeira.com.br\/news\/wp-json\/wp\/v2\/posts\/27572","targetHints":{"allow":["GET"]}}],"collection":[{"href":"https:\/\/guialimeira.com.br\/news\/wp-json\/wp\/v2\/posts"}],"about":[{"href":"https:\/\/guialimeira.com.br\/news\/wp-json\/wp\/v2\/types\/post"}],"author":[{"embeddable":true,"href":"https:\/\/guialimeira.com.br\/news\/wp-json\/wp\/v2\/users\/1"}],"replies":[{"embeddable":true,"href":"https:\/\/guialimeira.com.br\/news\/wp-json\/wp\/v2\/comments?post=27572"}],"version-history":[{"count":1,"href":"https:\/\/guialimeira.com.br\/news\/wp-json\/wp\/v2\/posts\/27572\/revisions"}],"predecessor-version":[{"id":27574,"href":"https:\/\/guialimeira.com.br\/news\/wp-json\/wp\/v2\/posts\/27572\/revisions\/27574"}],"wp:featuredmedia":[{"embeddable":true,"href":"https:\/\/guialimeira.com.br\/news\/wp-json\/wp\/v2\/media\/27573"}],"wp:attachment":[{"href":"https:\/\/guialimeira.com.br\/news\/wp-json\/wp\/v2\/media?parent=27572"}],"wp:term":[{"taxonomy":"category","embeddable":true,"href":"https:\/\/guialimeira.com.br\/news\/wp-json\/wp\/v2\/categories?post=27572"},{"taxonomy":"post_tag","embeddable":true,"href":"https:\/\/guialimeira.com.br\/news\/wp-json\/wp\/v2\/tags?post=27572"}],"curies":[{"name":"wp","href":"https:\/\/api.w.org\/{rel}","templated":true}]}}