{"id":27559,"date":"2025-03-20T18:53:39","date_gmt":"2025-03-20T21:53:39","guid":{"rendered":"https:\/\/guialimeira.com.br\/?p=27559"},"modified":"2025-03-20T18:53:39","modified_gmt":"2025-03-20T21:53:39","slug":"comissao-de-seguranca-publica-solicita-reuniao-com-o-prefeito-murilo-felix","status":"publish","type":"post","link":"https:\/\/guialimeira.com.br\/news\/comissao-de-seguranca-publica-solicita-reuniao-com-o-prefeito-murilo-felix\/","title":{"rendered":"Comiss\u00e3o de Seguran\u00e7a P\u00fablica solicita reuni\u00e3o com o prefeito Murilo F\u00e9lix"},"content":{"rendered":"\n<figure class=\"wp-block-gallery has-nested-images columns-default is-cropped wp-block-gallery-1 is-layout-flex wp-block-gallery-is-layout-flex\"><\/figure>\n \r\n<br><img data-recalc-dims=\"1\" decoding=\"async\" src=\"https:\/\/i0.wp.com\/guialimeira.com.br\/wp-content\/uploads\/2025\/03\/2025-03-20_comissao-de-seguranca-publica-solicita-reuniao-com-o-prefeito-murilo-felix_1.jpg?w=696&#038;ssl=1\" \/><br><div>\n\t\t\t\t\t<p>Nesta quinta-feira, 20 de mar\u00e7o, a Comiss\u00e3o de Seguran\u00e7a P\u00fablica da C\u00e2mara encaminhou of\u00edcio ao Executivo solicitando uma reuni\u00e3o com o prefeito Murilo F\u00e9lix. O objetivo \u00e9 discutir a viabilidade de um conv\u00eanio entre a Guarda Civil Municipal e a Pol\u00edcia Militar para promover a fiscaliza\u00e7\u00e3o dos alvar\u00e1s de funcionamento de estabelecimentos comerciais.<\/p><p>Tamb\u00e9m ser\u00e1 encaminhado of\u00edcio \u00e0 Prefeitura solicitando a lista de empresas que promovem a comercializa\u00e7\u00e3o de materiais reciclados e sucatas no munic\u00edpio. No documento dever\u00e3o constar os endere\u00e7os completos, informa\u00e7\u00f5es fiscais e alvar\u00e1s de funcionamento.<\/p><p>Outra delibera\u00e7\u00e3o do colegiado foi o cancelamento da <a href=\"https:\/\/www.limeira.sp.leg.br\/noticias\/view\/2025-02-20_comissao-agenda-reuniao-extraordinaria-com-forcas-de-seguranca-da-cidade\" rel=\"noopener\">reuni\u00e3o agendada para o dia 28 de mar\u00e7o<\/a>, na qual participariam as for\u00e7as de seguran\u00e7a da cidade. Os parlamentares estudam a possibilidade de realizar uma audi\u00eancia p\u00fablica sobre o tema posteriormente.<\/p><p>Fazem parte do colegiado os vereadores Costa J\u00fanior (Podemos), presidente; Felipe Penedo (PL), vice-presidente e Carlinhos do Grotta (PL), secret\u00e1rio. Todas as delibera\u00e7\u00f5es podem ser conferidas em <a href=\"https:\/\/consulta.limeira.sp.leg.br\/arquivo?Id=485336\" rel=\"noopener\">ata<\/a>.<\/p><p>A Comiss\u00e3o de Seguran\u00e7a P\u00fablica \u00e9 respons\u00e1vel por opinar sobre proposituras relativas \u00e0 \u00e1rea, bem como promover estudos e reuni\u00f5es sobre a criminalidade, a viol\u00eancia e a seguran\u00e7a p\u00fablica, propondo medidas necess\u00e1rias \u00e0 melhoria da preven\u00e7\u00e3o e prote\u00e7\u00e3o da comunidade; atuar junto \u00e0s esferas governamentais a fim de implementar pol\u00edticas de seguran\u00e7a p\u00fablica no Munic\u00edpio; e apresentar sugest\u00f5es para o aperfei\u00e7oamento da legisla\u00e7\u00e3o municipal pertinente \u00e0 seguran\u00e7a p\u00fablica.<\/p>\t\t\t\t<\/div>\r\n<br>\r\n<br><a href=\"https:\/\/www.limeira.sp.leg.br\/noticias\/view\/2025-03-20_comissao-de-seguranca-publica-solicita-reuniao-com-o-prefeito-murilo-felix\" rel=\"noopener\">Informa\u00e7\u00f5es CML <\/a>","protected":false},"excerpt":{"rendered":"<p>Nesta quinta-feira, 20 de mar\u00e7o, a Comiss\u00e3o de Seguran\u00e7a P\u00fablica da C\u00e2mara encaminhou of\u00edcio ao Executivo solicitando uma reuni\u00e3o com o prefeito Murilo F\u00e9lix. O objetivo \u00e9 discutir a viabilidade de um conv\u00eanio entre a Guarda Civil Municipal e a Pol\u00edcia Militar para promover a fiscaliza\u00e7\u00e3o dos alvar\u00e1s de funcionamento de estabelecimentos comerciais. Tamb\u00e9m ser\u00e1 [&hellip;]<\/p>\n","protected":false},"author":1,"featured_media":27560,"comment_status":"open","ping_status":"open","sticky":false,"template":"","format":"standard","meta":{"_jetpack_newsletter_access":"","_jetpack_dont_email_post_to_subs":false,"_jetpack_newsletter_tier_id":0,"_jetpack_memberships_contains_paywalled_content":false,"_mbp_banners":[],"_jetpack_feature_clip_id":0,"_jetpack_memberships_contains_paid_content":false,"footnotes":"","jetpack_publicize_message":"","jetpack_publicize_feature_enabled":true,"jetpack_social_post_already_shared":true,"jetpack_social_options":{"image_generator_settings":{"template":"highway","default_image_id":0,"font":"","enabled":false},"version":2},"jetpack_post_was_ever_published":false},"categories":[19],"tags":[],"class_list":["post-27559","post","type-post","status-publish","format-standard","has-post-thumbnail","category-politica"],"jetpack_publicize_connections":[],"jetpack-related-posts":[],"jetpack_shortlink":"https:\/\/wp.me\/p7Eq1F-7av","jetpack_sharing_enabled":true,"jetpack_featured_media_url":"https:\/\/i0.wp.com\/guialimeira.com.br\/news\/wp-content\/uploads\/2025\/03\/Comissao-de-Seguranca-Publica-solicita-reuniao-com-o-prefeito-Murilo.jpg?fit=1280%2C640&ssl=1","_links":{"self":[{"href":"https:\/\/guialimeira.com.br\/news\/wp-json\/wp\/v2\/posts\/27559","targetHints":{"allow":["GET"]}}],"collection":[{"href":"https:\/\/guialimeira.com.br\/news\/wp-json\/wp\/v2\/posts"}],"about":[{"href":"https:\/\/guialimeira.com.br\/news\/wp-json\/wp\/v2\/types\/post"}],"author":[{"embeddable":true,"href":"https:\/\/guialimeira.com.br\/news\/wp-json\/wp\/v2\/users\/1"}],"replies":[{"embeddable":true,"href":"https:\/\/guialimeira.com.br\/news\/wp-json\/wp\/v2\/comments?post=27559"}],"version-history":[{"count":1,"href":"https:\/\/guialimeira.com.br\/news\/wp-json\/wp\/v2\/posts\/27559\/revisions"}],"predecessor-version":[{"id":27561,"href":"https:\/\/guialimeira.com.br\/news\/wp-json\/wp\/v2\/posts\/27559\/revisions\/27561"}],"wp:featuredmedia":[{"embeddable":true,"href":"https:\/\/guialimeira.com.br\/news\/wp-json\/wp\/v2\/media\/27560"}],"wp:attachment":[{"href":"https:\/\/guialimeira.com.br\/news\/wp-json\/wp\/v2\/media?parent=27559"}],"wp:term":[{"taxonomy":"category","embeddable":true,"href":"https:\/\/guialimeira.com.br\/news\/wp-json\/wp\/v2\/categories?post=27559"},{"taxonomy":"post_tag","embeddable":true,"href":"https:\/\/guialimeira.com.br\/news\/wp-json\/wp\/v2\/tags?post=27559"}],"curies":[{"name":"wp","href":"https:\/\/api.w.org\/{rel}","templated":true}]}}