{"id":27548,"date":"2025-03-20T17:52:48","date_gmt":"2025-03-20T20:52:48","guid":{"rendered":"https:\/\/guialimeira.com.br\/?p=27548"},"modified":"2025-03-20T17:52:48","modified_gmt":"2025-03-20T20:52:48","slug":"atendimentos-psicossocial-e-as-pessoas-com-tea-foram-abordados-pela-comissao-de-saude","status":"publish","type":"post","link":"https:\/\/guialimeira.com.br\/news\/atendimentos-psicossocial-e-as-pessoas-com-tea-foram-abordados-pela-comissao-de-saude\/","title":{"rendered":"Atendimentos psicossocial e \u00e0s pessoas com TEA foram abordados pela Comiss\u00e3o de Sa\u00fade"},"content":{"rendered":"\n<figure class=\"wp-block-gallery has-nested-images columns-default is-cropped wp-block-gallery-1 is-layout-flex wp-block-gallery-is-layout-flex\"><\/figure>\n \r\n<br><img data-recalc-dims=\"1\" decoding=\"async\" src=\"https:\/\/i0.wp.com\/guialimeira.com.br\/wp-content\/uploads\/2025\/03\/2025-03-20_atendimentos-psicossocial-e-as-pessoas-com-tea-foram-abordados-pela-comissao-de-saude_1.j.jpeg?w=696&#038;ssl=1\" \/><br><div>\n\t\t\t\t\t<p>O funcionamento da Rede de Aten\u00e7\u00e3o Psicossocial do Munic\u00edpio (RAPS) e as pol\u00edticas de atendimento a pessoas com Transtorno do Espectro Autista (TEA) foram pautados na reuni\u00e3o da Comiss\u00e3o de Sa\u00fade desta quinta-feira, 20 de mar\u00e7o. A situa\u00e7\u00e3o dos estoques de medicamentos tamb\u00e9m foi abordada.\u00a0<\/p><p>Participaram da reuni\u00e3o, al\u00e9m dos membros da Comiss\u00e3o, os vereadores Dr. Marcelo Rossi (MDB), presidente; Z\u00e9 da Farm\u00e1cia (SD), vice-presidente e Elias Barbosa (PRTB), secret\u00e1rio; os representantes da Secretaria de Sa\u00fade, o secret\u00e1rio Alexandre Ferrari, a diretora de Aten\u00e7\u00e3o Secund\u00e1ria Andresa Medeiros e a gerente de Aten\u00e7\u00e3o Secund\u00e1ria Mayra Ara\u00fajo. Tamb\u00e9m acompanharam os trabalhos os vereadores Carlinhos do Grotta (PL), Jo\u00e3o Bano (SD) e Estev\u00e3o Nogueira (Avante).<\/p><p><strong>RAPS<\/strong><\/p><p>Mayra Ara\u00fajo fez uma apresenta\u00e7\u00e3o sobre a RAPS, rede de sa\u00fade voltada aos cuidados dos mun\u00edcipes com sofrimentos e transtornos mentais, inclusive aqueles com necessidades decorrentes do uso de \u00e1lcool e drogas.<\/p><p>Falou sobre os eixos estrat\u00e9gicos da rede e os entes que a comp\u00f5e, sendo eles o Centro de Atendimento Psicossocial \u00c1lcool e Drogas (Caps AD), Centro de Atendimento Psicossocial (Caps 2), Centro de Atendimento Psicossocial Infantojuvenil (Caps Ij), Centro de Terapias Integradas (CTI), Centro de Especializa\u00e7\u00e3o Municipal do Autista (Cema) e Ambulat\u00f3rio de Sa\u00fade Mental (ASM).<\/p><p>A gerente tamb\u00e9m relacionou os projetos futuros para a rede, como a cria\u00e7\u00e3o de um Caps AD III, Caps Ij 24 horas, Unidade de Acolhimento Adulto, e Grupo Condutor Municipal de Sa\u00fade Mental.<\/p><p>Alexandre Ferrari destacou que o servi\u00e7o \u00e9 t\u00e9cnico e profissional e que a rede atende cerca de dez mil pacientes por m\u00eas, aproximadamente 120 mil ao ano. \u201cGaranto que \u00e9 um servi\u00e7o muito bom, que poucas cidades tem na regi\u00e3o e poucas cidades atendem o n\u00famero de cidad\u00e3os que n\u00f3s atendemos\u201d, afirmou.\u00a0<\/p><p><strong>TEA<\/strong><\/p><p>O atendimento \u00e0s pessoas com TEA foi outro assunto pautado na reuni\u00e3o, o motivo foram apontamentos feitos por um mun\u00edcipe durante o uso da <a href=\"https:\/\/www.limeira.sp.leg.br\/noticias\/view\/2025-03-06_sessao-ordinaria-camara-de-limeira-aprova-dois-projetos-nesta-quintafeira-63\" rel=\"noopener\">Tribuna Livre da sess\u00e3o ordin\u00e1ria de 6 de mar\u00e7o<\/a>. Na ocasi\u00e3o, ele citou a <a href=\"https:\/\/legislacao.limeira.sp.leg.br\/Limeira-SP\/LeisOrdinarias\/6985-2024\" rel=\"noopener\">Lei N \u00ba 6985\/2024<\/a>, que determina que os estabelecimentos de ensino de Limeira substituam os sinais sonoros estridentes por sinais musicais. Segundo ele, ela n\u00e3o est\u00e1 sendo cumprida.<\/p><p>Sobre o tema, Alexandre Ferrari explicou que a Secretaria de Sa\u00fade apoia totalmente a iniciativa, mas que a compet\u00eancia para a substitui\u00e7\u00e3o dos sinais sonoros cabe \u00e0 Secretaria de Educa\u00e7\u00e3o, uma vez que \u00e9 a pasta respons\u00e1vel pelas institui\u00e7\u00f5es de ensino no munic\u00edpio.<\/p><p>Os parlamentares tamb\u00e9m questionaram se \u00e9 oferecido suporte \u00e0s fam\u00edlias de pessoas com TEA. Mayra informou que o trabalho \u00e9 realizado em conjunto com a Secretaria de Sa\u00fade, escola e demais ambientes pelos quais o autista passa. \u201cDentro do Cema n\u00f3s temos uma psic\u00f3loga que faz o atendimento exclusivo e conduz os grupos de fam\u00edlias, dando orienta\u00e7\u00f5es, tirando d\u00favidas, fazendo acolhimento. Em outros momentos a equipe tamb\u00e9m cria espa\u00e7os onde as fam\u00edlias s\u00e3o reunidas e s\u00e3o oferecidas orienta\u00e7\u00f5es, inclusive com a participa\u00e7\u00e3o do m\u00e9dico\u201d, disse. Ela frisou, ainda, que a fam\u00edlia \u00e9 uma unidade extremamente necess\u00e1ria para o suporte ao paciente e que se a fam\u00edlia n\u00e3o participa, n\u00e3o h\u00e1 melhora.\u00a0<\/p><p>Os representantes citaram dados sobre os atendimentos realizados no Cema, ao todo s\u00e3o 205 pacientes sendo atendidos, 61 diagnosticados aguardando atendimento e 150 em processo de avalia\u00e7\u00e3o aguardando diagn\u00f3stico.\u00a0<\/p><p>Outro questionamento foi sobre as obras do novo Cema, segundo o secret\u00e1rio o trabalho n\u00e3o foi interrompido ap\u00f3s a troca de gest\u00e3o e a reforma continua. Ele tamb\u00e9m disse que foi identificado um problema inesperado na estrutura do telhado e que foi necess\u00e1rio ajuste no contrato.\u00a0<\/p><p><strong>Medicamentos<\/strong><\/p><p>Sobre o estoque de medicamentos, os vereadores apontaram que receberam diversas reclama\u00e7\u00f5es de falta no in\u00edcio do ano. Alexandre disse que at\u00e9 a semana passada faltavam 31 itens da cesta de medicamentos do munic\u00edpio, composta por 278 produtos.<\/p><p>Segundo ele, essa semana o n\u00famero de medicamentos em falta passou a 21 e a previs\u00e3o \u00e9 de que amanh\u00e3 cheguem outros cinco medicamentos. \u201cQueremos at\u00e9 a semana que vem zerar isso\u201d, afirmou.<\/p><p>O secret\u00e1rio tamb\u00e9m explicou como funciona a compra dos medicamentos pela pasta hoje e que est\u00e3o sendo realizados estudos para implanta\u00e7\u00e3o de um novo modelo, com o objetivo de facilitar o processo e possivelmente baratear os custos. \u201cA ideia \u00e9 ter mecanismos para que n\u00e3o falte rem\u00e9dio\u201d.\u00a0<\/p><p><strong>A Comiss\u00e3o<\/strong><\/p><p>A Comiss\u00e3o de Sa\u00fade \u00e9 respons\u00e1vel por tratar e fiscalizar todos os assuntos relacionados a hospitais p\u00fablicos e privados que atendem pacientes do SUS, bem como manifestar-se sobre assuntos ligados \u00e0 vigil\u00e2ncia sanit\u00e1ria, epidemiol\u00f3gica e nutricional, al\u00e9m de elaborar campanhas e a\u00e7\u00f5es preventivas sobre sa\u00fade e controle de epidemias.\u00a0<\/p><p>Fazem parte do colegiado os vereadores Dr. Marcelo Rossi (MDB), presidente; Z\u00e9 da Farm\u00e1cia (SD), vice-presidente e Elias Barbosa (PRTB), secret\u00e1rio. Todas as delibera\u00e7\u00f5es foram registradas em <a href=\"https:\/\/consulta.limeira.sp.leg.br\/arquivo?Id=485249\" rel=\"noopener\">ata<\/a>.<\/p>\t\t\t\t<\/div>\r\n<br>\r\n<br><a href=\"https:\/\/www.limeira.sp.leg.br\/noticias\/view\/2025-03-20_atendimentos-psicossocial-e-as-pessoas-com-tea-foram-abordados-pela-comissao-de-saude\" rel=\"noopener\">Informa\u00e7\u00f5es CML <\/a>","protected":false},"excerpt":{"rendered":"<p>O funcionamento da Rede de Aten\u00e7\u00e3o Psicossocial do Munic\u00edpio (RAPS) e as pol\u00edticas de atendimento a pessoas com Transtorno do Espectro Autista (TEA) foram pautados na reuni\u00e3o da Comiss\u00e3o de Sa\u00fade desta quinta-feira, 20 de mar\u00e7o. A situa\u00e7\u00e3o dos estoques de medicamentos tamb\u00e9m foi abordada.\u00a0 Participaram da reuni\u00e3o, al\u00e9m dos membros da Comiss\u00e3o, os vereadores [&hellip;]<\/p>\n","protected":false},"author":1,"featured_media":27549,"comment_status":"open","ping_status":"open","sticky":false,"template":"","format":"standard","meta":{"_jetpack_newsletter_access":"","_jetpack_dont_email_post_to_subs":false,"_jetpack_newsletter_tier_id":0,"_jetpack_memberships_contains_paywalled_content":false,"_mbp_banners":[],"_jetpack_feature_clip_id":0,"_jetpack_memberships_contains_paid_content":false,"footnotes":"","jetpack_publicize_message":"","jetpack_publicize_feature_enabled":true,"jetpack_social_post_already_shared":true,"jetpack_social_options":{"image_generator_settings":{"template":"highway","default_image_id":0,"font":"","enabled":false},"version":2},"jetpack_post_was_ever_published":false},"categories":[19],"tags":[],"class_list":["post-27548","post","type-post","status-publish","format-standard","has-post-thumbnail","category-politica"],"jetpack_publicize_connections":[],"jetpack-related-posts":[],"jetpack_shortlink":"https:\/\/wp.me\/p7Eq1F-7ak","jetpack_sharing_enabled":true,"jetpack_featured_media_url":"https:\/\/i0.wp.com\/guialimeira.com.br\/news\/wp-content\/uploads\/2025\/03\/Atendimentos-psicossocial-e-as-pessoas-com-TEA-foram-abordados-pela.j.jpeg?fit=1280%2C640&ssl=1","_links":{"self":[{"href":"https:\/\/guialimeira.com.br\/news\/wp-json\/wp\/v2\/posts\/27548","targetHints":{"allow":["GET"]}}],"collection":[{"href":"https:\/\/guialimeira.com.br\/news\/wp-json\/wp\/v2\/posts"}],"about":[{"href":"https:\/\/guialimeira.com.br\/news\/wp-json\/wp\/v2\/types\/post"}],"author":[{"embeddable":true,"href":"https:\/\/guialimeira.com.br\/news\/wp-json\/wp\/v2\/users\/1"}],"replies":[{"embeddable":true,"href":"https:\/\/guialimeira.com.br\/news\/wp-json\/wp\/v2\/comments?post=27548"}],"version-history":[{"count":1,"href":"https:\/\/guialimeira.com.br\/news\/wp-json\/wp\/v2\/posts\/27548\/revisions"}],"predecessor-version":[{"id":27550,"href":"https:\/\/guialimeira.com.br\/news\/wp-json\/wp\/v2\/posts\/27548\/revisions\/27550"}],"wp:featuredmedia":[{"embeddable":true,"href":"https:\/\/guialimeira.com.br\/news\/wp-json\/wp\/v2\/media\/27549"}],"wp:attachment":[{"href":"https:\/\/guialimeira.com.br\/news\/wp-json\/wp\/v2\/media?parent=27548"}],"wp:term":[{"taxonomy":"category","embeddable":true,"href":"https:\/\/guialimeira.com.br\/news\/wp-json\/wp\/v2\/categories?post=27548"},{"taxonomy":"post_tag","embeddable":true,"href":"https:\/\/guialimeira.com.br\/news\/wp-json\/wp\/v2\/tags?post=27548"}],"curies":[{"name":"wp","href":"https:\/\/api.w.org\/{rel}","templated":true}]}}