{"id":27536,"date":"2025-03-20T17:14:53","date_gmt":"2025-03-20T20:14:53","guid":{"rendered":"https:\/\/guialimeira.com.br\/?p=27536"},"modified":"2025-03-20T17:14:55","modified_gmt":"2025-03-20T20:14:55","slug":"vereador-carlinhos-do-grotta-solicita-informacoes-sobre-manutencao-da-emeief-prof-jose-roberto-braz","status":"publish","type":"post","link":"https:\/\/guialimeira.com.br\/news\/vereador-carlinhos-do-grotta-solicita-informacoes-sobre-manutencao-da-emeief-prof-jose-roberto-braz\/","title":{"rendered":"Vereador Carlinhos do Grotta solicita informa\u00e7\u00f5es sobre manuten\u00e7\u00e3o da EMEIEF Prof. Jos\u00e9 Roberto Braz"},"content":{"rendered":"\n<p class=\"wp-block-paragraph\">O vereador <strong>Carlinhos do Grotta (PL)<\/strong> encaminhou um requerimento ao <strong>Poder Executivo<\/strong> solicitando informa\u00e7\u00f5es sobre a <strong>manuten\u00e7\u00e3o da EMEIEF Prof. Jos\u00e9 Roberto Braz<\/strong>, localizada no <strong>Jardim Ibirapuera, em Limeira<\/strong>. Ap\u00f3s receber reclama\u00e7\u00f5es de mun\u00edcipes e visitar a escola, o parlamentar constatou diversas <strong>irregularidades na infraestrutura<\/strong>, que comprometem a seguran\u00e7a e o bem-estar de alunos, professores e funcion\u00e1rios.<\/p>\n\n\n\n<h3 class=\"wp-block-heading\"><strong>Principais Pontos do Requerimento<\/strong><\/h3>\n\n\n\n<p class=\"wp-block-paragraph\">No documento, o vereador solicita esclarecimentos sobre:<\/p>\n\n\n\n<p class=\"wp-block-paragraph\">\ud83c\udfeb <strong>Existe um cronograma espec\u00edfico para a manuten\u00e7\u00e3o da escola?<\/strong><br>\ud83d\udd0c <strong>Qual o status do protocolo 42079\/21 referente \u00e0 reforma geral e adequa\u00e7\u00e3o da rede el\u00e9trica?<\/strong><br>\ud83d\udca7 <strong>Qual a situa\u00e7\u00e3o do protocolo 21620\/23 para a troca da caixa d\u2019\u00e1gua?<\/strong><br>\ud83d\udeb0 <strong>H\u00e1 um projeto para desmembramento da rede el\u00e9trica e da rede de \u00e1gua da escola estadual?<\/strong><br>\ud83c\udfa0 <strong>Existe previs\u00e3o para a implanta\u00e7\u00e3o de um parquinho?<\/strong><br>\ud83c\udfe0 <strong>Ser\u00e1 realizada a coloca\u00e7\u00e3o adequada de coberturas nos espa\u00e7os de atividades infantis?<\/strong><\/p>\n\n\n\n<h3 class=\"wp-block-heading\"><strong>Infraestrutura Prec\u00e1ria Exige A\u00e7\u00e3o Urgente<\/strong><\/h3>\n\n\n\n<p class=\"wp-block-paragraph\">Durante a visita, <strong>Carlinhos do Grotta<\/strong> identificou <strong>problemas cr\u00edticos na estrutura da escola<\/strong>, incluindo:<\/p>\n\n\n\n<p class=\"wp-block-paragraph\">\u26a0\ufe0f <strong>Parquinho deteriorado, necessitando de reforma imediata<\/strong><br>\u26a0\ufe0f <strong>Cobertura inadequada nas \u00e1reas de recrea\u00e7\u00e3o, expondo alunos e funcion\u00e1rios ao calor excessivo<\/strong><br>\u26a0\ufe0f <strong>Telhado do p\u00e1tio em m\u00e1s condi\u00e7\u00f5es, prejudicando o conforto t\u00e9rmico e a seguran\u00e7a<\/strong><br>\u26a0\ufe0f <strong>Rede el\u00e9trica comprometida, dificultando o funcionamento de aparelhos como ventiladores e ar-condicionado<\/strong><br>\u26a0\ufe0f <strong>Caixa d\u2019\u00e1gua precisando de troca urgente para garantir a qualidade da \u00e1gua consumida na escola<\/strong><\/p>\n\n\n\n<h3 class=\"wp-block-heading\"><strong>Compromisso com a Educa\u00e7\u00e3o e Infraestrutura Escolar<\/strong><\/h3>\n\n\n\n<p class=\"wp-block-paragraph\">A solicita\u00e7\u00e3o visa garantir a <strong>fiscaliza\u00e7\u00e3o efetiva<\/strong> dos servi\u00e7os p\u00fablicos, assegurando que os estudantes tenham um ambiente <strong>adequado, seguro e confort\u00e1vel<\/strong> para o aprendizado. O vereador <strong>Carlinhos do Grotta<\/strong> refor\u00e7a seu compromisso com a <strong>educa\u00e7\u00e3o e bem-estar das crian\u00e7as<\/strong>, cobrando provid\u00eancias para que os problemas sejam solucionados o quanto antes.<\/p>\n\n\n\n<p class=\"wp-block-paragraph\">\ud83d\udce2 <strong>Acompanhe as atualiza\u00e7\u00f5es e continue participando das melhorias da cidade!<\/strong><\/p>\n","protected":false},"excerpt":{"rendered":"<p>O vereador Carlinhos do Grotta (PL) encaminhou um requerimento ao Poder Executivo solicitando informa\u00e7\u00f5es sobre a manuten\u00e7\u00e3o da EMEIEF Prof. Jos\u00e9 Roberto Braz, localizada no Jardim Ibirapuera, em Limeira. Ap\u00f3s receber reclama\u00e7\u00f5es de mun\u00edcipes e visitar a escola, o parlamentar constatou diversas irregularidades na infraestrutura, que comprometem a seguran\u00e7a e o bem-estar de alunos, professores [&hellip;]<\/p>\n","protected":false},"author":1,"featured_media":27537,"comment_status":"open","ping_status":"open","sticky":false,"template":"","format":"standard","meta":{"_jetpack_newsletter_access":"","_jetpack_dont_email_post_to_subs":false,"_jetpack_newsletter_tier_id":0,"_jetpack_memberships_contains_paywalled_content":false,"_mbp_banners":[],"_jetpack_feature_clip_id":0,"_jetpack_memberships_contains_paid_content":false,"footnotes":"","jetpack_publicize_message":"","jetpack_publicize_feature_enabled":true,"jetpack_social_post_already_shared":true,"jetpack_social_options":{"image_generator_settings":{"template":"highway","default_image_id":0,"font":"","enabled":false},"version":2},"jetpack_post_was_ever_published":false},"categories":[19],"tags":[],"class_list":["post-27536","post","type-post","status-publish","format-standard","has-post-thumbnail","category-politica"],"jetpack_publicize_connections":[],"jetpack-related-posts":[],"jetpack_shortlink":"https:\/\/wp.me\/p7Eq1F-7a8","jetpack_sharing_enabled":true,"jetpack_featured_media_url":"https:\/\/i0.wp.com\/guialimeira.com.br\/news\/wp-content\/uploads\/2025\/03\/MANUTENCAO-NA-ESCOLA.png?fit=1200%2C600&ssl=1","_links":{"self":[{"href":"https:\/\/guialimeira.com.br\/news\/wp-json\/wp\/v2\/posts\/27536","targetHints":{"allow":["GET"]}}],"collection":[{"href":"https:\/\/guialimeira.com.br\/news\/wp-json\/wp\/v2\/posts"}],"about":[{"href":"https:\/\/guialimeira.com.br\/news\/wp-json\/wp\/v2\/types\/post"}],"author":[{"embeddable":true,"href":"https:\/\/guialimeira.com.br\/news\/wp-json\/wp\/v2\/users\/1"}],"replies":[{"embeddable":true,"href":"https:\/\/guialimeira.com.br\/news\/wp-json\/wp\/v2\/comments?post=27536"}],"version-history":[{"count":1,"href":"https:\/\/guialimeira.com.br\/news\/wp-json\/wp\/v2\/posts\/27536\/revisions"}],"predecessor-version":[{"id":27538,"href":"https:\/\/guialimeira.com.br\/news\/wp-json\/wp\/v2\/posts\/27536\/revisions\/27538"}],"wp:featuredmedia":[{"embeddable":true,"href":"https:\/\/guialimeira.com.br\/news\/wp-json\/wp\/v2\/media\/27537"}],"wp:attachment":[{"href":"https:\/\/guialimeira.com.br\/news\/wp-json\/wp\/v2\/media?parent=27536"}],"wp:term":[{"taxonomy":"category","embeddable":true,"href":"https:\/\/guialimeira.com.br\/news\/wp-json\/wp\/v2\/categories?post=27536"},{"taxonomy":"post_tag","embeddable":true,"href":"https:\/\/guialimeira.com.br\/news\/wp-json\/wp\/v2\/tags?post=27536"}],"curies":[{"name":"wp","href":"https:\/\/api.w.org\/{rel}","templated":true}]}}