{"id":27522,"date":"2025-03-20T16:51:59","date_gmt":"2025-03-20T19:51:59","guid":{"rendered":"https:\/\/guialimeira.com.br\/?p=27522"},"modified":"2025-03-20T16:51:59","modified_gmt":"2025-03-20T19:51:59","slug":"comissao-vai-vistoriar-inicio-da-reforma-do-centro-de-referencia-do-idoso","status":"publish","type":"post","link":"https:\/\/guialimeira.com.br\/news\/comissao-vai-vistoriar-inicio-da-reforma-do-centro-de-referencia-do-idoso\/","title":{"rendered":"Comiss\u00e3o vai vistoriar in\u00edcio da reforma do Centro de Refer\u00eancia do Idoso"},"content":{"rendered":"\n<figure class=\"wp-block-gallery has-nested-images columns-default is-cropped wp-block-gallery-1 is-layout-flex wp-block-gallery-is-layout-flex\"><\/figure>\n \r\n<br><img data-recalc-dims=\"1\" decoding=\"async\" src=\"https:\/\/i0.wp.com\/guialimeira.com.br\/wp-content\/uploads\/2025\/03\/2025-03-20_comissao-vai-vistoriar-inicio-da-reforma-do-centro-de-referencia-do-idoso_1.jpg?w=696&#038;ssl=1\" \/><br><div>\n\t\t\t\t\t<p>Uma dilig\u00eancia ao futuro Centro de Refer\u00eancia do Idoso foi agendada pela Comiss\u00e3o de Obras e Planejamento Urbano na reuni\u00e3o desta quinta-feira, 20 de mar\u00e7o. O objetivo \u00e9 conferir o andamento das obras que foram iniciadas nesta semana.<\/p><p>A reforma do Centro de Refer\u00eancia do Idoso foi anunciada pela Prefeitura no dia 12 de mar\u00e7o. Segundo <a href=\"https:\/\/www.limeira.sp.gov.br\/imprensa\/noticias\/ceprosom\/centro-do-idoso-sera-reformado-e-ampliado-obras-comecam-semana-que-vem\" rel=\"noopener\">not\u00edcia veiculada no site<\/a>, o projeto prev\u00ea \u00a0reparo de problemas estruturais, reforma da piscina e dos vesti\u00e1rios e constru\u00e7\u00e3o de \u00e1reas administrativas e de conviv\u00eancia.\u00a0<\/p><p>Quando estava em funcionamento, segundo o Executivo, o Centro foi inaugurado em 2006 e atendia cerca de 1.500 idosos por m\u00eas, com aulas de hidrogin\u00e1stica, nata\u00e7\u00e3o, Tai Chi Chuan, t\u00eanis de mesa e dan\u00e7a de sal\u00e3o. Al\u00e9m disso, funcionava como Centro de Conviv\u00eancia, realizando festas e eventos comemorativos. Em 2020 o atendimento no local foi encerrado e passou a ser alvo de furtos e depreda\u00e7\u00f5es.<\/p><p>Com o objetivo de verificar o in\u00edcio da reforma, a Comiss\u00e3o deliberou o agendamento de uma visita ao Centro de Refer\u00eancia do Idoso no dia 1\u00ba de abril. Para acompanhar a dilig\u00eancia, os parlamentares convidaram o secret\u00e1rio de Obras e Servi\u00e7os P\u00fablicos, Celso Gon\u00e7alves.<\/p><p>A Comiss\u00e3o de Obras e Planejamento Urbano \u00e9 respons\u00e1vel por temas como servi\u00e7os p\u00fablicos, uso, ocupa\u00e7\u00e3o e parcelamento do solo, e \u00e9 formada pelos vereadores Helder do T\u00e1xi (PSD), presidente; M\u00e1rcio do Estacionamento (DC), vice-presidente; e\u00a0 Jo\u00e3o Antunes Bano (SD), secret\u00e1rio. As reuni\u00f5es ordin\u00e1rias do colegiado acontecem \u00e0s quintas-feiras, a partir das 13h30.<\/p><p>Fazem parte do colegiado os vereadores Helder do T\u00e1xi (PSD), presidente; M\u00e1rcio do Estacionamento (DC), vice-presidente; e\u00a0 Jo\u00e3o Antunes Bano (SD), secret\u00e1rio. Todas as delibera\u00e7\u00f5es foram registradas em <a href=\"https:\/\/consulta.limeira.sp.leg.br\/arquivo?Id=485274\" rel=\"noopener\">ata.<\/a><\/p>\t\t\t\t<\/div>\r\n<br>\r\n<br><a href=\"https:\/\/www.limeira.sp.leg.br\/noticias\/view\/2025-03-20_comissao-vai-vistoriar-inicio-da-reforma-do-centro-de-referencia-do-idoso\" rel=\"noopener\">Informa\u00e7\u00f5es CML <\/a>","protected":false},"excerpt":{"rendered":"<p>Uma dilig\u00eancia ao futuro Centro de Refer\u00eancia do Idoso foi agendada pela Comiss\u00e3o de Obras e Planejamento Urbano na reuni\u00e3o desta quinta-feira, 20 de mar\u00e7o. O objetivo \u00e9 conferir o andamento das obras que foram iniciadas nesta semana. A reforma do Centro de Refer\u00eancia do Idoso foi anunciada pela Prefeitura no dia 12 de mar\u00e7o. [&hellip;]<\/p>\n","protected":false},"author":1,"featured_media":27523,"comment_status":"open","ping_status":"open","sticky":false,"template":"","format":"standard","meta":{"_jetpack_newsletter_access":"","_jetpack_dont_email_post_to_subs":false,"_jetpack_newsletter_tier_id":0,"_jetpack_memberships_contains_paywalled_content":false,"_mbp_banners":[],"_jetpack_feature_clip_id":0,"_jetpack_memberships_contains_paid_content":false,"footnotes":"","jetpack_publicize_message":"","jetpack_publicize_feature_enabled":true,"jetpack_social_post_already_shared":true,"jetpack_social_options":{"image_generator_settings":{"template":"highway","default_image_id":0,"font":"","enabled":false},"version":2},"jetpack_post_was_ever_published":false},"categories":[19],"tags":[],"class_list":["post-27522","post","type-post","status-publish","format-standard","has-post-thumbnail","category-politica"],"jetpack_publicize_connections":[],"jetpack-related-posts":[],"jetpack_shortlink":"https:\/\/wp.me\/p7Eq1F-79U","jetpack_sharing_enabled":true,"jetpack_featured_media_url":"https:\/\/i0.wp.com\/guialimeira.com.br\/news\/wp-content\/uploads\/2025\/03\/Comissao-vai-vistoriar-inicio-da-reforma-do-Centro-de-Referencia.jpg?fit=1280%2C640&ssl=1","_links":{"self":[{"href":"https:\/\/guialimeira.com.br\/news\/wp-json\/wp\/v2\/posts\/27522","targetHints":{"allow":["GET"]}}],"collection":[{"href":"https:\/\/guialimeira.com.br\/news\/wp-json\/wp\/v2\/posts"}],"about":[{"href":"https:\/\/guialimeira.com.br\/news\/wp-json\/wp\/v2\/types\/post"}],"author":[{"embeddable":true,"href":"https:\/\/guialimeira.com.br\/news\/wp-json\/wp\/v2\/users\/1"}],"replies":[{"embeddable":true,"href":"https:\/\/guialimeira.com.br\/news\/wp-json\/wp\/v2\/comments?post=27522"}],"version-history":[{"count":1,"href":"https:\/\/guialimeira.com.br\/news\/wp-json\/wp\/v2\/posts\/27522\/revisions"}],"predecessor-version":[{"id":27524,"href":"https:\/\/guialimeira.com.br\/news\/wp-json\/wp\/v2\/posts\/27522\/revisions\/27524"}],"wp:featuredmedia":[{"embeddable":true,"href":"https:\/\/guialimeira.com.br\/news\/wp-json\/wp\/v2\/media\/27523"}],"wp:attachment":[{"href":"https:\/\/guialimeira.com.br\/news\/wp-json\/wp\/v2\/media?parent=27522"}],"wp:term":[{"taxonomy":"category","embeddable":true,"href":"https:\/\/guialimeira.com.br\/news\/wp-json\/wp\/v2\/categories?post=27522"},{"taxonomy":"post_tag","embeddable":true,"href":"https:\/\/guialimeira.com.br\/news\/wp-json\/wp\/v2\/tags?post=27522"}],"curies":[{"name":"wp","href":"https:\/\/api.w.org\/{rel}","templated":true}]}}