{"id":27515,"date":"2025-03-20T16:46:06","date_gmt":"2025-03-20T19:46:06","guid":{"rendered":"https:\/\/guialimeira.com.br\/?p=27515"},"modified":"2025-03-20T16:46:08","modified_gmt":"2025-03-20T19:46:08","slug":"vereadora-tatiane-lopes-cobra-informacoes-sobre-o-trailer-castramovel-em-limeira","status":"publish","type":"post","link":"https:\/\/guialimeira.com.br\/news\/vereadora-tatiane-lopes-cobra-informacoes-sobre-o-trailer-castramovel-em-limeira\/","title":{"rendered":"Vereadora Tatiane Lopes cobra informa\u00e7\u00f5es sobre o trailer castram\u00f3vel em Limeira"},"content":{"rendered":"\n<p class=\"wp-block-paragraph\">A vereadora <strong>Tatiane Lopes (Avante)<\/strong> apresentou um requerimento ao <strong>Poder Executivo<\/strong> solicitando esclarecimentos sobre o atendimento do <strong>programa Bem-Estar Animal nos bairros<\/strong>, realizado por meio do <strong>trailer castram\u00f3vel<\/strong>. A parlamentar busca informa\u00e7\u00f5es sobre o funcionamento do servi\u00e7o e os entraves que impedem sua plena opera\u00e7\u00e3o.<\/p>\n\n\n\n<h3 class=\"wp-block-heading\"><strong>Principais Questionamentos<\/strong><\/h3>\n\n\n\n<p class=\"wp-block-paragraph\">Dentre os pontos levantados, a vereadora questiona:<\/p>\n\n\n\n<p class=\"wp-block-paragraph\">\ud83d\udc3e <strong>Qual a programa\u00e7\u00e3o do \u201cBem-Estar Animal nos Bairros\u201d para 2025?<\/strong><br>\ud83d\udc3e <strong>Existe a inten\u00e7\u00e3o de ampliar o programa de atendimento veterin\u00e1rio?<\/strong><br>\ud83d\udc3e <strong>Como est\u00e1 o andamento da compra dos itens licitados para viabilizar as cirurgias de castra\u00e7\u00e3o?<\/strong><br>\ud83d\udc3e <strong>Qual a previs\u00e3o para que o trailer esteja totalmente equipado?<\/strong><br>\ud83d\udc3e <strong>Quando o castram\u00f3vel come\u00e7ar\u00e1 a realizar os procedimentos de castra\u00e7\u00e3o?<\/strong><\/p>\n\n\n\n<h3 class=\"wp-block-heading\"><strong>Justificativa do Requerimento<\/strong><\/h3>\n\n\n\n<p class=\"wp-block-paragraph\">A <strong>castra\u00e7\u00e3o animal<\/strong> \u00e9 uma das principais ferramentas para o <strong>controle populacional<\/strong>, preven\u00e7\u00e3o de doen\u00e7as e promo\u00e7\u00e3o do <strong>bem-estar animal<\/strong>.<\/p>\n\n\n\n<p class=\"wp-block-paragraph\">\ud83d\udc36\ud83d\udc31 Em 2019, ainda como mun\u00edcipe, <strong>Tatiane Lopes<\/strong> viabilizou uma <strong>verba federal<\/strong> para a compra do <strong>trailer castram\u00f3vel<\/strong> para Limeira. O ve\u00edculo chegou \u00e0 cidade em 2020, mas <strong>at\u00e9 hoje n\u00e3o foi utilizado para o seu verdadeiro prop\u00f3sito<\/strong>.<\/p>\n\n\n\n<p class=\"wp-block-paragraph\">Com a demora na implementa\u00e7\u00e3o, a vereadora refor\u00e7a a necessidade de obter respostas concretas para <strong>tra\u00e7ar estrat\u00e9gias emergenciais<\/strong> e garantir que o equipamento seja utilizado <strong>o quanto antes<\/strong>.<\/p>\n\n\n\n<h3 class=\"wp-block-heading\"><strong>Compromisso com a Causa Animal<\/strong><\/h3>\n\n\n\n<p class=\"wp-block-paragraph\">A vereadora Tatiane Lopes reafirma seu compromisso com a <strong>prote\u00e7\u00e3o e o bem-estar dos animais<\/strong> e seguir\u00e1 cobrando a\u00e7\u00f5es efetivas para que o <strong>castram\u00f3vel entre em opera\u00e7\u00e3o<\/strong> e atenda a popula\u00e7\u00e3o limeirense.<\/p>\n\n\n\n<p class=\"wp-block-paragraph\">\ud83d\udce2 <strong>Acompanhe as atualiza\u00e7\u00f5es e fique por dentro das a\u00e7\u00f5es da vereadora Tatiane Lopes!<\/strong><\/p>\n","protected":false},"excerpt":{"rendered":"<p>A vereadora Tatiane Lopes (Avante) apresentou um requerimento ao Poder Executivo solicitando esclarecimentos sobre o atendimento do programa Bem-Estar Animal nos bairros, realizado por meio do trailer castram\u00f3vel. A parlamentar busca informa\u00e7\u00f5es sobre o funcionamento do servi\u00e7o e os entraves que impedem sua plena opera\u00e7\u00e3o. Principais Questionamentos Dentre os pontos levantados, a vereadora questiona: \ud83d\udc3e [&hellip;]<\/p>\n","protected":false},"author":1,"featured_media":26028,"comment_status":"open","ping_status":"open","sticky":false,"template":"","format":"standard","meta":{"_jetpack_newsletter_access":"","_jetpack_dont_email_post_to_subs":false,"_jetpack_newsletter_tier_id":0,"_jetpack_memberships_contains_paywalled_content":false,"_mbp_banners":[],"_jetpack_feature_clip_id":0,"_jetpack_memberships_contains_paid_content":false,"footnotes":"","jetpack_publicize_message":"","jetpack_publicize_feature_enabled":true,"jetpack_social_post_already_shared":true,"jetpack_social_options":{"image_generator_settings":{"template":"highway","default_image_id":0,"font":"","enabled":false},"version":2},"jetpack_post_was_ever_published":false},"categories":[19],"tags":[],"class_list":["post-27515","post","type-post","status-publish","format-standard","has-post-thumbnail","category-politica"],"jetpack_publicize_connections":[],"jetpack-related-posts":[],"jetpack_shortlink":"https:\/\/wp.me\/p7Eq1F-79N","jetpack_sharing_enabled":true,"jetpack_featured_media_url":"https:\/\/i0.wp.com\/guialimeira.com.br\/news\/wp-content\/uploads\/2025\/03\/2025-03-07_tatiane-lopes-indica-ao-executivo-acoes-que-versam-sobre-a-responsabilidade-de-tutores-de.jpeg?fit=1280%2C640&ssl=1","_links":{"self":[{"href":"https:\/\/guialimeira.com.br\/news\/wp-json\/wp\/v2\/posts\/27515","targetHints":{"allow":["GET"]}}],"collection":[{"href":"https:\/\/guialimeira.com.br\/news\/wp-json\/wp\/v2\/posts"}],"about":[{"href":"https:\/\/guialimeira.com.br\/news\/wp-json\/wp\/v2\/types\/post"}],"author":[{"embeddable":true,"href":"https:\/\/guialimeira.com.br\/news\/wp-json\/wp\/v2\/users\/1"}],"replies":[{"embeddable":true,"href":"https:\/\/guialimeira.com.br\/news\/wp-json\/wp\/v2\/comments?post=27515"}],"version-history":[{"count":1,"href":"https:\/\/guialimeira.com.br\/news\/wp-json\/wp\/v2\/posts\/27515\/revisions"}],"predecessor-version":[{"id":27516,"href":"https:\/\/guialimeira.com.br\/news\/wp-json\/wp\/v2\/posts\/27515\/revisions\/27516"}],"wp:featuredmedia":[{"embeddable":true,"href":"https:\/\/guialimeira.com.br\/news\/wp-json\/wp\/v2\/media\/26028"}],"wp:attachment":[{"href":"https:\/\/guialimeira.com.br\/news\/wp-json\/wp\/v2\/media?parent=27515"}],"wp:term":[{"taxonomy":"category","embeddable":true,"href":"https:\/\/guialimeira.com.br\/news\/wp-json\/wp\/v2\/categories?post=27515"},{"taxonomy":"post_tag","embeddable":true,"href":"https:\/\/guialimeira.com.br\/news\/wp-json\/wp\/v2\/tags?post=27515"}],"curies":[{"name":"wp","href":"https:\/\/api.w.org\/{rel}","templated":true}]}}