{"id":2751,"date":"2024-04-25T12:17:52","date_gmt":"2024-04-25T15:17:52","guid":{"rendered":"https:\/\/guialimeira.com.br\/2024\/04\/25\/casa-na-vila-rocha-recebe-acao-de-limpeza-compulsoria\/"},"modified":"2024-04-25T12:17:52","modified_gmt":"2024-04-25T15:17:52","slug":"casa-na-vila-rocha-recebe-acao-de-limpeza-compulsoria","status":"publish","type":"post","link":"https:\/\/guialimeira.com.br\/news\/casa-na-vila-rocha-recebe-acao-de-limpeza-compulsoria\/","title":{"rendered":"Casa na Vila Rocha recebe a\u00e7\u00e3o de limpeza compuls\u00f3ria"},"content":{"rendered":"<p> <br \/>\n<\/p>\n<div>\n            <main class=\"\">&#13;<br \/>\n                &#13;<br \/>\n&#13;<br \/>\n&#13;<br \/>\n&#13;<br \/>\n    <img data-recalc-dims=\"1\" decoding=\"async\" src=\"https:\/\/i0.wp.com\/ecrie.com.br\/sistema\/conteudos\/imagem\/m_137_0_1_25042024113121.jpg?w=696&#038;ssl=1\" alt=\"Casa na Vila Rocha recebe a\u00e7\u00e3o de limpeza compuls\u00f3ria\"\/>&#13;<br \/>\n&#13;<\/p>\n<p>A Prefeitura de Limeira promoveu na manh\u00e3 desta quinta-feira (25) mais uma limpeza compuls\u00f3ria, em im\u00f3vel no bairro Vila Rocha. O local, uma casa, abrigava lixo, entulho e pneus, entre outros itens acumulados a c\u00e9u aberto. A a\u00e7\u00e3o contou com o envolvimento da Divis\u00e3o de Controle de Zoonoses, Secretaria de Obras e Servi\u00e7os P\u00fablicos, Divis\u00e3o de Vigil\u00e2ncia Sanit\u00e1ria (Visa) e Guarda Civil Municipal (GCM). Uma retroescavadeira e um caminh\u00e3o fizeram a remo\u00e7\u00e3o e o transporte dos inserv\u00edveis ao Aterro Sanit\u00e1rio. \u00a0<\/p>\n<p>&#13;<\/p>\n<p>Foram identificadas larvas de mosquito, que ser\u00e3o analisadas para verifica\u00e7\u00e3o de compatibilidade ao Aedes aegypti &#8211; mosquito transmissor da dengue, zika e chikungunya. Um relat\u00f3rio completo sobre a situa\u00e7\u00e3o do im\u00f3vel ser\u00e1 encaminhado \u00e0 Visa, que por sua vez, arbitrar\u00e1 o valor da multa por risco \u00e0 sa\u00fade p\u00fablica.<\/p>\n<p>&#13;<\/p>\n<p>Den\u00fancias\u00a0dessa natureza\u00a0podem ser\u00a0enviadas\u00a0\u00e0 prefeitura\u00a0pelo aplicativo e-Ouve ou pela plataforma 156. \u00a0<\/p>\n<p>&#13;<\/p>\n<p>\u00a0<\/p>\n<p>&#13;<br \/>\n&#13;<br \/>\n&#13;<br \/>\n&#13;<\/p>\n<aside class=\"list-related no-print\">&#13;<br \/>\n        &#13;<br \/>\n&#13;<\/p>\n<article class=\"list-item noticias \">&#13;<br \/>\n                    <a class=\"list-item__img\" href=\"https:\/\/limeira.sp.gov.br\/imprensa\/noticias\/meio-ambiente-e-agricultura\/dpbea-nos-bairros-sera-suspenso-amanha-24-atendimento-retorna-na-sexta-26\" tabindex=\"-1\" aria-hidden=\"true\" rel=\"noopener\">&#13;<br \/>\n                        <img data-recalc-dims=\"1\" decoding=\"async\" src=\"https:\/\/i0.wp.com\/ecrie.com.br\/sistema\/conteudos\/imagem\/m_137_0_1_05032024140350.jpeg?w=696&#038;ssl=1\" alt=\"\u201cDpbea nos Bairros\u201d ser\u00e1 suspenso amanh\u00e3 (24); atendimento retorna na sexta (26)\"\/>&#13;<br \/>\n                    <\/a>&#13;<br \/>\n&#13;<br \/>\n                &#13;<br \/>\n            <\/article>\n<p>&#13;<\/p>\n<article class=\"list-item noticias \">&#13;<br \/>\n                    <a class=\"list-item__img\" href=\"https:\/\/limeira.sp.gov.br\/imprensa\/noticias\/meio-ambiente-e-agricultura\/comerciantes-aprovam-feira-livre-noturna-proxima-edicao-e-nesta-terca-23\" tabindex=\"-1\" aria-hidden=\"true\" rel=\"noopener\">&#13;<br \/>\n                        <img data-recalc-dims=\"1\" decoding=\"async\" src=\"https:\/\/i0.wp.com\/ecrie.com.br\/sistema\/conteudos\/imagem\/m_137_0_1_22042024162229.jpg?w=696&#038;ssl=1\" alt=\"Comerciantes aprovam Feira Livre Noturna; pr\u00f3xima edi\u00e7\u00e3o \u00e9 nesta ter\u00e7a (23)\"\/>&#13;<br \/>\n                    <\/a>&#13;<br \/>\n&#13;<br \/>\n                &#13;<br \/>\n            <\/article>\n<p>&#13;<\/p>\n<article class=\"list-item noticias \">&#13;<br \/>\n                    <a class=\"list-item__img\" href=\"https:\/\/limeira.sp.gov.br\/imprensa\/noticias\/meio-ambiente-e-agricultura\/publico-atendido-pela-alicc-visita-viveiro-de-mudas-e-conhece-processo-de-producao-de-mudas\" tabindex=\"-1\" aria-hidden=\"true\" rel=\"noopener\">&#13;<br \/>\n                        <img data-recalc-dims=\"1\" decoding=\"async\" src=\"https:\/\/i0.wp.com\/ecrie.com.br\/sistema\/conteudos\/imagem\/m_137_0_1_22042024122756.jpg?w=696&#038;ssl=1\" alt=\"P\u00fablico atendido pela Alicc visita Viveiro de Mudas e conhece processo de produ\u00e7\u00e3o de mudas\"\/>&#13;<br \/>\n                    <\/a>&#13;<br \/>\n&#13;<br \/>\n                &#13;<br \/>\n            <\/article>\n<p>&#13;<br \/>\n    <\/aside>\n<p>&#13;<br \/>\n&#13;<br \/>\n            <\/main><\/p><\/div>\n<p><br \/>\n<br \/><a href=\"https:\/\/limeira.sp.gov.br\/casa-na-vila-rocha-recebe-acao-de-limpeza-compulsoria\" rel=\"noopener\">Informa\u00e7\u00f5es da PML <\/a><\/p>\n","protected":false},"excerpt":{"rendered":"<p>&#13; &#13; &#13; &#13; &#13; &#13; &#13; A Prefeitura de Limeira promoveu na manh\u00e3 desta quinta-feira (25) mais uma limpeza compuls\u00f3ria, em im\u00f3vel no bairro Vila Rocha. O local, uma casa, abrigava lixo, entulho e pneus, entre outros itens acumulados a c\u00e9u aberto. A a\u00e7\u00e3o contou com o envolvimento da Divis\u00e3o de Controle de Zoonoses, [&hellip;]<\/p>\n","protected":false},"author":1,"featured_media":2752,"comment_status":"open","ping_status":"open","sticky":false,"template":"","format":"standard","meta":{"_jetpack_newsletter_access":"","_jetpack_dont_email_post_to_subs":false,"_jetpack_newsletter_tier_id":0,"_jetpack_memberships_contains_paywalled_content":false,"_mbp_banners":[],"_jetpack_feature_clip_id":0,"_jetpack_memberships_contains_paid_content":false,"footnotes":"","jetpack_publicize_message":"","jetpack_publicize_feature_enabled":true,"jetpack_social_post_already_shared":true,"jetpack_social_options":{"image_generator_settings":{"template":"highway","default_image_id":0,"font":"","enabled":false},"version":2},"jetpack_post_was_ever_published":false},"categories":[16],"tags":[],"class_list":["post-2751","post","type-post","status-publish","format-standard","has-post-thumbnail","category-local"],"jetpack_publicize_connections":[],"jetpack-related-posts":[],"jetpack_shortlink":"https:\/\/wp.me\/p7Eq1F-In","jetpack_sharing_enabled":true,"jetpack_featured_media_url":"https:\/\/i0.wp.com\/guialimeira.com.br\/news\/wp-content\/uploads\/2024\/04\/m_137_0_1_25042024113121.jpg?fit=1280%2C720&ssl=1","_links":{"self":[{"href":"https:\/\/guialimeira.com.br\/news\/wp-json\/wp\/v2\/posts\/2751","targetHints":{"allow":["GET"]}}],"collection":[{"href":"https:\/\/guialimeira.com.br\/news\/wp-json\/wp\/v2\/posts"}],"about":[{"href":"https:\/\/guialimeira.com.br\/news\/wp-json\/wp\/v2\/types\/post"}],"author":[{"embeddable":true,"href":"https:\/\/guialimeira.com.br\/news\/wp-json\/wp\/v2\/users\/1"}],"replies":[{"embeddable":true,"href":"https:\/\/guialimeira.com.br\/news\/wp-json\/wp\/v2\/comments?post=2751"}],"version-history":[{"count":0,"href":"https:\/\/guialimeira.com.br\/news\/wp-json\/wp\/v2\/posts\/2751\/revisions"}],"wp:featuredmedia":[{"embeddable":true,"href":"https:\/\/guialimeira.com.br\/news\/wp-json\/wp\/v2\/media\/2752"}],"wp:attachment":[{"href":"https:\/\/guialimeira.com.br\/news\/wp-json\/wp\/v2\/media?parent=2751"}],"wp:term":[{"taxonomy":"category","embeddable":true,"href":"https:\/\/guialimeira.com.br\/news\/wp-json\/wp\/v2\/categories?post=2751"},{"taxonomy":"post_tag","embeddable":true,"href":"https:\/\/guialimeira.com.br\/news\/wp-json\/wp\/v2\/tags?post=2751"}],"curies":[{"name":"wp","href":"https:\/\/api.w.org\/{rel}","templated":true}]}}