{"id":27477,"date":"2025-03-20T11:46:04","date_gmt":"2025-03-20T14:46:04","guid":{"rendered":"https:\/\/guialimeira.com.br\/?p=27477"},"modified":"2025-03-20T11:46:04","modified_gmt":"2025-03-20T14:46:04","slug":"comissao-de-esporte-convida-secretaria-de-administracao-para-reuniao-dia-27-de-marco","status":"publish","type":"post","link":"https:\/\/guialimeira.com.br\/news\/comissao-de-esporte-convida-secretaria-de-administracao-para-reuniao-dia-27-de-marco\/","title":{"rendered":"Comiss\u00e3o de Esporte convida secret\u00e1ria de Administra\u00e7\u00e3o para reuni\u00e3o dia 27 de mar\u00e7o"},"content":{"rendered":"\n<figure class=\"wp-block-gallery has-nested-images columns-default is-cropped wp-block-gallery-1 is-layout-flex wp-block-gallery-is-layout-flex\"><\/figure>\n \r\n<br><img data-recalc-dims=\"1\" decoding=\"async\" src=\"https:\/\/i0.wp.com\/guialimeira.com.br\/wp-content\/uploads\/2025\/03\/2025-03-20_comissao-de-esporte-convida-secretaria-de-administracao-para-reuniao-dia-27-de-marco_1.jp.jpeg?w=696&#038;ssl=1\" \/><br><div>\n\t\t\t\t\t<p>A Comiss\u00e3o de Esporte, Cultura e Lazer da C\u00e2mara deliberou pelo convite \u00e0\u00a0 secret\u00e1ria de Administra\u00e7\u00e3o da Prefeitura para tratar sobre o cargo de coordenador dos centros comunit\u00e1rios. A reuni\u00e3o foi agendada para o dia 27 de mar\u00e7o.\u00a0<\/p><p>O colegiado busca solu\u00e7\u00f5es para melhorar o atendimento dos centros comunit\u00e1rios da cidade. Para tanto, realizou <a href=\"https:\/\/www.limeira.sp.leg.br\/noticias\/view\/2025-02-21_comissoes-de-esporte-e-de-seguranca-fazem-diligencia-no-centro-comunitario-do-parque-hipolito\" rel=\"noopener\">visita<\/a> e reuni\u00f5es sobre o tema. No trabalho realizado at\u00e9 o momento, um dos principais problemas identificados foi a falta de seguran\u00e7a.<\/p><p>Na \u00faltima reuni\u00e3o da Comiss\u00e3o, <a href=\"https:\/\/www.limeira.sp.leg.br\/noticias\/view\/2025-03-13_centros-comunitarios-comissao-de-esportes-debate-funcionamento-em-reuniao-intersetorial\" rel=\"noopener\">no dia 13 de mar\u00e7o<\/a>, a falta de um profissional para cuidar especificamente da coordena\u00e7\u00e3o dos centros comunit\u00e1rios foi apontada como uma dificuldade, tanto pelos representantes das secretarias de Seguran\u00e7a P\u00fablica e de Esporte, como do Centro de Promo\u00e7\u00e3o Social.\u00a0<\/p><p>De acordo com os representantes, o coordenador poderia fazer a ponte entre as secretarias e seria pe\u00e7a fundamental para contactar a Guarda Civil Municipal, ou mesmo a Pol\u00edcia Militar em caso de invas\u00f5es ou furtos. Por esse motivo os parlamentares convidaram a secret\u00e1ria de Administra\u00e7\u00e3o da Prefeitura, Claudete Flor\u00eancio, para prestar informa\u00e7\u00f5es sobre a possibilidade de cria\u00e7\u00e3o do cargo.<\/p><p>A delibera\u00e7\u00e3o foi realizada na reuni\u00e3o da Comiss\u00e3o desta quinta-feira, 20 de mar\u00e7o e foi registrada em <a href=\"https:\/\/consulta.limeira.sp.leg.br\/arquivo?Id=485199\" rel=\"noopener\">ata<\/a>. Fazem parte da Comiss\u00e3o de Esporte, Cultura e Turismo: Guilherme Guido (PL), presidente; Costa Junior (Podemos), vice-presidente; e Waguinho da Santa Luzia (PP), secret\u00e1rio.<\/p><p>\u00c9 de compet\u00eancia deste colegiado opinar sobre proposi\u00e7\u00f5es, promover debates, semin\u00e1rios e a\u00e7\u00f5es educativas que visem a identificar problemas e propor solu\u00e7\u00f5es para o fortalecimento e a melhoria das pol\u00edticas p\u00fablicas locais nas \u00e1reas de esporte, lazer, cultura e turismo, al\u00e9m de fiscalizar, acompanhar e avaliar a efetividade de programas governamentais, estudar e propor pol\u00edticas p\u00fablicas aptas a proporcionar melhoria de qualidade de vida aos mun\u00edcipes e bem-estar nessas \u00e1reas.<\/p>\t\t\t\t<\/div>\r\n<br>\r\n<br><a href=\"https:\/\/www.limeira.sp.leg.br\/noticias\/view\/2025-03-20_comissao-de-esporte-convida-secretaria-de-administracao-para-reuniao-dia-27-de-marco\" rel=\"noopener\">Informa\u00e7\u00f5es CML <\/a>","protected":false},"excerpt":{"rendered":"<p>A Comiss\u00e3o de Esporte, Cultura e Lazer da C\u00e2mara deliberou pelo convite \u00e0\u00a0 secret\u00e1ria de Administra\u00e7\u00e3o da Prefeitura para tratar sobre o cargo de coordenador dos centros comunit\u00e1rios. A reuni\u00e3o foi agendada para o dia 27 de mar\u00e7o.\u00a0 O colegiado busca solu\u00e7\u00f5es para melhorar o atendimento dos centros comunit\u00e1rios da cidade. Para tanto, realizou visita [&hellip;]<\/p>\n","protected":false},"author":1,"featured_media":27478,"comment_status":"open","ping_status":"open","sticky":false,"template":"","format":"standard","meta":{"_jetpack_newsletter_access":"","_jetpack_dont_email_post_to_subs":false,"_jetpack_newsletter_tier_id":0,"_jetpack_memberships_contains_paywalled_content":false,"_mbp_banners":[],"_jetpack_feature_clip_id":0,"_jetpack_memberships_contains_paid_content":false,"footnotes":"","jetpack_publicize_message":"","jetpack_publicize_feature_enabled":true,"jetpack_social_post_already_shared":true,"jetpack_social_options":{"image_generator_settings":{"template":"highway","default_image_id":0,"font":"","enabled":false},"version":2},"jetpack_post_was_ever_published":false},"categories":[19],"tags":[],"class_list":["post-27477","post","type-post","status-publish","format-standard","has-post-thumbnail","category-politica"],"jetpack_publicize_connections":[],"jetpack-related-posts":[],"jetpack_shortlink":"https:\/\/wp.me\/p7Eq1F-79b","jetpack_sharing_enabled":true,"jetpack_featured_media_url":"https:\/\/i0.wp.com\/guialimeira.com.br\/news\/wp-content\/uploads\/2025\/03\/Comissao-de-Esporte-convida-secretaria-de-Administracao-para-reuniao-dia.jp.jpeg?fit=1280%2C640&ssl=1","_links":{"self":[{"href":"https:\/\/guialimeira.com.br\/news\/wp-json\/wp\/v2\/posts\/27477","targetHints":{"allow":["GET"]}}],"collection":[{"href":"https:\/\/guialimeira.com.br\/news\/wp-json\/wp\/v2\/posts"}],"about":[{"href":"https:\/\/guialimeira.com.br\/news\/wp-json\/wp\/v2\/types\/post"}],"author":[{"embeddable":true,"href":"https:\/\/guialimeira.com.br\/news\/wp-json\/wp\/v2\/users\/1"}],"replies":[{"embeddable":true,"href":"https:\/\/guialimeira.com.br\/news\/wp-json\/wp\/v2\/comments?post=27477"}],"version-history":[{"count":1,"href":"https:\/\/guialimeira.com.br\/news\/wp-json\/wp\/v2\/posts\/27477\/revisions"}],"predecessor-version":[{"id":27479,"href":"https:\/\/guialimeira.com.br\/news\/wp-json\/wp\/v2\/posts\/27477\/revisions\/27479"}],"wp:featuredmedia":[{"embeddable":true,"href":"https:\/\/guialimeira.com.br\/news\/wp-json\/wp\/v2\/media\/27478"}],"wp:attachment":[{"href":"https:\/\/guialimeira.com.br\/news\/wp-json\/wp\/v2\/media?parent=27477"}],"wp:term":[{"taxonomy":"category","embeddable":true,"href":"https:\/\/guialimeira.com.br\/news\/wp-json\/wp\/v2\/categories?post=27477"},{"taxonomy":"post_tag","embeddable":true,"href":"https:\/\/guialimeira.com.br\/news\/wp-json\/wp\/v2\/tags?post=27477"}],"curies":[{"name":"wp","href":"https:\/\/api.w.org\/{rel}","templated":true}]}}