{"id":27401,"date":"2025-03-19T19:15:50","date_gmt":"2025-03-19T22:15:50","guid":{"rendered":"https:\/\/guialimeira.com.br\/?p=27401"},"modified":"2025-03-19T19:15:52","modified_gmt":"2025-03-19T22:15:52","slug":"vereadora-lu-bogo-solicita-informacoes-sobre-clinicas-para-tratamento-de-alcool-e-drogas-em-limeira","status":"publish","type":"post","link":"https:\/\/guialimeira.com.br\/news\/vereadora-lu-bogo-solicita-informacoes-sobre-clinicas-para-tratamento-de-alcool-e-drogas-em-limeira\/","title":{"rendered":"Vereadora Lu Bogo solicita informa\u00e7\u00f5es sobre cl\u00ednicas para tratamento de \u00e0lcool e drogas em Limeira"},"content":{"rendered":"\n<p class=\"wp-block-paragraph\">A vereadora <strong>Lu Bogo (PL)<\/strong> protocolou um requerimento solicitando ao <strong>Poder Executivo<\/strong> informa\u00e7\u00f5es detalhadas sobre as <strong>cl\u00ednicas dispon\u00edveis para o tratamento de \u00e1lcool e drogas em Limeira<\/strong>. A iniciativa busca esclarecer d\u00favidas frequentes da popula\u00e7\u00e3o e garantir maior transpar\u00eancia sobre o acesso a esses servi\u00e7os essenciais.<\/p>\n\n\n\n<h3 class=\"wp-block-heading\"><strong>Principais questionamentos<\/strong><\/h3>\n\n\n\n<p class=\"wp-block-paragraph\">A parlamentar quer respostas para os seguintes pontos:<\/p>\n\n\n\n<p class=\"wp-block-paragraph\">\u2705 <strong>Quantas cl\u00ednicas credenciadas existem em Limeira para o tratamento de \u00e1lcool e drogas?<\/strong><br>\u2705 <strong>Quantas funcionam em sistema \u2018semiaberto\u2019, permitindo que o paciente retorne para casa no fim do dia?<\/strong><br>\u2705 <strong>Quantas oferecem interna\u00e7\u00e3o fechada, com hor\u00e1rios e dias definidos para visita?<\/strong><br>\u2705 <strong>Quantos homens e quantas mulheres est\u00e3o em tratamento atualmente?<\/strong><br>\u2705 <strong>Para quais cl\u00ednicas s\u00e3o encaminhadas as mulheres que necessitam de tratamento?<\/strong><br>\u2705 <strong>Quantas vagas s\u00e3o disponibilizadas pelo SUS para esse tipo de atendimento?<\/strong><\/p>\n\n\n\n<h3 class=\"wp-block-heading\"><strong>Justificativa do requerimento<\/strong><\/h3>\n\n\n\n<p class=\"wp-block-paragraph\">Diariamente, o gabinete da vereadora <strong>recebe mun\u00edcipes em busca de informa\u00e7\u00f5es sobre interna\u00e7\u00e3o para dependentes qu\u00edmicos<\/strong>.<\/p>\n\n\n\n<p class=\"wp-block-paragraph\">\ud83d\udd39 Algumas fam\u00edlias buscam <strong>cl\u00ednicas com tratamentos flex\u00edveis<\/strong>, onde o paciente possa frequentar durante o dia e retornar para casa \u00e0 noite.<br>\ud83d\udd39 Outras procuram <strong>interna\u00e7\u00f5es fechadas<\/strong>, com per\u00edodos prolongados de recupera\u00e7\u00e3o, geralmente com <strong>dura\u00e7\u00e3o de at\u00e9 90 dias<\/strong>.<\/p>\n\n\n\n<p class=\"wp-block-paragraph\">Diante dessa demanda crescente e da <strong>falta de informa\u00e7\u00f5es centralizadas sobre esses servi\u00e7os<\/strong>, a vereadora Lu Bogo refor\u00e7a a import\u00e2ncia desse levantamento para melhor atender a popula\u00e7\u00e3o de Limeira.<\/p>\n\n\n\n<p class=\"wp-block-paragraph\">\ud83d\udce2 <strong>Acompanhe as atualiza\u00e7\u00f5es e fique por dentro das a\u00e7\u00f5es da vereadora Lu Bogo!<\/strong><\/p>\n","protected":false},"excerpt":{"rendered":"<p>A vereadora Lu Bogo (PL) protocolou um requerimento solicitando ao Poder Executivo informa\u00e7\u00f5es detalhadas sobre as cl\u00ednicas dispon\u00edveis para o tratamento de \u00e1lcool e drogas em Limeira. A iniciativa busca esclarecer d\u00favidas frequentes da popula\u00e7\u00e3o e garantir maior transpar\u00eancia sobre o acesso a esses servi\u00e7os essenciais. Principais questionamentos A parlamentar quer respostas para os seguintes [&hellip;]<\/p>\n","protected":false},"author":1,"featured_media":27402,"comment_status":"open","ping_status":"open","sticky":false,"template":"","format":"standard","meta":{"_jetpack_newsletter_access":"","_jetpack_dont_email_post_to_subs":false,"_jetpack_newsletter_tier_id":0,"_jetpack_memberships_contains_paywalled_content":false,"_mbp_banners":[],"_jetpack_feature_clip_id":0,"_jetpack_memberships_contains_paid_content":false,"footnotes":"","jetpack_publicize_message":"","jetpack_publicize_feature_enabled":true,"jetpack_social_post_already_shared":true,"jetpack_social_options":{"image_generator_settings":{"template":"highway","default_image_id":0,"font":"","enabled":false},"version":2},"jetpack_post_was_ever_published":false},"categories":[19],"tags":[],"class_list":["post-27401","post","type-post","status-publish","format-standard","has-post-thumbnail","category-politica"],"jetpack_publicize_connections":[],"jetpack-related-posts":[],"jetpack_shortlink":"https:\/\/wp.me\/p7Eq1F-77X","jetpack_sharing_enabled":true,"jetpack_featured_media_url":"https:\/\/i0.wp.com\/guialimeira.com.br\/news\/wp-content\/uploads\/2025\/03\/alcool.jpg?fit=1254%2C836&ssl=1","_links":{"self":[{"href":"https:\/\/guialimeira.com.br\/news\/wp-json\/wp\/v2\/posts\/27401","targetHints":{"allow":["GET"]}}],"collection":[{"href":"https:\/\/guialimeira.com.br\/news\/wp-json\/wp\/v2\/posts"}],"about":[{"href":"https:\/\/guialimeira.com.br\/news\/wp-json\/wp\/v2\/types\/post"}],"author":[{"embeddable":true,"href":"https:\/\/guialimeira.com.br\/news\/wp-json\/wp\/v2\/users\/1"}],"replies":[{"embeddable":true,"href":"https:\/\/guialimeira.com.br\/news\/wp-json\/wp\/v2\/comments?post=27401"}],"version-history":[{"count":1,"href":"https:\/\/guialimeira.com.br\/news\/wp-json\/wp\/v2\/posts\/27401\/revisions"}],"predecessor-version":[{"id":27403,"href":"https:\/\/guialimeira.com.br\/news\/wp-json\/wp\/v2\/posts\/27401\/revisions\/27403"}],"wp:featuredmedia":[{"embeddable":true,"href":"https:\/\/guialimeira.com.br\/news\/wp-json\/wp\/v2\/media\/27402"}],"wp:attachment":[{"href":"https:\/\/guialimeira.com.br\/news\/wp-json\/wp\/v2\/media?parent=27401"}],"wp:term":[{"taxonomy":"category","embeddable":true,"href":"https:\/\/guialimeira.com.br\/news\/wp-json\/wp\/v2\/categories?post=27401"},{"taxonomy":"post_tag","embeddable":true,"href":"https:\/\/guialimeira.com.br\/news\/wp-json\/wp\/v2\/tags?post=27401"}],"curies":[{"name":"wp","href":"https:\/\/api.w.org\/{rel}","templated":true}]}}