{"id":2739,"date":"2024-04-25T11:11:43","date_gmt":"2024-04-25T14:11:43","guid":{"rendered":"https:\/\/guialimeira.com.br\/2024\/04\/25\/policia-civil-indicia-envolvidos-na-morte-de-advogado-no-centro-do-rio\/"},"modified":"2024-04-25T11:11:43","modified_gmt":"2024-04-25T14:11:43","slug":"policia-civil-indicia-envolvidos-na-morte-de-advogado-no-centro-do-rio","status":"publish","type":"post","link":"https:\/\/guialimeira.com.br\/news\/policia-civil-indicia-envolvidos-na-morte-de-advogado-no-centro-do-rio\/","title":{"rendered":"Pol\u00edcia Civil indicia envolvidos na morte de advogado no centro do Rio"},"content":{"rendered":"<p> <br \/>\n<\/p>\n<div>\n<p>A Pol\u00edcia Civil do Rio de Janeiro indiciou nesta quarta-feira (24) os tr\u00eas homens, j\u00e1 presos temporariamente, por envolvimento na morte do advogado Rodrigo Marinho Crespo.<img data-recalc-dims=\"1\" decoding=\"async\" src=\"https:\/\/i0.wp.com\/agenciabrasil.ebc.com.br\/ebc.png?w=696&#038;ssl=1\" style=\"width:1px; height:1px; display:inline;\"\/><img data-recalc-dims=\"1\" decoding=\"async\" src=\"https:\/\/i0.wp.com\/agenciabrasil.ebc.com.br\/ebc.gif?w=696&#038;ssl=1\" style=\"width:1px; height:1px; display:inline;\"\/><\/p>\n<p>O crime ocorreu no dia 26 de fevereiro, na Avenida Marechal C\u00e2mara, a poucos metros da seccional da Ordem dos Advogados do Brasil (OAB-RJ). A v\u00edtima foi morta com pelo menos 18 tiros, quando andava a p\u00e9, no centro da cidade.<\/p>\n<p>De acordo com a Delegacia de Homic\u00eddios da Capital (DHC), Cezar Daniel Mondego de Souza, Eduardo Sobreira Moraes e o cabo da Pol\u00edcia Militar, Leandro Machado da Silva participaram do monitoramento da v\u00edtima e estiveram juntos antes e depois do crime. Um dos envolvidos ainda forneceu informa\u00e7\u00f5es sobre o ve\u00edculo utilizado no dia da morte do advogado.<\/p>\n<h2>Investiga\u00e7\u00e3o<\/h2>\n<p>Durante as investiga\u00e7\u00f5es, os agentes da Delegacia de Homic\u00eddios realizaram diversas dilig\u00eancias e cumpriram mandados de busca e apreens\u00e3o nas casas de outros investigados. O inqu\u00e9rito policial foi desmembrado com a finalidade de identificar e responsabilizar criminalmente os demais envolvidos na morte da v\u00edtima.<\/p>\n<p>Cezar Daniel e Eduardo Sobreira ficaram respons\u00e1veis pela vigil\u00e2ncia e monitoramento dos passos do advogado desde a hora em que saia de casa, na zona sul at\u00e9 o local de trabalho.<\/p>\n<p>A dupla usava um Gol branco, parecido com o dos executores, flagrado por c\u00e2meras de seguran\u00e7a. O carro foi entregue para Eduardo pelo PM Leandro Machado. Os investigadores afirmam que Leandro \u00e9 o respons\u00e1vel por coordenar toda a log\u00edstica do crime.<\/p>\n<p>Na \u00e9poca do crime, a Secretaria de Estado de Pol\u00edcia Militar informou, informou em nota que o PM Leandro Machado j\u00e1 estava afastado do servi\u00e7o nas ruas, pois responde a outro inqu\u00e9rito por participa\u00e7\u00e3o em organiza\u00e7\u00e3o criminosa.<\/p>\n<p>Ele foi preso preventivamente em abril de 2021. A corpora\u00e7\u00e3o acrescenta que a Corregedoria Geral j\u00e1 havia instaurado procedimento administrativo disciplinar em rela\u00e7\u00e3o ao policial, que pode terminar em expuls\u00e3o.<\/p>\n<\/p><\/div>\n<p><br \/>\n<br \/><a href=\"https:\/\/agenciabrasil.ebc.com.br\/geral\/noticia\/2024-04\/policia-civil-indicia-envolvidos-na-morte-de-advogado-no-centro-do-rio\" rel=\"noopener\">Ag\u00eancia Brasil<\/a><\/p>\n","protected":false},"excerpt":{"rendered":"<p>A Pol\u00edcia Civil do Rio de Janeiro indiciou nesta quarta-feira (24) os tr\u00eas homens, j\u00e1 presos temporariamente, por envolvimento na morte do advogado Rodrigo Marinho Crespo. O crime ocorreu no dia 26 de fevereiro, na Avenida Marechal C\u00e2mara, a poucos metros da seccional da Ordem dos Advogados do Brasil (OAB-RJ). A v\u00edtima foi morta com [&hellip;]<\/p>\n","protected":false},"author":1,"featured_media":2740,"comment_status":"open","ping_status":"open","sticky":false,"template":"","format":"standard","meta":{"_jetpack_newsletter_access":"","_jetpack_dont_email_post_to_subs":false,"_jetpack_newsletter_tier_id":0,"_jetpack_memberships_contains_paywalled_content":false,"_mbp_banners":[],"_jetpack_feature_clip_id":0,"_jetpack_memberships_contains_paid_content":false,"footnotes":"","jetpack_publicize_message":"","jetpack_publicize_feature_enabled":true,"jetpack_social_post_already_shared":true,"jetpack_social_options":{"image_generator_settings":{"template":"highway","default_image_id":0,"font":"","enabled":false},"version":2},"jetpack_post_was_ever_published":false},"categories":[1],"tags":[],"class_list":["post-2739","post","type-post","status-publish","format-standard","has-post-thumbnail","category-geral"],"jetpack_publicize_connections":[],"jetpack-related-posts":[],"jetpack_shortlink":"https:\/\/wp.me\/p7Eq1F-Ib","jetpack_sharing_enabled":true,"jetpack_featured_media_url":"https:\/\/i0.wp.com\/guialimeira.com.br\/news\/wp-content\/uploads\/2024\/04\/captura_de_tela_2024-03-08_095847.jpg?fit=1600%2C800&ssl=1","_links":{"self":[{"href":"https:\/\/guialimeira.com.br\/news\/wp-json\/wp\/v2\/posts\/2739","targetHints":{"allow":["GET"]}}],"collection":[{"href":"https:\/\/guialimeira.com.br\/news\/wp-json\/wp\/v2\/posts"}],"about":[{"href":"https:\/\/guialimeira.com.br\/news\/wp-json\/wp\/v2\/types\/post"}],"author":[{"embeddable":true,"href":"https:\/\/guialimeira.com.br\/news\/wp-json\/wp\/v2\/users\/1"}],"replies":[{"embeddable":true,"href":"https:\/\/guialimeira.com.br\/news\/wp-json\/wp\/v2\/comments?post=2739"}],"version-history":[{"count":0,"href":"https:\/\/guialimeira.com.br\/news\/wp-json\/wp\/v2\/posts\/2739\/revisions"}],"wp:featuredmedia":[{"embeddable":true,"href":"https:\/\/guialimeira.com.br\/news\/wp-json\/wp\/v2\/media\/2740"}],"wp:attachment":[{"href":"https:\/\/guialimeira.com.br\/news\/wp-json\/wp\/v2\/media?parent=2739"}],"wp:term":[{"taxonomy":"category","embeddable":true,"href":"https:\/\/guialimeira.com.br\/news\/wp-json\/wp\/v2\/categories?post=2739"},{"taxonomy":"post_tag","embeddable":true,"href":"https:\/\/guialimeira.com.br\/news\/wp-json\/wp\/v2\/tags?post=2739"}],"curies":[{"name":"wp","href":"https:\/\/api.w.org\/{rel}","templated":true}]}}