{"id":27386,"date":"2025-03-19T17:09:14","date_gmt":"2025-03-19T20:09:14","guid":{"rendered":"https:\/\/guialimeira.com.br\/?p=27386"},"modified":"2025-03-19T17:09:15","modified_gmt":"2025-03-19T20:09:15","slug":"vereador-guilherme-guido-solicita-informacoes-sobre-a-reforma-do-ginasio-vo-lucato","status":"publish","type":"post","link":"https:\/\/guialimeira.com.br\/news\/vereador-guilherme-guido-solicita-informacoes-sobre-a-reforma-do-ginasio-vo-lucato\/","title":{"rendered":"Vereador Guilherme Guido solicita informa\u00e7\u00f5es sobre a reforma do Gin\u00e1sio V\u00f4 Lucato"},"content":{"rendered":"\n<p class=\"wp-block-paragraph\">O vereador <strong>Guilherme Augusto Guido (PL)<\/strong> apresentou um requerimento ao <strong>Poder Executivo<\/strong> solicitando esclarecimentos sobre a <strong>reforma do Gin\u00e1sio Poliesportivo Fortunato Lucato Neto \u2013 V\u00f4 Lucato<\/strong>, um dos principais espa\u00e7os esportivos de Limeira.<\/p>\n\n\n\n<h3 class=\"wp-block-heading\"><strong>Principais questionamentos<\/strong><\/h3>\n\n\n\n<p class=\"wp-block-paragraph\">O parlamentar busca respostas para os seguintes pontos:<br>\u2705 <strong>Existe uma previs\u00e3o para o in\u00edcio das obras no Gin\u00e1sio V\u00f4 Lucato?<\/strong><br>\u2705 <strong>Caso positivo, qual a data prevista para o in\u00edcio da reforma?<\/strong><br>\u2705 <strong>Se n\u00e3o houver previs\u00e3o, h\u00e1 possibilidade de a atual gest\u00e3o retomar o projeto que ficou parado na administra\u00e7\u00e3o anterior?<\/strong><\/p>\n\n\n\n<h3 class=\"wp-block-heading\"><strong>Import\u00e2ncia da reforma<\/strong><\/h3>\n\n\n\n<p class=\"wp-block-paragraph\">Inaugurado em <strong>1977<\/strong>, o Gin\u00e1sio V\u00f4 Lucato tem sido um <strong>s\u00edmbolo do esporte limeirense<\/strong> por quase cinco d\u00e9cadas. No entanto, <strong>a estrutura atual apresenta diversos problemas<\/strong>, comprometendo a seguran\u00e7a e a qualidade das atividades esportivas.<\/p>\n\n\n\n<p class=\"wp-block-paragraph\">\ud83d\udd39 <strong>O piso n\u00e3o oferece condi\u00e7\u00f5es adequadas para a pr\u00e1tica de futsal<\/strong>, prejudicando os atletas e inviabilizando um desempenho de alto n\u00edvel.<br>\ud83d\udd39 <strong>Esportes como basquete e v\u00f4lei tamb\u00e9m enfrentam dificuldades<\/strong> devido \u00e0 inefici\u00eancia das instala\u00e7\u00f5es.<\/p>\n\n\n\n<h3 class=\"wp-block-heading\"><strong>Preserva\u00e7\u00e3o do legado esportivo<\/strong><\/h3>\n\n\n\n<p class=\"wp-block-paragraph\">O vereador Guilherme Guido ressalta que a revitaliza\u00e7\u00e3o do gin\u00e1sio <strong>n\u00e3o \u00e9 apenas uma quest\u00e3o de infraestrutura, mas tamb\u00e9m de incentivo ao esporte e \u00e0 comunidade<\/strong>. A reforma permitir\u00e1 que o espa\u00e7o continue sendo <strong>uma refer\u00eancia esportiva para Limeira<\/strong>, proporcionando <strong>melhores condi\u00e7\u00f5es para atletas, treinadores e p\u00fablico<\/strong>.<\/p>\n\n\n\n<p class=\"wp-block-paragraph\">\ud83c\udfc6 <strong>Manter o Gin\u00e1sio V\u00f4 Lucato em pleno funcionamento \u00e9 fundamental para o fortalecimento do esporte local!<\/strong><\/p>\n\n\n\n<p class=\"wp-block-paragraph\">\ud83d\udce2 <strong>Acompanhe as atualiza\u00e7\u00f5es e fique por dentro das a\u00e7\u00f5es do vereador Guilherme Guido!<\/strong><\/p>\n","protected":false},"excerpt":{"rendered":"<p>O vereador Guilherme Augusto Guido (PL) apresentou um requerimento ao Poder Executivo solicitando esclarecimentos sobre a reforma do Gin\u00e1sio Poliesportivo Fortunato Lucato Neto \u2013 V\u00f4 Lucato, um dos principais espa\u00e7os esportivos de Limeira. Principais questionamentos O parlamentar busca respostas para os seguintes pontos:\u2705 Existe uma previs\u00e3o para o in\u00edcio das obras no Gin\u00e1sio V\u00f4 Lucato?\u2705 [&hellip;]<\/p>\n","protected":false},"author":1,"featured_media":27387,"comment_status":"open","ping_status":"open","sticky":false,"template":"","format":"standard","meta":{"_jetpack_newsletter_access":"","_jetpack_dont_email_post_to_subs":false,"_jetpack_newsletter_tier_id":0,"_jetpack_memberships_contains_paywalled_content":false,"_mbp_banners":[],"_jetpack_feature_clip_id":0,"_jetpack_memberships_contains_paid_content":false,"footnotes":"","jetpack_publicize_message":"","jetpack_publicize_feature_enabled":true,"jetpack_social_post_already_shared":true,"jetpack_social_options":{"image_generator_settings":{"template":"highway","default_image_id":0,"font":"","enabled":false},"version":2},"jetpack_post_was_ever_published":false},"categories":[19],"tags":[],"class_list":["post-27386","post","type-post","status-publish","format-standard","has-post-thumbnail","category-politica"],"jetpack_publicize_connections":[],"jetpack-related-posts":[],"jetpack_shortlink":"https:\/\/wp.me\/p7Eq1F-77I","jetpack_sharing_enabled":true,"jetpack_featured_media_url":"https:\/\/i0.wp.com\/guialimeira.com.br\/news\/wp-content\/uploads\/2025\/03\/ginasio-vo-lucato-reforma.jpg?fit=1278%2C852&ssl=1","_links":{"self":[{"href":"https:\/\/guialimeira.com.br\/news\/wp-json\/wp\/v2\/posts\/27386","targetHints":{"allow":["GET"]}}],"collection":[{"href":"https:\/\/guialimeira.com.br\/news\/wp-json\/wp\/v2\/posts"}],"about":[{"href":"https:\/\/guialimeira.com.br\/news\/wp-json\/wp\/v2\/types\/post"}],"author":[{"embeddable":true,"href":"https:\/\/guialimeira.com.br\/news\/wp-json\/wp\/v2\/users\/1"}],"replies":[{"embeddable":true,"href":"https:\/\/guialimeira.com.br\/news\/wp-json\/wp\/v2\/comments?post=27386"}],"version-history":[{"count":1,"href":"https:\/\/guialimeira.com.br\/news\/wp-json\/wp\/v2\/posts\/27386\/revisions"}],"predecessor-version":[{"id":27388,"href":"https:\/\/guialimeira.com.br\/news\/wp-json\/wp\/v2\/posts\/27386\/revisions\/27388"}],"wp:featuredmedia":[{"embeddable":true,"href":"https:\/\/guialimeira.com.br\/news\/wp-json\/wp\/v2\/media\/27387"}],"wp:attachment":[{"href":"https:\/\/guialimeira.com.br\/news\/wp-json\/wp\/v2\/media?parent=27386"}],"wp:term":[{"taxonomy":"category","embeddable":true,"href":"https:\/\/guialimeira.com.br\/news\/wp-json\/wp\/v2\/categories?post=27386"},{"taxonomy":"post_tag","embeddable":true,"href":"https:\/\/guialimeira.com.br\/news\/wp-json\/wp\/v2\/tags?post=27386"}],"curies":[{"name":"wp","href":"https:\/\/api.w.org\/{rel}","templated":true}]}}