{"id":27380,"date":"2025-03-19T16:53:51","date_gmt":"2025-03-19T19:53:51","guid":{"rendered":"https:\/\/guialimeira.com.br\/?p=27380"},"modified":"2025-03-19T16:53:52","modified_gmt":"2025-03-19T19:53:52","slug":"seguranca-na-zona-rural-vereador-costa-junior-solicita-ponto-de-apoio-da-guarda-civil-municipal","status":"publish","type":"post","link":"https:\/\/guialimeira.com.br\/news\/seguranca-na-zona-rural-vereador-costa-junior-solicita-ponto-de-apoio-da-guarda-civil-municipal\/","title":{"rendered":"Seguran\u00e7a na Zona Rural: Vereador Costa J\u00fanior solicita ponto de apoio da Guarda Civil Municipal"},"content":{"rendered":"\n<p class=\"wp-block-paragraph\">O vereador <strong>Costa J\u00fanior (Podemos)<\/strong> apresentou um requerimento ao <strong>Poder Executivo<\/strong> solicitando informa\u00e7\u00f5es sobre a viabilidade da <strong>implanta\u00e7\u00e3o de pontos de apoio da Guarda Civil Municipal (GCM) na \u00e1rea rural de Limeira<\/strong>. O objetivo \u00e9 aumentar a seguran\u00e7a dos moradores e produtores rurais, que enfrentam <strong>crescente n\u00famero de furtos e roubos<\/strong>.<\/p>\n\n\n\n<h3 class=\"wp-block-heading\"><strong>Principais questionamentos<\/strong><\/h3>\n\n\n\n<p class=\"wp-block-paragraph\">O parlamentar busca esclarecimentos sobre:<br>\u2705 <strong>A possibilidade de cria\u00e7\u00e3o de pontos de apoio da GCM<\/strong> na zona rural de Limeira;<br>\u2705 <strong>Prazos e recursos necess\u00e1rios<\/strong> para a implanta\u00e7\u00e3o dessa medida.<\/p>\n\n\n\n<h3 class=\"wp-block-heading\"><strong>Justificativa do requerimento<\/strong><\/h3>\n\n\n\n<p class=\"wp-block-paragraph\">A <strong>falta de seguran\u00e7a na zona rural<\/strong> tem sido uma das principais preocupa\u00e7\u00f5es dos moradores. Relatos frequentes de <strong>furtos, invas\u00f5es e demais crimes<\/strong> refor\u00e7am a necessidade de <strong>maior presen\u00e7a da Guarda Civil Municipal<\/strong> na regi\u00e3o. A instala\u00e7\u00e3o de pontos de apoio <strong>poderia ajudar a inibir pr\u00e1ticas criminosas<\/strong>, proporcionando <strong>mais tranquilidade e prote\u00e7\u00e3o<\/strong> para a popula\u00e7\u00e3o local.<\/p>\n\n\n\n<p class=\"wp-block-paragraph\">O vereador Costa J\u00fanior destaca que essa medida <strong>\u00e9 fundamental para fortalecer a seguran\u00e7a no campo<\/strong> e espera um posicionamento da Prefeitura sobre a viabilidade do projeto. Ele tamb\u00e9m refor\u00e7a sua disposi\u00e7\u00e3o para colaborar na busca de solu\u00e7\u00f5es que <strong>beneficiem os produtores e moradores da \u00e1rea rural<\/strong>.<\/p>\n\n\n\n<p class=\"wp-block-paragraph\">\u26a0\ufe0f <strong>Acompanhe as atualiza\u00e7\u00f5es sobre este tema e fique por dentro das a\u00e7\u00f5es do vereador Costa J\u00fanior!<\/strong><\/p>\n","protected":false},"excerpt":{"rendered":"<p>O vereador Costa J\u00fanior (Podemos) apresentou um requerimento ao Poder Executivo solicitando informa\u00e7\u00f5es sobre a viabilidade da implanta\u00e7\u00e3o de pontos de apoio da Guarda Civil Municipal (GCM) na \u00e1rea rural de Limeira. O objetivo \u00e9 aumentar a seguran\u00e7a dos moradores e produtores rurais, que enfrentam crescente n\u00famero de furtos e roubos. Principais questionamentos O parlamentar [&hellip;]<\/p>\n","protected":false},"author":1,"featured_media":27382,"comment_status":"open","ping_status":"open","sticky":false,"template":"","format":"standard","meta":{"_jetpack_newsletter_access":"","_jetpack_dont_email_post_to_subs":false,"_jetpack_newsletter_tier_id":0,"_jetpack_memberships_contains_paywalled_content":false,"_mbp_banners":[],"_jetpack_feature_clip_id":0,"_jetpack_memberships_contains_paid_content":false,"footnotes":"","jetpack_publicize_message":"","jetpack_publicize_feature_enabled":true,"jetpack_social_post_already_shared":true,"jetpack_social_options":{"image_generator_settings":{"template":"highway","default_image_id":0,"font":"","enabled":false},"version":2},"jetpack_post_was_ever_published":false},"categories":[19],"tags":[],"class_list":["post-27380","post","type-post","status-publish","format-standard","has-post-thumbnail","category-politica"],"jetpack_publicize_connections":[],"jetpack-related-posts":[],"jetpack_shortlink":"https:\/\/wp.me\/p7Eq1F-77C","jetpack_sharing_enabled":true,"jetpack_featured_media_url":"https:\/\/i0.wp.com\/guialimeira.com.br\/news\/wp-content\/uploads\/2025\/03\/seg-rural.jpg?fit=1200%2C800&ssl=1","_links":{"self":[{"href":"https:\/\/guialimeira.com.br\/news\/wp-json\/wp\/v2\/posts\/27380","targetHints":{"allow":["GET"]}}],"collection":[{"href":"https:\/\/guialimeira.com.br\/news\/wp-json\/wp\/v2\/posts"}],"about":[{"href":"https:\/\/guialimeira.com.br\/news\/wp-json\/wp\/v2\/types\/post"}],"author":[{"embeddable":true,"href":"https:\/\/guialimeira.com.br\/news\/wp-json\/wp\/v2\/users\/1"}],"replies":[{"embeddable":true,"href":"https:\/\/guialimeira.com.br\/news\/wp-json\/wp\/v2\/comments?post=27380"}],"version-history":[{"count":1,"href":"https:\/\/guialimeira.com.br\/news\/wp-json\/wp\/v2\/posts\/27380\/revisions"}],"predecessor-version":[{"id":27383,"href":"https:\/\/guialimeira.com.br\/news\/wp-json\/wp\/v2\/posts\/27380\/revisions\/27383"}],"wp:featuredmedia":[{"embeddable":true,"href":"https:\/\/guialimeira.com.br\/news\/wp-json\/wp\/v2\/media\/27382"}],"wp:attachment":[{"href":"https:\/\/guialimeira.com.br\/news\/wp-json\/wp\/v2\/media?parent=27380"}],"wp:term":[{"taxonomy":"category","embeddable":true,"href":"https:\/\/guialimeira.com.br\/news\/wp-json\/wp\/v2\/categories?post=27380"},{"taxonomy":"post_tag","embeddable":true,"href":"https:\/\/guialimeira.com.br\/news\/wp-json\/wp\/v2\/tags?post=27380"}],"curies":[{"name":"wp","href":"https:\/\/api.w.org\/{rel}","templated":true}]}}