{"id":27370,"date":"2025-03-19T16:26:14","date_gmt":"2025-03-19T19:26:14","guid":{"rendered":"https:\/\/guialimeira.com.br\/?p=27370"},"modified":"2025-03-19T16:26:14","modified_gmt":"2025-03-19T19:26:14","slug":"camara-aprova-projeto-que-desmembra-secretarias-legislativa-e-de-comunicacao-e-cria-tv-camara","status":"publish","type":"post","link":"https:\/\/guialimeira.com.br\/news\/camara-aprova-projeto-que-desmembra-secretarias-legislativa-e-de-comunicacao-e-cria-tv-camara\/","title":{"rendered":"C\u00e2mara aprova projeto que desmembra secretarias Legislativa e de Comunica\u00e7\u00e3o e cria TV C\u00e2mara"},"content":{"rendered":"\n<figure class=\"wp-block-gallery has-nested-images columns-default is-cropped wp-block-gallery-1 is-layout-flex wp-block-gallery-is-layout-flex\"><\/figure>\n \r\n<br><img data-recalc-dims=\"1\" decoding=\"async\" src=\"https:\/\/i0.wp.com\/guialimeira.com.br\/wp-content\/uploads\/2025\/03\/2025-03-19_camara-aprova-projeto-que-desmembra-secretarias-legislativa-e-de-comunicacao-e-cria-tv-ca.jpeg?w=696&#038;ssl=1\" \/><br><div>\n\t\t\t\t\t<p>Para melhorar a organiza\u00e7\u00e3o dos \u00f3rg\u00e3os internos da C\u00e2mara Municipal de Limeira, os vereadores aprovaram, na sess\u00e3o ordin\u00e1ria desta segunda-feira, 17 de mar\u00e7o, o <a href=\"https:\/\/consulta.limeira.sp.leg.br\/Documentos\/Documento\/367337\" rel=\"noopener\">Projeto de Resolu\u00e7\u00e3o N\u00ba 8\/2025<\/a>, de autoria da mesa Diretora, que altera dispositivos e os anexos da <a href=\"https:\/\/legislacao.limeira.sp.leg.br\/Limeira-SP\/Resolucoes\/846-2023\" rel=\"noopener\">Resolu\u00e7\u00e3o N\u00ba 846\/2023<\/a>, que trata sobre a estrutura\u00e7\u00e3o administrativa e organizacional e sobre o quadro permanente de cargos, refer\u00eancias, vencimentos, fun\u00e7\u00f5es gratificadas e atribui\u00e7\u00f5es do Legislativo.<\/p><p>A Mesa Diretora \u00e9 composta pelos vereadores Everton Ferreira (PSD), Tatiane Lopes (Avante), Mara Isa Mattos Silveira (PL) e Costa J\u00fanior (Podemos). Segundo os autores, as modifica\u00e7\u00f5es propostas no projeto visam aprimorar a atual estrutura administrativa e melhorar a organiza\u00e7\u00e3o dos \u00f3rg\u00e3os internos.\u00a0\u00a0<\/p><p>As principais modifica\u00e7\u00f5es compreendem a moderniza\u00e7\u00e3o de nomenclaturas de departamentos; altera\u00e7\u00f5es no organograma, de modo que a Procuradoria Geral passe a fazer parte dos \u00d3rg\u00e3os de Assessoramento; a divis\u00e3o da Secretaria Legislativa em dois \u00f3rg\u00e3os distintos, sendo eles agora Secretaria Legislativa e Secretaria de Comunica\u00e7\u00e3o Social; e a cria\u00e7\u00e3o da TV C\u00e2mara.<\/p><p><strong>Economia<\/strong><\/p><p>A proposta tamb\u00e9m extingue 11 cargos vagos distintos, com o objetivo de tornar a estrutura do Legislativo mais enxuta, segundo a Mesa Diretora.\u00a0 Tamb\u00e9m haver\u00e1 redu\u00e7\u00e3o do custo com publicidade e de transmiss\u00e3o de r\u00e1dio, que ser\u00e1 poss\u00edvel devido \u00e0 cria\u00e7\u00e3o da TV C\u00e2mara.\u00a0<\/p><p>Os autores destacam, na justificativa do projeto, que a economia gerada com a extin\u00e7\u00e3o dos cargos e a redu\u00e7\u00e3o dos gastos com publicidade e transmiss\u00e3o via r\u00e1dio estimam alcan\u00e7ar mais de R$ 1 milh\u00e3o por ano.<\/p><p>Segundo o presidente da C\u00e2mara, Everton Ferreira, com essa economia as contas do Legislativo permanecem equilibradas e com super\u00e1vit.<\/p><p><strong>Secretaria de Comunica\u00e7\u00e3o<\/strong><\/p><p>Segundo a justificativa ao projeto, a cria\u00e7\u00e3o de uma Secretaria de Comunica\u00e7\u00e3o Social se deve \u00e0 relev\u00e2ncia que a pasta possui, uma vez que est\u00e1 incumbida de realizar toda a comunica\u00e7\u00e3o institucional da Casa.\u00a0<\/p><p>\u201cUma Secretaria de Comunica\u00e7\u00e3o Social aut\u00f4noma e de assessoramento superior em uma C\u00e2mara Municipal de um munic\u00edpio do porte de Limeira \u00e9 indispens\u00e1vel para promover transpar\u00eancia, engajamento c\u00edvico e presta\u00e7\u00e3o de contas, consolidando uma administra\u00e7\u00e3o p\u00fablica mais eficiente, leg\u00edtima e pr\u00f3xima das pessoas\u201d, argumentaram os autores.<\/p><p><strong>TV C\u00e2mara<\/strong><\/p><p>Quanto \u00e0 cria\u00e7\u00e3o da TV C\u00e2mara, foi pontuado que Limeira ficou para tr\u00e1s em rela\u00e7\u00e3o a outros munic\u00edpios, uma vez que o \u00f3rg\u00e3o j\u00e1 poderia ter sido criado desde 1995. \u201cLimeira com seus 300.728 habitantes contempla ter um sistema de transmiss\u00e3o de TV Digital, contribuindo de forma prec\u00edpua na divulga\u00e7\u00e3o e transpar\u00eancia p\u00fablica dos trabalhos camar\u00e1rios, como sess\u00f5es, comiss\u00f5es e audi\u00eancia p\u00fablicas, bem como debates de assuntos de interesse p\u00fablico\u201d, frisaram.<\/p><p>A propositura destaca ainda que toda a popula\u00e7\u00e3o poder\u00e1 ter acesso livre e gratuito aos conte\u00fados da TV C\u00e2mara, bastando sintonizar o canal 21.4. A cria\u00e7\u00e3o e manuten\u00e7\u00e3o do canal tamb\u00e9m n\u00e3o trar\u00e1 nenhum custo futuro ao Legislativo, al\u00e9m do j\u00e1 existente.<\/p><p>A Secom ir\u00e1 facilitar ainda o di\u00e1logo com o Minist\u00e9rio das Comunica\u00e7\u00f5es para conseguir os equipamentos necess\u00e1rios ao funcionamento da TV C\u00e2mara por meio de doa\u00e7\u00e3o. Conforme <a href=\"https:\/\/www.in.gov.br\/web\/dou\/-\/edital-n-222\/2024\/mcom-602865625\" rel=\"noopener\">publica\u00e7\u00e3o no Di\u00e1rio Oficial da Uni\u00e3o<\/a> em 19 de dezembro de 2024, a C\u00e2mara Municipal de Limeira foi uma das entidades selecionadas no chamamento p\u00fablico referente ao <a href=\"https:\/\/www.in.gov.br\/web\/dou\/-\/edital-n-110\/2024\/mcom-562930379\" rel=\"noopener\">Edital N\u00ba 1102024\/MCOM<\/a> realizado pelo Minist\u00e9rio das Comunica\u00e7\u00f5es para ades\u00e3o ao Programa Brasil Digital.\u00a0<\/p><p><strong>Programa Brasil Digital<\/strong><\/p><p>O Programa visa implantar esta\u00e7\u00f5es transmissoras de TV para levar os canais da das emissoras de TV da C\u00e2mara dos Deputados, do Senado Federal, das assembleias legislativas e das c\u00e2maras municipais e da Empresa Brasil de Comunica\u00e7\u00e3o (EBC) e parceiros da Rede Nacional de Comunica\u00e7\u00e3o P\u00fablica para munic\u00edpios ainda n\u00e3o cobertos por essas emissoras.\u00a0<\/p><p>De acordo com informa\u00e7\u00f5es publicadas no <a href=\"https:\/\/www2.camara.leg.br\/comunicacao\/rede-legislativa-radio-tv\/programa-brasil-digital-1#:~:text=O%20Programa%20Brasil%20Digital%2C%20institu%C3%ADdo,das%20assembleias%20legislativas%20e%20das\" rel=\"noopener\">site da C\u00e2mara dos Deputados<\/a>, as institui\u00e7\u00f5es benefici\u00e1rias v\u00e3o receber a doa\u00e7\u00e3o dos equipamentos de transmiss\u00e3o e ser\u00e3o respons\u00e1veis pela opera\u00e7\u00e3o e manuten\u00e7\u00e3o no munic\u00edpio, permitindo, desta forma, que as c\u00e2maras municipais tenham os pr\u00f3prios canais de TV para transmitir sess\u00f5es plen\u00e1rias, reuni\u00f5es, eventos e programas.\u00a0<\/p>\t\t\t\t<\/div>\r\n<br>\r\n<br><a href=\"https:\/\/www.limeira.sp.leg.br\/noticias\/view\/2025-03-19_camara-aprova-projeto-que-desmembra-secretarias-legislativa-e-de-comunicacao-e-cria-tv-camara\" rel=\"noopener\">Informa\u00e7\u00f5es CML <\/a>","protected":false},"excerpt":{"rendered":"<p>Para melhorar a organiza\u00e7\u00e3o dos \u00f3rg\u00e3os internos da C\u00e2mara Municipal de Limeira, os vereadores aprovaram, na sess\u00e3o ordin\u00e1ria desta segunda-feira, 17 de mar\u00e7o, o Projeto de Resolu\u00e7\u00e3o N\u00ba 8\/2025, de autoria da mesa Diretora, que altera dispositivos e os anexos da Resolu\u00e7\u00e3o N\u00ba 846\/2023, que trata sobre a estrutura\u00e7\u00e3o administrativa e organizacional e sobre o [&hellip;]<\/p>\n","protected":false},"author":1,"featured_media":27371,"comment_status":"open","ping_status":"open","sticky":false,"template":"","format":"standard","meta":{"_jetpack_newsletter_access":"","_jetpack_dont_email_post_to_subs":false,"_jetpack_newsletter_tier_id":0,"_jetpack_memberships_contains_paywalled_content":false,"_mbp_banners":[],"_jetpack_feature_clip_id":0,"_jetpack_memberships_contains_paid_content":false,"footnotes":"","jetpack_publicize_message":"","jetpack_publicize_feature_enabled":true,"jetpack_social_post_already_shared":true,"jetpack_social_options":{"image_generator_settings":{"template":"highway","default_image_id":0,"font":"","enabled":false},"version":2},"jetpack_post_was_ever_published":false},"categories":[19],"tags":[],"class_list":["post-27370","post","type-post","status-publish","format-standard","has-post-thumbnail","category-politica"],"jetpack_publicize_connections":[],"jetpack-related-posts":[],"jetpack_shortlink":"https:\/\/wp.me\/p7Eq1F-77s","jetpack_sharing_enabled":true,"jetpack_featured_media_url":"https:\/\/i0.wp.com\/guialimeira.com.br\/news\/wp-content\/uploads\/2025\/03\/Camara-aprova-projeto-que-desmembra-secretarias-Legislativa-e-de-Comunicacao.jpeg?fit=1280%2C640&ssl=1","_links":{"self":[{"href":"https:\/\/guialimeira.com.br\/news\/wp-json\/wp\/v2\/posts\/27370","targetHints":{"allow":["GET"]}}],"collection":[{"href":"https:\/\/guialimeira.com.br\/news\/wp-json\/wp\/v2\/posts"}],"about":[{"href":"https:\/\/guialimeira.com.br\/news\/wp-json\/wp\/v2\/types\/post"}],"author":[{"embeddable":true,"href":"https:\/\/guialimeira.com.br\/news\/wp-json\/wp\/v2\/users\/1"}],"replies":[{"embeddable":true,"href":"https:\/\/guialimeira.com.br\/news\/wp-json\/wp\/v2\/comments?post=27370"}],"version-history":[{"count":1,"href":"https:\/\/guialimeira.com.br\/news\/wp-json\/wp\/v2\/posts\/27370\/revisions"}],"predecessor-version":[{"id":27372,"href":"https:\/\/guialimeira.com.br\/news\/wp-json\/wp\/v2\/posts\/27370\/revisions\/27372"}],"wp:featuredmedia":[{"embeddable":true,"href":"https:\/\/guialimeira.com.br\/news\/wp-json\/wp\/v2\/media\/27371"}],"wp:attachment":[{"href":"https:\/\/guialimeira.com.br\/news\/wp-json\/wp\/v2\/media?parent=27370"}],"wp:term":[{"taxonomy":"category","embeddable":true,"href":"https:\/\/guialimeira.com.br\/news\/wp-json\/wp\/v2\/categories?post=27370"},{"taxonomy":"post_tag","embeddable":true,"href":"https:\/\/guialimeira.com.br\/news\/wp-json\/wp\/v2\/tags?post=27370"}],"curies":[{"name":"wp","href":"https:\/\/api.w.org\/{rel}","templated":true}]}}