{"id":27356,"date":"2025-03-19T15:25:41","date_gmt":"2025-03-19T18:25:41","guid":{"rendered":"https:\/\/guialimeira.com.br\/?p=27356"},"modified":"2025-03-19T15:25:41","modified_gmt":"2025-03-19T18:25:41","slug":"comissao-busca-esclarecimentos-da-prefeitura-sobre-deficit-orcamentario-de-janeiro-e-fevereiro","status":"publish","type":"post","link":"https:\/\/guialimeira.com.br\/news\/comissao-busca-esclarecimentos-da-prefeitura-sobre-deficit-orcamentario-de-janeiro-e-fevereiro\/","title":{"rendered":"Comiss\u00e3o busca esclarecimentos da Prefeitura sobre d\u00e9ficit or\u00e7ament\u00e1rio de janeiro e fevereiro"},"content":{"rendered":"\n<figure class=\"wp-block-gallery has-nested-images columns-default is-cropped wp-block-gallery-1 is-layout-flex wp-block-gallery-is-layout-flex\"><\/figure>\n \r\n<br><img data-recalc-dims=\"1\" decoding=\"async\" src=\"https:\/\/i0.wp.com\/guialimeira.com.br\/wp-content\/uploads\/2025\/03\/2025-03-19_comissao-busca-esclarecimentos-da-prefeitura-sobre-deficit-orcamentario-de-janeiro-e-feve.jpeg?w=696&#038;ssl=1\" \/><br><div>\n\t\t\t\t\t<p>Para buscar esclarecimentos sobre o d\u00e9ficit or\u00e7ament\u00e1rio anunciado pela Prefeitura referente aos meses de janeiro e fevereiro deste ano, a Comiss\u00e3o de Or\u00e7amento e Fiscaliza\u00e7\u00e3o deliberou pelo encaminhamento de of\u00edcio ao Executivo, na reuni\u00e3o desta quarta-feira, 19 de mar\u00e7o. Lista de credores dos restos a pagar de 2024 e pagamento ao Cons\u00f3rcio Intermunicipal de Sa\u00fade da Regi\u00e3o Metropolitana de Campinas (Cismetro) tamb\u00e9m foram questionados.<\/p><p>De acordo com os membros do colegiado, secret\u00e1rios municipais informaram aos vereadores que a Prefeitura teve d\u00e9ficit or\u00e7ament\u00e1rio de R$ 25 milh\u00f5es em janeiro e R$ 40 milh\u00f5es em fevereiro. Com o of\u00edcio, os parlamentares perguntam o que motivou essa escassez de recursos.<\/p><p>Em outro documento, os parlamentares buscam informa\u00e7\u00f5es sobre os restos a pagar de 2024. Eles solicitaram a lista de credores, valores a receber e produtos ou servi\u00e7os prestados, quais deles aderiram ao programa de parcelamento de pagamento <a href=\"https:\/\/www.limeira.sp.leg.br\/noticias\/view\/2025-03-17_secretarios-municipais-prestam-contas-a-vereadores-sobre-decreto-de-pagamento-de-fornecedores\" rel=\"noopener\">anunciado em reuni\u00e3o na C\u00e2mara<\/a> na segunda-feira, 17 de mar\u00e7o, e quais fornecedores n\u00e3o aderiram.<\/p><p>Por \u00faltimo, a Comiss\u00e3o questionou o Executivo sobre os restos a pagar ao Cismetro. Segundo os vereadores, trata-se de um servi\u00e7o essencial na \u00e1rea da sa\u00fade, por esse motivo querem saber se h\u00e1 a possibilidade de haver um tratamento igual ao oferecido \u00e0s entidades filantr\u00f3picas.<\/p><p>A Comiss\u00e3o de or\u00e7amento e Fiscaliza\u00e7\u00e3o do Executivo \u00e9 respons\u00e1vel por analisar os aspectos financeiros e or\u00e7ament\u00e1rios de todas as proposi\u00e7\u00f5es apresentadas tanto pelo Legislativo, quanto pela Prefeitura, bem como fiscalizar os atos do Poder Executivo e investigar den\u00fancias sobre malversa\u00e7\u00e3o de dinheiro p\u00fablico, desvio de finalidade ou de poder praticados pelas autoridades p\u00fablicas integrantes da Administra\u00e7\u00e3o Municipal, inclusive os da administra\u00e7\u00e3o indireta.\u00a0<\/p><p>Fazem parte do colegiado a vereadora Lu Bogo (PL), presidente; Estev\u00e3o Nogueira (Avante), vice-presidente; e Elias Barbosa (PRTB), secret\u00e1rio. As reuni\u00f5es acontecem regimentalmente \u00e0s quartas-feiras, a partir das 10h e todas as delibera\u00e7\u00f5es s\u00e3o registradas em <a href=\"https:\/\/consulta.limeira.sp.leg.br\/arquivo?Id=485080\" rel=\"noopener\">ata<\/a>.<\/p>\t\t\t\t<\/div>\r\n<br>\r\n<br><a href=\"https:\/\/www.limeira.sp.leg.br\/noticias\/view\/2025-03-19_comissao-busca-esclarecimentos-da-prefeitura-sobre-deficit-orcamentario-de-janeiro-e-fevereiro\" rel=\"noopener\">Informa\u00e7\u00f5es CML <\/a>","protected":false},"excerpt":{"rendered":"<p>Para buscar esclarecimentos sobre o d\u00e9ficit or\u00e7ament\u00e1rio anunciado pela Prefeitura referente aos meses de janeiro e fevereiro deste ano, a Comiss\u00e3o de Or\u00e7amento e Fiscaliza\u00e7\u00e3o deliberou pelo encaminhamento de of\u00edcio ao Executivo, na reuni\u00e3o desta quarta-feira, 19 de mar\u00e7o. Lista de credores dos restos a pagar de 2024 e pagamento ao Cons\u00f3rcio Intermunicipal de Sa\u00fade [&hellip;]<\/p>\n","protected":false},"author":1,"featured_media":27357,"comment_status":"open","ping_status":"open","sticky":false,"template":"","format":"standard","meta":{"_jetpack_newsletter_access":"","_jetpack_dont_email_post_to_subs":false,"_jetpack_newsletter_tier_id":0,"_jetpack_memberships_contains_paywalled_content":false,"_mbp_banners":[],"_jetpack_feature_clip_id":0,"_jetpack_memberships_contains_paid_content":false,"footnotes":"","jetpack_publicize_message":"","jetpack_publicize_feature_enabled":true,"jetpack_social_post_already_shared":true,"jetpack_social_options":{"image_generator_settings":{"template":"highway","default_image_id":0,"font":"","enabled":false},"version":2},"jetpack_post_was_ever_published":false},"categories":[19],"tags":[],"class_list":["post-27356","post","type-post","status-publish","format-standard","has-post-thumbnail","category-politica"],"jetpack_publicize_connections":[],"jetpack-related-posts":[],"jetpack_shortlink":"https:\/\/wp.me\/p7Eq1F-77e","jetpack_sharing_enabled":true,"jetpack_featured_media_url":"https:\/\/i0.wp.com\/guialimeira.com.br\/news\/wp-content\/uploads\/2025\/03\/Comissao-busca-esclarecimentos-da-Prefeitura-sobre-deficit-orcamentario-de-janeiro.jpeg?fit=1280%2C640&ssl=1","_links":{"self":[{"href":"https:\/\/guialimeira.com.br\/news\/wp-json\/wp\/v2\/posts\/27356","targetHints":{"allow":["GET"]}}],"collection":[{"href":"https:\/\/guialimeira.com.br\/news\/wp-json\/wp\/v2\/posts"}],"about":[{"href":"https:\/\/guialimeira.com.br\/news\/wp-json\/wp\/v2\/types\/post"}],"author":[{"embeddable":true,"href":"https:\/\/guialimeira.com.br\/news\/wp-json\/wp\/v2\/users\/1"}],"replies":[{"embeddable":true,"href":"https:\/\/guialimeira.com.br\/news\/wp-json\/wp\/v2\/comments?post=27356"}],"version-history":[{"count":1,"href":"https:\/\/guialimeira.com.br\/news\/wp-json\/wp\/v2\/posts\/27356\/revisions"}],"predecessor-version":[{"id":27358,"href":"https:\/\/guialimeira.com.br\/news\/wp-json\/wp\/v2\/posts\/27356\/revisions\/27358"}],"wp:featuredmedia":[{"embeddable":true,"href":"https:\/\/guialimeira.com.br\/news\/wp-json\/wp\/v2\/media\/27357"}],"wp:attachment":[{"href":"https:\/\/guialimeira.com.br\/news\/wp-json\/wp\/v2\/media?parent=27356"}],"wp:term":[{"taxonomy":"category","embeddable":true,"href":"https:\/\/guialimeira.com.br\/news\/wp-json\/wp\/v2\/categories?post=27356"},{"taxonomy":"post_tag","embeddable":true,"href":"https:\/\/guialimeira.com.br\/news\/wp-json\/wp\/v2\/tags?post=27356"}],"curies":[{"name":"wp","href":"https:\/\/api.w.org\/{rel}","templated":true}]}}