{"id":27353,"date":"2025-03-19T15:20:44","date_gmt":"2025-03-19T18:20:44","guid":{"rendered":"https:\/\/guialimeira.com.br\/2025\/03\/19\/israel-ameaca-civis-de-gaza-com-ultimo-aviso-para-destruicao-total\/"},"modified":"2025-03-19T15:20:44","modified_gmt":"2025-03-19T18:20:44","slug":"israel-ameaca-civis-de-gaza-com-ultimo-aviso-para-destruicao-total","status":"publish","type":"post","link":"https:\/\/guialimeira.com.br\/news\/israel-ameaca-civis-de-gaza-com-ultimo-aviso-para-destruicao-total\/","title":{"rendered":"Israel amea\u00e7a civis de Gaza com \u00faltimo aviso para \u201cdestrui\u00e7\u00e3o total\u201d"},"content":{"rendered":"<p> <br \/>\n<\/p>\n<div>\n<p>O ministro da Defesa de Israel, Israel Katz, divulgou nesta quarta-feira (19) uma <a href=\"https:\/\/x.com\/Israel_katz\/status\/1902388250053861589\" target=\"_blank\">mensagem em uma rede social<\/a>, dirigida aos moradores civis da Faixa de Gaza, onde amea\u00e7a com a \u201cdestrui\u00e7\u00e3o total\u201d da regi\u00e3o caso a popula\u00e7\u00e3o n\u00e3o remova o Hamas e n\u00e3o entregue os ref\u00e9ns israelenses.<img data-recalc-dims=\"1\" decoding=\"async\" src=\"https:\/\/i0.wp.com\/agenciabrasil.ebc.com.br\/ebc.png?w=696&#038;ssl=1\" style=\"width:1px; height:1px; display:inline;\"\/><img data-recalc-dims=\"1\" decoding=\"async\" src=\"https:\/\/i0.wp.com\/agenciabrasil.ebc.com.br\/ebc.gif?w=696&#038;ssl=1\" style=\"width:1px; height:1px; display:inline;\"\/><\/p>\n<blockquote>\n<p>\u201cMoradores civis de Gaza, esse \u00e9 o \u00faltimo aviso. O ataque da for\u00e7a a\u00e9rea contra os terroristas do Hamas foi apenas o primeiro passo. O resto ser\u00e1 muito mais dif\u00edcil e voc\u00eas pagar\u00e3o o pre\u00e7o total. A evacua\u00e7\u00e3o da popula\u00e7\u00e3o das zonas de batalha come\u00e7ar\u00e1 novamente em breve\u201d, afirmou o chefe das For\u00e7as Armadas israelenses.<\/p>\n<\/blockquote>\n<p>Em sua mensagem, Katz pede ao povo palestino de Gaza que aceite a oferta do presidente dos Estados Unidos, Donald Trump, que defende a remo\u00e7\u00e3o dos moradores do enclave para outros pa\u00edses, com posterior anexa\u00e7\u00e3o do territ\u00f3rio. <strong>A solu\u00e7\u00e3o \u00e9 rejeitada pelos estados \u00e1rabes e pelas lideran\u00e7as palestinas.<\/strong> Mas o ministro da Defesa amea\u00e7a, afirmando que, caso contr\u00e1rio, \u201cIsrael agir\u00e1 com for\u00e7as que voc\u00eas ainda n\u00e3o conhecem\u201d.\u00a0<\/p>\n<blockquote>\n<p>\u201cAceite a oferta do presidente dos EUA, liberte os ref\u00e9ns e elimine o Hamas, e outras op\u00e7\u00f5es se abrir\u00e3o para voc\u00ea, incluindo ir para outros lugares do mundo, para quem quiser. A alternativa \u00e9 destrui\u00e7\u00e3o total\u201d, finaliza a mensagem Katz.<\/p>\n<\/blockquote>\n<p><strong>Na ter\u00e7a-feira (18), <\/strong><a href=\"https:\/\/agenciabrasil.ebc.com.br\/internacional\/noticia\/2025-03\/israel-continua-bombardear-gaza-e-avisa-que-e-apenas-o-inicio\" target=\"_blank\" rel=\"noopener\">Israel retomou os bombardeios contra Gaza ap\u00f3s quase 2 meses de um cessar-fogo relativo<\/a>. O Minist\u00e9rio da Sa\u00fade local calculou que os recentes <a href=\"https:\/\/agenciabrasil.ebc.com.br\/internacional\/noticia\/2025-03\/ataques-israelenses-matam-mais-de-400-pessoas-em-gaza\" target=\"_blank\" rel=\"noopener\">bombardeios mataram mais de 400 pessoas, incluindo mais de 100 crian\u00e7as<\/a>.<\/p>\n<p>O governo do primeiro-ministro Benjamin Netanyahu alega que o Hamas n\u00e3o tem aceitado negociar a entrega dos 59 ref\u00e9ns que permanecem sob controle do grupo isl\u00e2mico palestino, al\u00e9m de supostamente planejar novos ataques contra o pa\u00eds.<\/p>\n<h2>Hamas<\/h2>\n<p><strong>O Hamas nega que tenha rejeitado as negocia\u00e7\u00f5es para libera\u00e7\u00e3o dos ref\u00e9ns<\/strong> e afirma que o governo de Tel-Aviv usa pretextos falsos para justificar o retorno \u00e0 guerra.<\/p>\n<p>\u201cA ocupa\u00e7\u00e3o [de Israel] est\u00e1 tentando enganar a opini\u00e3o p\u00fablica e criar falsas justificativas para encobrir sua decis\u00e3o premeditada de retomar seu genoc\u00eddio contra civis desarmados; desconsiderando completamente seus compromissos sob o acordo de cessar-fogo\u201d, denuncia o grupo, em nota.<\/p>\n<p>O Hamas ainda responsabilizou diretamente os EUA pelo retorno dos bombardeios.\u00a0<\/p>\n<blockquote>\n<p>\u201cCom seu apoio pol\u00edtico e militar ilimitado \u00e0 ocupa\u00e7\u00e3o, Washington tem total responsabilidade pelos massacres e assassinatos de mulheres e crian\u00e7as em Gaza\u201d, afirmou o grupo.<\/p>\n<\/blockquote>\n<p>Representantes da Casa Branca confirmaram que foram informados por Israel que retomariam os bombardeios em Gaza, segundo a <em>Reuters<\/em>.<\/p>\n<h2>Entenda<\/h2>\n<p>Especialistas no conflito do Oriente M\u00e9dio consultados pela <strong>Ag\u00eancia Brasil<\/strong> avaliam que a volta da guerra por Israel busca consolidar o plano para anexar o territ\u00f3rio da Faixa de Gaza, al\u00e9m de <a href=\"https:\/\/agenciabrasil.ebc.com.br\/internacional\/noticia\/2025-03\/volta-da-guerra-por-israel-busca-anexar-gaza-e-blindar-netanyahu\" target=\"_blank\" rel=\"noopener\">servir para blindar o primeiro-ministro Benjamin Netanyahu<\/a>, acusado de corrup\u00e7\u00e3o e sob risco de dissolu\u00e7\u00e3o do seu gabinete com a perda de apoio dos setores mais radicais do parlamento.<\/p>\n<blockquote>\n<p>\u201cA retirada unilateral de Israel do cessar-fogo \u00e9 totalmente esperada e resultado de suas pr\u00f3prias ambi\u00e7\u00f5es. A retomada da matan\u00e7a de moradores de Gaza sob o pretexto de combater o terrorismo\/Hamas \u00e9 parte de uma estrat\u00e9gia de ocupa\u00e7\u00e3o ilegal e anexa\u00e7\u00e3o de terras em Gaza\u201d, avaliou a professora de p\u00f3s-gradua\u00e7\u00e3o em Rela\u00e7\u00f5es Internacionais da PUC de Minas Gerais Rashmi Singh.<\/p>\n<\/blockquote>\n<p>      <!-- Relacionada --><\/p>\n<p>            <!-- Relacionada -->\n    <\/div>\n<p><br \/>\n<br \/><a href=\"https:\/\/agenciabrasil.ebc.com.br\/internacional\/noticia\/2025-03\/israel-ameaca-civis-de-gaza-com-ultimo-aviso-para-destruicao-total\" rel=\"noopener\">Ag\u00eancia Brasil <\/a><\/p>\n","protected":false},"excerpt":{"rendered":"<p>O ministro da Defesa de Israel, Israel Katz, divulgou nesta quarta-feira (19) uma mensagem em uma rede social, dirigida aos moradores civis da Faixa de Gaza, onde amea\u00e7a com a \u201cdestrui\u00e7\u00e3o total\u201d da regi\u00e3o caso a popula\u00e7\u00e3o n\u00e3o remova o Hamas e n\u00e3o entregue os ref\u00e9ns israelenses. \u201cMoradores civis de Gaza, esse \u00e9 o \u00faltimo [&hellip;]<\/p>\n","protected":false},"author":1,"featured_media":27354,"comment_status":"open","ping_status":"open","sticky":false,"template":"","format":"standard","meta":{"_jetpack_newsletter_access":"","_jetpack_dont_email_post_to_subs":false,"_jetpack_newsletter_tier_id":0,"_jetpack_memberships_contains_paywalled_content":false,"_mbp_banners":[],"_jetpack_feature_clip_id":0,"_jetpack_memberships_contains_paid_content":false,"footnotes":"","jetpack_publicize_message":"","jetpack_publicize_feature_enabled":true,"jetpack_social_post_already_shared":true,"jetpack_social_options":{"image_generator_settings":{"template":"highway","default_image_id":0,"font":"","enabled":false},"version":2},"jetpack_post_was_ever_published":false},"categories":[25],"tags":[],"class_list":["post-27353","post","type-post","status-publish","format-standard","has-post-thumbnail","category-internacional"],"jetpack_publicize_connections":[],"jetpack-related-posts":[],"jetpack_shortlink":"https:\/\/wp.me\/p7Eq1F-77b","jetpack_sharing_enabled":true,"jetpack_featured_media_url":"https:\/\/i0.wp.com\/guialimeira.com.br\/news\/wp-content\/uploads\/2025\/03\/2025-03-19t170118z_266725095_rc2ggdawxoh7_rtrmadp_3_israel-palestinians-gaza.jpg?fit=1600%2C800&ssl=1","_links":{"self":[{"href":"https:\/\/guialimeira.com.br\/news\/wp-json\/wp\/v2\/posts\/27353","targetHints":{"allow":["GET"]}}],"collection":[{"href":"https:\/\/guialimeira.com.br\/news\/wp-json\/wp\/v2\/posts"}],"about":[{"href":"https:\/\/guialimeira.com.br\/news\/wp-json\/wp\/v2\/types\/post"}],"author":[{"embeddable":true,"href":"https:\/\/guialimeira.com.br\/news\/wp-json\/wp\/v2\/users\/1"}],"replies":[{"embeddable":true,"href":"https:\/\/guialimeira.com.br\/news\/wp-json\/wp\/v2\/comments?post=27353"}],"version-history":[{"count":0,"href":"https:\/\/guialimeira.com.br\/news\/wp-json\/wp\/v2\/posts\/27353\/revisions"}],"wp:featuredmedia":[{"embeddable":true,"href":"https:\/\/guialimeira.com.br\/news\/wp-json\/wp\/v2\/media\/27354"}],"wp:attachment":[{"href":"https:\/\/guialimeira.com.br\/news\/wp-json\/wp\/v2\/media?parent=27353"}],"wp:term":[{"taxonomy":"category","embeddable":true,"href":"https:\/\/guialimeira.com.br\/news\/wp-json\/wp\/v2\/categories?post=27353"},{"taxonomy":"post_tag","embeddable":true,"href":"https:\/\/guialimeira.com.br\/news\/wp-json\/wp\/v2\/tags?post=27353"}],"curies":[{"name":"wp","href":"https:\/\/api.w.org\/{rel}","templated":true}]}}