{"id":27309,"date":"2025-03-19T11:20:53","date_gmt":"2025-03-19T14:20:53","guid":{"rendered":"https:\/\/guialimeira.com.br\/?p=27309"},"modified":"2025-03-19T11:20:53","modified_gmt":"2025-03-19T14:20:53","slug":"presidente-da-camara-recebe-pauta-da-educacao-em-reuniao-com-apeoesp","status":"publish","type":"post","link":"https:\/\/guialimeira.com.br\/news\/presidente-da-camara-recebe-pauta-da-educacao-em-reuniao-com-apeoesp\/","title":{"rendered":"Presidente da C\u00e2mara recebe pauta da Educa\u00e7\u00e3o em reuni\u00e3o com Apeoesp"},"content":{"rendered":"\n<figure class=\"wp-block-gallery has-nested-images columns-default is-cropped wp-block-gallery-1 is-layout-flex wp-block-gallery-is-layout-flex\"><\/figure>\n \r\n<br><img data-recalc-dims=\"1\" decoding=\"async\" src=\"https:\/\/i0.wp.com\/guialimeira.com.br\/wp-content\/uploads\/2025\/03\/2025-03-19_presidente-da-camara-recebe-pauta-da-educacao-em-reuniao-com-apeoesp_1.jpg?w=696&#038;ssl=1\" \/><br><div>\n\t\t\t\t\t<p>O presidente da C\u00e2mara Municipal, vereador Everton Ferreira (PSD), recebeu na tarde desta ter\u00e7a-feira, 18 de mar\u00e7o, representantes do Sindicato dos Professores do Ensino Oficial do Estado de S\u00e3o Paulo (Apeoesp) para apresenta\u00e7\u00e3o da pauta da Campanha Salarial dos Profissionais do Magist\u00e9rio. O documento traz 17 itens, considerados neste momento os principais pontos de reivindica\u00e7\u00e3o da categoria.<\/p><p>\u00a0Participaram da reuni\u00e3o a coordenadora da Apeoesp Limeira, \u00c9rika Monteiro Moraes, o conselheiro Edvaldo Mendes e as conselheiras Claudin\u00e9ia Morais e Ana Em\u00edlia Oliveira. \u201cNossa pauta traz tr\u00eas eixos: reajuste salarial, melhorias pedag\u00f3gicas e estrutura das escolas\u201d, disse \u00c9rika.<\/p><p>\u00a0Entre os pleitos da categoria docente municipal relacionados a quest\u00f5es salariais est\u00e3o reajuste de 12,87%; garantia do reajuste do Piso Salarial do Magist\u00e9rio retroativo a janeiro, com recomposi\u00e7\u00e3o das perdas salariais; vale alimenta\u00e7\u00e3o para todos, com reajuste; e cronograma para a recupera\u00e7\u00e3o das perdas salariais dos professores.<\/p><p>\u00a0Segundo o vereador, uma das preocupa\u00e7\u00f5es \u00e9 ainda com o concurso p\u00fablico de 2014, por isso o sindicato pede a garantia e manuten\u00e7\u00e3o dos cargos. Outros pontos abrangem a manuten\u00e7\u00e3o da Mesa de Negocia\u00e7\u00e3o Permanente, a realiza\u00e7\u00e3o de chamada de professores para classes livres e realiza\u00e7\u00e3o de concursos para provimentos de cargos; e altera\u00e7\u00f5es na <a href=\"https:\/\/legislacao.limeira.sp.leg.br\/limeira-sp?Pagina=1&amp;Pesquisa=Avancada&amp;TipoId=0&amp;Numero=745&amp;Ano=2015&amp;Data=&amp;NumeroFinal=&amp;AnoFinal=&amp;DataFinal=&amp;SituacaoId=0&amp;ClassificacaoId=0&amp;IniciativaTipoId=0&amp;IniciativaEntidadeId=0&amp;EmentaAssunto=&amp;NoTexto=false\" rel=\"noopener\">Lei N\u00ba 745\/2015<\/a> para adequar o quadro de cargos para o magist\u00e9rio. \u201cPrecisamos de concurso principalmente para a educa\u00e7\u00e3o especial e educa\u00e7\u00e3o infantil\u201d, afirmou Ana Em\u00edlia.<\/p><p>\u00a0Everton explicou ainda que o di\u00e1logo sobre a educa\u00e7\u00e3o de Limeira passou pela necessidade de constru\u00e7\u00e3o de unidades escolares, adequa\u00e7\u00f5es e reformas, bem como realizar a cobertura de quadras poliesportivas e climatiza\u00e7\u00e3o das salas.<\/p><p>\u00a0\u201cA valoriza\u00e7\u00e3o dos profissionais da educa\u00e7\u00e3o e a estrutura adequada aos estudantes \u00e9 sempre necess\u00e1ria. A escola \u00e9 uma ferramenta transformadora em nossa sociedade e o que precisar da chancela da C\u00e2mara, sem d\u00favidas, poder\u00e1 contar com os vereadores\u201d, afirmou o parlamentar.<\/p><p>\u00a0A Apeoesp dever\u00e1 fazer uso da Tribuna da C\u00e2mara no pr\u00f3ximo dia 24, durante a sess\u00e3o ordin\u00e1ria, para tratar sobre o assunto.<\/p><p><i>Do Gabinete Parlamentar \u2013 Vereador Everton Ferreira (PSD)<\/i><\/p><p><i>*Fotos do Gabinete parlamentar<\/i><\/p><p><strong>As mat\u00e9rias de origem dos Gabinetes Parlamentares s\u00e3o de inteira\u00a0 responsabilidade dos parlamentares e de suas assessorias. S\u00e3o devidamente assinadas e n\u00e3o refletem, necessariamente, a opini\u00e3o institucional da C\u00e2mara Municipal de Limeira.<\/strong><\/p><p>\u00a0<\/p>\t\t\t\t<\/div>\r\n<br>\r\n<br><a href=\"https:\/\/www.limeira.sp.leg.br\/noticias\/view\/2025-03-19_presidente-da-camara-recebe-pauta-da-educacao-em-reuniao-com-apeoesp\" rel=\"noopener\">Informa\u00e7\u00f5es CML <\/a>","protected":false},"excerpt":{"rendered":"<p>O presidente da C\u00e2mara Municipal, vereador Everton Ferreira (PSD), recebeu na tarde desta ter\u00e7a-feira, 18 de mar\u00e7o, representantes do Sindicato dos Professores do Ensino Oficial do Estado de S\u00e3o Paulo (Apeoesp) para apresenta\u00e7\u00e3o da pauta da Campanha Salarial dos Profissionais do Magist\u00e9rio. O documento traz 17 itens, considerados neste momento os principais pontos de reivindica\u00e7\u00e3o [&hellip;]<\/p>\n","protected":false},"author":1,"featured_media":27310,"comment_status":"open","ping_status":"open","sticky":false,"template":"","format":"standard","meta":{"_jetpack_newsletter_access":"","_jetpack_dont_email_post_to_subs":false,"_jetpack_newsletter_tier_id":0,"_jetpack_memberships_contains_paywalled_content":false,"_mbp_banners":[],"_jetpack_feature_clip_id":0,"_jetpack_memberships_contains_paid_content":false,"footnotes":"","jetpack_publicize_message":"","jetpack_publicize_feature_enabled":true,"jetpack_social_post_already_shared":true,"jetpack_social_options":{"image_generator_settings":{"template":"highway","default_image_id":0,"font":"","enabled":false},"version":2},"jetpack_post_was_ever_published":false},"categories":[19],"tags":[],"class_list":["post-27309","post","type-post","status-publish","format-standard","has-post-thumbnail","category-politica"],"jetpack_publicize_connections":[],"jetpack-related-posts":[],"jetpack_shortlink":"https:\/\/wp.me\/p7Eq1F-76t","jetpack_sharing_enabled":true,"jetpack_featured_media_url":"https:\/\/i0.wp.com\/guialimeira.com.br\/news\/wp-content\/uploads\/2025\/03\/Presidente-da-Camara-recebe-pauta-da-Educacao-em-reuniao-com.jpg?fit=1280%2C640&ssl=1","_links":{"self":[{"href":"https:\/\/guialimeira.com.br\/news\/wp-json\/wp\/v2\/posts\/27309","targetHints":{"allow":["GET"]}}],"collection":[{"href":"https:\/\/guialimeira.com.br\/news\/wp-json\/wp\/v2\/posts"}],"about":[{"href":"https:\/\/guialimeira.com.br\/news\/wp-json\/wp\/v2\/types\/post"}],"author":[{"embeddable":true,"href":"https:\/\/guialimeira.com.br\/news\/wp-json\/wp\/v2\/users\/1"}],"replies":[{"embeddable":true,"href":"https:\/\/guialimeira.com.br\/news\/wp-json\/wp\/v2\/comments?post=27309"}],"version-history":[{"count":1,"href":"https:\/\/guialimeira.com.br\/news\/wp-json\/wp\/v2\/posts\/27309\/revisions"}],"predecessor-version":[{"id":27311,"href":"https:\/\/guialimeira.com.br\/news\/wp-json\/wp\/v2\/posts\/27309\/revisions\/27311"}],"wp:featuredmedia":[{"embeddable":true,"href":"https:\/\/guialimeira.com.br\/news\/wp-json\/wp\/v2\/media\/27310"}],"wp:attachment":[{"href":"https:\/\/guialimeira.com.br\/news\/wp-json\/wp\/v2\/media?parent=27309"}],"wp:term":[{"taxonomy":"category","embeddable":true,"href":"https:\/\/guialimeira.com.br\/news\/wp-json\/wp\/v2\/categories?post=27309"},{"taxonomy":"post_tag","embeddable":true,"href":"https:\/\/guialimeira.com.br\/news\/wp-json\/wp\/v2\/tags?post=27309"}],"curies":[{"name":"wp","href":"https:\/\/api.w.org\/{rel}","templated":true}]}}