{"id":27277,"date":"2025-03-19T05:31:40","date_gmt":"2025-03-19T08:31:40","guid":{"rendered":"https:\/\/guialimeira.com.br\/?p=27277"},"modified":"2025-03-19T05:31:41","modified_gmt":"2025-03-19T08:31:41","slug":"falta-de-medicamentos-controlados-vereadora-lu-bogo-cobra-solucao-para-pacientes","status":"publish","type":"post","link":"https:\/\/guialimeira.com.br\/news\/falta-de-medicamentos-controlados-vereadora-lu-bogo-cobra-solucao-para-pacientes\/","title":{"rendered":"Falta de medicamentos controlados: Vereadora Lu Bogo cobra solu\u00e7\u00e3o para pacientes"},"content":{"rendered":"\n<p class=\"wp-block-paragraph\">A vereadora <strong>Lu Bogo (PL)<\/strong> encaminhou um requerimento ao <strong>Poder Executivo<\/strong> solicitando informa\u00e7\u00f5es sobre o impacto da <strong>falta de medicamentos controlados<\/strong> na sa\u00fade dos pacientes da rede p\u00fablica. A principal preocupa\u00e7\u00e3o \u00e9 a necessidade de um novo agendamento m\u00e9dico quando a receita vence antes da reposi\u00e7\u00e3o dos rem\u00e9dios, o que pode <strong>agravar o estado de sa\u00fade dos pacientes<\/strong>.<\/p>\n\n\n\n<h3 class=\"wp-block-heading\"><strong>Principais questionamentos<\/strong><\/h3>\n\n\n\n<p class=\"wp-block-paragraph\">A parlamentar busca esclarecimentos sobre:<br>\u2705 <strong>Quais medidas est\u00e3o sendo adotadas<\/strong> para evitar a interrup\u00e7\u00e3o do tratamento de pacientes que dependem de medicamentos controlados;<br>\u2705 <strong>Se h\u00e1 um estudo ou planejamento<\/strong> para evitar que a falta de rem\u00e9dios e a demora no agendamento de consultas prejudiquem ainda mais os pacientes.<\/p>\n\n\n\n<h3 class=\"wp-block-heading\"><strong>Justificativa do requerimento<\/strong><\/h3>\n\n\n\n<p class=\"wp-block-paragraph\">Moradores t\u00eam relatado dificuldades devido \u00e0 <strong>falta de rem\u00e9dios controlados<\/strong> na rede p\u00fablica. Com a demora na reposi\u00e7\u00e3o, a <strong>receita m\u00e9dica vence<\/strong>, e os pacientes precisam marcar uma <strong>nova consulta<\/strong> para obter a prescri\u00e7\u00e3o. O problema se agrava ainda mais porque o agendamento pode demorar, deixando essas pessoas <strong>sem o tratamento necess\u00e1rio<\/strong> por um longo per\u00edodo.<\/p>\n\n\n\n<p class=\"wp-block-paragraph\">A vereadora Lu Bogo refor\u00e7a a <strong>import\u00e2ncia de solu\u00e7\u00f5es efetivas<\/strong> para garantir que os pacientes n\u00e3o tenham seus tratamentos interrompidos. A expectativa agora \u00e9 que o Poder Executivo se manifeste sobre o assunto e apresente alternativas para minimizar os impactos dessa situa\u00e7\u00e3o.<\/p>\n\n\n\n<p class=\"wp-block-paragraph\">\u26a0\ufe0f <strong>Acompanhe as atualiza\u00e7\u00f5es sobre este tema e fique por dentro das a\u00e7\u00f5es da vereadora Lu Bogo!<\/strong><\/p>\n","protected":false},"excerpt":{"rendered":"<p>A vereadora Lu Bogo (PL) encaminhou um requerimento ao Poder Executivo solicitando informa\u00e7\u00f5es sobre o impacto da falta de medicamentos controlados na sa\u00fade dos pacientes da rede p\u00fablica. A principal preocupa\u00e7\u00e3o \u00e9 a necessidade de um novo agendamento m\u00e9dico quando a receita vence antes da reposi\u00e7\u00e3o dos rem\u00e9dios, o que pode agravar o estado de [&hellip;]<\/p>\n","protected":false},"author":1,"featured_media":27278,"comment_status":"open","ping_status":"open","sticky":false,"template":"","format":"standard","meta":{"_jetpack_newsletter_access":"","_jetpack_dont_email_post_to_subs":false,"_jetpack_newsletter_tier_id":0,"_jetpack_memberships_contains_paywalled_content":false,"_mbp_banners":[],"_jetpack_feature_clip_id":0,"_jetpack_memberships_contains_paid_content":false,"footnotes":"","jetpack_publicize_message":"","jetpack_publicize_feature_enabled":true,"jetpack_social_post_already_shared":true,"jetpack_social_options":{"image_generator_settings":{"template":"highway","default_image_id":0,"font":"","enabled":false},"version":2},"jetpack_post_was_ever_published":false},"categories":[19,15],"tags":[],"class_list":["post-27277","post","type-post","status-publish","format-standard","has-post-thumbnail","category-politica","category-saude"],"jetpack_publicize_connections":[],"jetpack-related-posts":[],"jetpack_shortlink":"https:\/\/wp.me\/p7Eq1F-75X","jetpack_sharing_enabled":true,"jetpack_featured_media_url":"https:\/\/i0.wp.com\/guialimeira.com.br\/news\/wp-content\/uploads\/2025\/03\/Receita-Medica.jpg?fit=2110%2C900&ssl=1","_links":{"self":[{"href":"https:\/\/guialimeira.com.br\/news\/wp-json\/wp\/v2\/posts\/27277","targetHints":{"allow":["GET"]}}],"collection":[{"href":"https:\/\/guialimeira.com.br\/news\/wp-json\/wp\/v2\/posts"}],"about":[{"href":"https:\/\/guialimeira.com.br\/news\/wp-json\/wp\/v2\/types\/post"}],"author":[{"embeddable":true,"href":"https:\/\/guialimeira.com.br\/news\/wp-json\/wp\/v2\/users\/1"}],"replies":[{"embeddable":true,"href":"https:\/\/guialimeira.com.br\/news\/wp-json\/wp\/v2\/comments?post=27277"}],"version-history":[{"count":1,"href":"https:\/\/guialimeira.com.br\/news\/wp-json\/wp\/v2\/posts\/27277\/revisions"}],"predecessor-version":[{"id":27279,"href":"https:\/\/guialimeira.com.br\/news\/wp-json\/wp\/v2\/posts\/27277\/revisions\/27279"}],"wp:featuredmedia":[{"embeddable":true,"href":"https:\/\/guialimeira.com.br\/news\/wp-json\/wp\/v2\/media\/27278"}],"wp:attachment":[{"href":"https:\/\/guialimeira.com.br\/news\/wp-json\/wp\/v2\/media?parent=27277"}],"wp:term":[{"taxonomy":"category","embeddable":true,"href":"https:\/\/guialimeira.com.br\/news\/wp-json\/wp\/v2\/categories?post=27277"},{"taxonomy":"post_tag","embeddable":true,"href":"https:\/\/guialimeira.com.br\/news\/wp-json\/wp\/v2\/tags?post=27277"}],"curies":[{"name":"wp","href":"https:\/\/api.w.org\/{rel}","templated":true}]}}