{"id":27274,"date":"2025-03-19T05:28:31","date_gmt":"2025-03-19T08:28:31","guid":{"rendered":"https:\/\/guialimeira.com.br\/?p=27274"},"modified":"2025-03-19T05:28:33","modified_gmt":"2025-03-19T08:28:33","slug":"iluminacao-publica-em-limeira-vereador-waguinho-da-santa-luzia-questiona-processo-de-substituicao-por-lampadas-led","status":"publish","type":"post","link":"https:\/\/guialimeira.com.br\/news\/iluminacao-publica-em-limeira-vereador-waguinho-da-santa-luzia-questiona-processo-de-substituicao-por-lampadas-led\/","title":{"rendered":"Ilumina\u00e7\u00e3o P\u00fablica em Limeira: Vereador Waguinho da Santa Luzia questiona processo de substitui\u00e7\u00e3o por l\u00e2mpadas LED"},"content":{"rendered":"\n<p class=\"wp-block-paragraph\">O vereador <strong>Wagner de Souza Rodrigues Costa (Waguinho da Santa Luzia)<\/strong> solicitou informa\u00e7\u00f5es ao Poder Executivo sobre o processo de licita\u00e7\u00e3o para a substitui\u00e7\u00e3o de l\u00e2mpadas HID por lumin\u00e1rias de tecnologia LED em <strong>pra\u00e7as p\u00fablicas, passarelas, rotat\u00f3rias e canteiros de Limeira<\/strong>.<\/p>\n\n\n\n<h3 class=\"wp-block-heading\"><strong>Principais Questionamentos<\/strong><\/h3>\n\n\n\n<p class=\"wp-block-paragraph\">A solicita\u00e7\u00e3o inclui detalhes sobre:<br>\u2705 <strong>N\u00famero do processo licitat\u00f3rio<\/strong> para a contrata\u00e7\u00e3o da empresa respons\u00e1vel pela substitui\u00e7\u00e3o da ilumina\u00e7\u00e3o;<br>\u2705 <strong>Fase atual do processo<\/strong> e previs\u00e3o para o in\u00edcio das trocas;<br>\u2705 <strong>Substitui\u00e7\u00e3o espec\u00edfica na Pra\u00e7a Maria Aparecida da Silva Ottani<\/strong> e possibilidade de participa\u00e7\u00e3o de particulares na troca das l\u00e2mpadas;<br>\u2705 <strong>Quantidade de postes met\u00e1licos existentes na pra\u00e7a<\/strong> e possibilidade de manter a estrutura atual, substituindo apenas as l\u00e2mpadas;<br>\u2705 <strong>Custo estimado<\/strong> para a substitui\u00e7\u00e3o integral da ilumina\u00e7\u00e3o.<\/p>\n\n\n\n<h3 class=\"wp-block-heading\"><strong>Justificativa da Solicita\u00e7\u00e3o<\/strong><\/h3>\n\n\n\n<p class=\"wp-block-paragraph\">O pedido tem <strong>car\u00e1ter fiscalizat\u00f3rio<\/strong> e atende \u00e0s prerrogativas da Constitui\u00e7\u00e3o Federal e da Lei Org\u00e2nica do Munic\u00edpio de Limeira.<\/p>\n\n\n\n<p class=\"wp-block-paragraph\">Moradores que frequentam a <strong>Pra\u00e7a Maria Aparecida da Silva Ottani<\/strong> relataram que a baixa luminosidade tem aumentado a sensa\u00e7\u00e3o de inseguran\u00e7a, afastando fam\u00edlias do local. A substitui\u00e7\u00e3o por <strong>lumin\u00e1rias LED<\/strong>, que possuem maior efici\u00eancia energ\u00e9tica e melhor visibilidade, poderia inibir a presen\u00e7a de indiv\u00edduos mal-intencionados e devolver a pra\u00e7a \u00e0 comunidade.<\/p>\n\n\n\n<p class=\"wp-block-paragraph\">A moderniza\u00e7\u00e3o da ilumina\u00e7\u00e3o p\u00fablica \u00e9 essencial para a seguran\u00e7a e qualidade de vida da popula\u00e7\u00e3o. Agora, aguarda-se o posicionamento do Poder Executivo sobre os questionamentos levantados.<\/p>\n\n\n\n<p class=\"wp-block-paragraph\">\ud83d\udd0e <strong>Fique por dentro das atualiza\u00e7\u00f5es sobre esse tema e acompanhe as a\u00e7\u00f5es do vereador Waguinho da Santa Luzia!<\/strong><\/p>\n","protected":false},"excerpt":{"rendered":"<p>O vereador Wagner de Souza Rodrigues Costa (Waguinho da Santa Luzia) solicitou informa\u00e7\u00f5es ao Poder Executivo sobre o processo de licita\u00e7\u00e3o para a substitui\u00e7\u00e3o de l\u00e2mpadas HID por lumin\u00e1rias de tecnologia LED em pra\u00e7as p\u00fablicas, passarelas, rotat\u00f3rias e canteiros de Limeira. Principais Questionamentos A solicita\u00e7\u00e3o inclui detalhes sobre:\u2705 N\u00famero do processo licitat\u00f3rio para a contrata\u00e7\u00e3o [&hellip;]<\/p>\n","protected":false},"author":1,"featured_media":27275,"comment_status":"open","ping_status":"open","sticky":false,"template":"","format":"standard","meta":{"_jetpack_newsletter_access":"","_jetpack_dont_email_post_to_subs":false,"_jetpack_newsletter_tier_id":0,"_jetpack_memberships_contains_paywalled_content":false,"_mbp_banners":[],"_jetpack_feature_clip_id":0,"_jetpack_memberships_contains_paid_content":false,"footnotes":"","jetpack_publicize_message":"","jetpack_publicize_feature_enabled":true,"jetpack_social_post_already_shared":true,"jetpack_social_options":{"image_generator_settings":{"template":"highway","default_image_id":0,"font":"","enabled":false},"version":2},"jetpack_post_was_ever_published":false},"categories":[19],"tags":[],"class_list":["post-27274","post","type-post","status-publish","format-standard","has-post-thumbnail","category-politica"],"jetpack_publicize_connections":[],"jetpack-related-posts":[],"jetpack_shortlink":"https:\/\/wp.me\/p7Eq1F-75U","jetpack_sharing_enabled":true,"jetpack_featured_media_url":"https:\/\/i0.wp.com\/guialimeira.com.br\/news\/wp-content\/uploads\/2025\/03\/LED-EM-limeira.jpeg?fit=2560%2C1706&ssl=1","_links":{"self":[{"href":"https:\/\/guialimeira.com.br\/news\/wp-json\/wp\/v2\/posts\/27274","targetHints":{"allow":["GET"]}}],"collection":[{"href":"https:\/\/guialimeira.com.br\/news\/wp-json\/wp\/v2\/posts"}],"about":[{"href":"https:\/\/guialimeira.com.br\/news\/wp-json\/wp\/v2\/types\/post"}],"author":[{"embeddable":true,"href":"https:\/\/guialimeira.com.br\/news\/wp-json\/wp\/v2\/users\/1"}],"replies":[{"embeddable":true,"href":"https:\/\/guialimeira.com.br\/news\/wp-json\/wp\/v2\/comments?post=27274"}],"version-history":[{"count":1,"href":"https:\/\/guialimeira.com.br\/news\/wp-json\/wp\/v2\/posts\/27274\/revisions"}],"predecessor-version":[{"id":27276,"href":"https:\/\/guialimeira.com.br\/news\/wp-json\/wp\/v2\/posts\/27274\/revisions\/27276"}],"wp:featuredmedia":[{"embeddable":true,"href":"https:\/\/guialimeira.com.br\/news\/wp-json\/wp\/v2\/media\/27275"}],"wp:attachment":[{"href":"https:\/\/guialimeira.com.br\/news\/wp-json\/wp\/v2\/media?parent=27274"}],"wp:term":[{"taxonomy":"category","embeddable":true,"href":"https:\/\/guialimeira.com.br\/news\/wp-json\/wp\/v2\/categories?post=27274"},{"taxonomy":"post_tag","embeddable":true,"href":"https:\/\/guialimeira.com.br\/news\/wp-json\/wp\/v2\/tags?post=27274"}],"curies":[{"name":"wp","href":"https:\/\/api.w.org\/{rel}","templated":true}]}}