{"id":27261,"date":"2025-03-19T05:08:06","date_gmt":"2025-03-19T08:08:06","guid":{"rendered":"https:\/\/guialimeira.com.br\/?p=27261"},"modified":"2025-03-19T05:08:06","modified_gmt":"2025-03-19T08:08:06","slug":"camara-cita-convulsao-e-pede-que-stf-adie-7-perdas-de-mandato","status":"publish","type":"post","link":"https:\/\/guialimeira.com.br\/news\/camara-cita-convulsao-e-pede-que-stf-adie-7-perdas-de-mandato\/","title":{"rendered":"C\u00e2mara cita &#8220;convuls\u00e3o&#8221; e pede que STF adie 7 perdas de mandato"},"content":{"rendered":"\n<figure class=\"wp-block-gallery has-nested-images columns-default is-cropped wp-block-gallery-1 is-layout-flex wp-block-gallery-is-layout-flex\">\n<figure class=\"wp-block-image size-large\"><\/figure>\n\t\t\t\t\t\n<figure class=\"wp-block-image size-large\"><img loading=\"lazy\" decoding=\"async\" width=\"1\" height=\"1\" data-attachment-id=\"27260\" data-permalink=\"https:\/\/guialimeira.com.br\/news\/camara-cita-convulsao-e-pede-que-stf-adie-7-perdas-2\/\" data-orig-file=\"https:\/\/i0.wp.com\/guialimeira.com.br\/news\/wp-content\/uploads\/2025\/03\/1742371681_977_ebc.gif?fit=1%2C1&amp;ssl=1\" data-orig-size=\"1,1\" data-comments-opened=\"1\" data-image-meta=\"{&quot;aperture&quot;:&quot;0&quot;,&quot;credit&quot;:&quot;&quot;,&quot;camera&quot;:&quot;&quot;,&quot;caption&quot;:&quot;&quot;,&quot;created_timestamp&quot;:&quot;0&quot;,&quot;copyright&quot;:&quot;&quot;,&quot;focal_length&quot;:&quot;0&quot;,&quot;iso&quot;:&quot;0&quot;,&quot;shutter_speed&quot;:&quot;0&quot;,&quot;title&quot;:&quot;&quot;,&quot;orientation&quot;:&quot;0&quot;}\" data-image-title=\"C\u00e2mara cita &amp;#8220;convuls\u00e3o&amp;#8221; e pede que STF adie 7 perdas\" data-image-description=\"\" data-image-caption=\"\" data-large-file=\"https:\/\/i0.wp.com\/guialimeira.com.br\/news\/wp-content\/uploads\/2025\/03\/1742371681_977_ebc.gif?fit=1%2C1&amp;ssl=1\" data-id=\"27260\" src=\"https:\/\/i0.wp.com\/guialimeira.com.br\/wp-content\/uploads\/2025\/03\/1742371681_977_ebc.gif?resize=1%2C1&amp;ssl=1\" alt=\"\" class=\"wp-image-27260\" \/><\/figure>\n\t\t\t\t\t<\/figure>\n \r\n<br><div>\n                    <p>A C\u00e2mara dos Deputados pediu ao Supremo Tribunal Federal (STF) que adie a efic\u00e1cia da <a href=\"https:\/\/agenciabrasil.ebc.com.br\/justica\/noticia\/2025-03\/sete-deputados-federais-podem-perder-mandato-decide-supremo\" target=\"_blank\" rel=\"noopener\">decis\u00e3o sobre sobras eleitorais<\/a> que pode levar sete deputados \u00e0 perda de mandato, diante do <strong>\u201crisco de convuls\u00e3o na representa\u00e7\u00e3o parlamentar\u201d<\/strong>.<img data-recalc-dims=\"1\" decoding=\"async\" src=\"https:\/\/i0.wp.com\/guialimeira.com.br\/wp-content\/uploads\/2025\/03\/1742371680_677_ebc.png?w=696&#038;ssl=1\" style=\"width:1px;height:1px\" \/><img data-recalc-dims=\"1\" decoding=\"async\" src=\"https:\/\/i0.wp.com\/guialimeira.com.br\/wp-content\/uploads\/2025\/03\/1742371681_977_ebc.gif?w=696&#038;ssl=1\" style=\"width:1px;height:1px\" \/><\/p>\n\n<p><strong>A manifesta\u00e7\u00e3o foi enviada na noite de segunda-feira (17) ao Supremo<\/strong>, pela Advocacia da C\u00e2mara. O argumento central \u00e9 que a decis\u00e3o do plen\u00e1rio da Corte somente poderia ter efic\u00e1cia ap\u00f3s encerradas todas as possibilidades de recursos, com a publica\u00e7\u00e3o do ac\u00f3rd\u00e3o (decis\u00e3o colegiada) sobre o tema.<\/p>\n\n<p>Em tese, segundo a C\u00e2mara, <strong>ainda caberiam recursos contra a decis\u00e3o do plen\u00e1rio do Supremo<\/strong>.<\/p>\n\n<p><strong>A necessidade de se aguardar recursos se d\u00e1 \u201cpelo risco de convuls\u00e3o na representa\u00e7\u00e3o parlamentar<\/strong>, com perdas e assun\u00e7\u00f5es de mandato que impactam diretamente no funcionamento e organiza\u00e7\u00e3o da C\u00e2mara dos Deputados, carecendo de an\u00e1lise minuciosa, com a prud\u00eancia e a proporcionalidade necess\u00e1rias\u201d, argumenta a Advocacia da C\u00e2mara.<\/p>\n\n<p>Com a decis\u00e3o do Supremo, que muda a contabiliza\u00e7\u00e3o de votos das elei\u00e7\u00f5es de 2022, a <strong>bancada do Amap\u00e1, formada por oito deputados, \u00e9 a mais atingida<\/strong>, provocando a troca de metade dos parlamentares.<\/p>\n\n<p>Ao serem efetivadas, as altera\u00e7\u00f5es atingem os deputados Dr. Pupio (MDB), Sonize Barbosa (PL), Professora Goreth (PDT) e Silvia Wai\u00e3pi (PL), todos do Amap\u00e1, e Lebr\u00e3o (Uni\u00e3o Brasil-RO), L\u00e1zaro Botelho (PP-TO) e Gilvan M\u00e1ximo (Republicanos-DF).<\/p>\n\n<p>As vagas devem ser preenchidas por Rodrigo Rollemberg (PSB-DF), Rafael Bento (Podemos-RO), Tiago Dimas (Podemos-TO), Professora Marciv\u00e2nia (PCdoB-AP), Paulo Lemos (PSOL-AP), Andr\u00e9 Abdon (Progressistas-AP) e Aline Gurgel (Republicanos-AP).<\/p>\n\n<h2>Entenda<\/h2>\n\n<p>Na quinta-feira (13), o Supremo aplicou \u00e0s elei\u00e7\u00f5es de 2022 o entendimento que <strong>garante uma concorr\u00eancia mais ampla entre partidos pelas \u201csobras eleitorais\u201d<\/strong>, isto \u00e9, as cadeiras na C\u00e2mara que n\u00e3o ficaram preenchidas ap\u00f3s o c\u00e1lculo dos quocientes eleitorais e partid\u00e1rios.<\/p>\n\n<p><strong>Os quocientes s\u00e3o usados para calcular as cadeiras que devem ser preenchidas nas casas legislativas por candidatos e partidos eleitos.<\/strong>\u00a0<\/p>\n\n<p><strong>Pela decis\u00e3o do plen\u00e1rio da Corte, a decis\u00e3o sobre as sobras eleitorais teria efeito imediato.<\/strong> Contudo, o novo entendimento depende da Justi\u00e7a Eleitoral e da C\u00e2mara dos Deputados para ser efetivada.<\/p>\n\n      <!-- Relacionada -->\n              \n            <!-- Relacionada -->\n    <\/div>\r\n<br>\r\n<br><a href=\"https:\/\/agenciabrasil.ebc.com.br\/politica\/noticia\/2025-03\/camara-cita-convulsao-e-pede-que-stf-adie-7-perdas-de-mandato\" rel=\"noopener\">Ag\u00eancia Brasil<\/a>","protected":false},"excerpt":{"rendered":"<p>A C\u00e2mara dos Deputados pediu ao Supremo Tribunal Federal (STF) que adie a efic\u00e1cia da decis\u00e3o sobre sobras eleitorais que pode levar sete deputados \u00e0 perda de mandato, diante do \u201crisco de convuls\u00e3o na representa\u00e7\u00e3o parlamentar\u201d. A manifesta\u00e7\u00e3o foi enviada na noite de segunda-feira (17) ao Supremo, pela Advocacia da C\u00e2mara. O argumento central \u00e9 [&hellip;]<\/p>\n","protected":false},"author":1,"featured_media":27262,"comment_status":"open","ping_status":"open","sticky":false,"template":"","format":"standard","meta":{"_jetpack_newsletter_access":"","_jetpack_dont_email_post_to_subs":false,"_jetpack_newsletter_tier_id":0,"_jetpack_memberships_contains_paywalled_content":false,"_mbp_banners":[],"_jetpack_feature_clip_id":0,"_jetpack_memberships_contains_paid_content":false,"footnotes":"","jetpack_publicize_message":"","jetpack_publicize_feature_enabled":true,"jetpack_social_post_already_shared":true,"jetpack_social_options":{"image_generator_settings":{"template":"highway","default_image_id":0,"font":"","enabled":false},"version":2},"jetpack_post_was_ever_published":false},"categories":[19],"tags":[],"class_list":["post-27261","post","type-post","status-publish","format-standard","has-post-thumbnail","category-politica"],"jetpack_publicize_connections":[],"jetpack-related-posts":[],"jetpack_shortlink":"https:\/\/wp.me\/p7Eq1F-75H","jetpack_sharing_enabled":true,"jetpack_featured_media_url":"https:\/\/i0.wp.com\/guialimeira.com.br\/news\/wp-content\/uploads\/2025\/03\/Camara-cita-convulsao-e-pede-que-STF-adie-7-perdas.jpg?fit=1600%2C800&ssl=1","_links":{"self":[{"href":"https:\/\/guialimeira.com.br\/news\/wp-json\/wp\/v2\/posts\/27261","targetHints":{"allow":["GET"]}}],"collection":[{"href":"https:\/\/guialimeira.com.br\/news\/wp-json\/wp\/v2\/posts"}],"about":[{"href":"https:\/\/guialimeira.com.br\/news\/wp-json\/wp\/v2\/types\/post"}],"author":[{"embeddable":true,"href":"https:\/\/guialimeira.com.br\/news\/wp-json\/wp\/v2\/users\/1"}],"replies":[{"embeddable":true,"href":"https:\/\/guialimeira.com.br\/news\/wp-json\/wp\/v2\/comments?post=27261"}],"version-history":[{"count":1,"href":"https:\/\/guialimeira.com.br\/news\/wp-json\/wp\/v2\/posts\/27261\/revisions"}],"predecessor-version":[{"id":27263,"href":"https:\/\/guialimeira.com.br\/news\/wp-json\/wp\/v2\/posts\/27261\/revisions\/27263"}],"wp:featuredmedia":[{"embeddable":true,"href":"https:\/\/guialimeira.com.br\/news\/wp-json\/wp\/v2\/media\/27262"}],"wp:attachment":[{"href":"https:\/\/guialimeira.com.br\/news\/wp-json\/wp\/v2\/media?parent=27261"}],"wp:term":[{"taxonomy":"category","embeddable":true,"href":"https:\/\/guialimeira.com.br\/news\/wp-json\/wp\/v2\/categories?post=27261"},{"taxonomy":"post_tag","embeddable":true,"href":"https:\/\/guialimeira.com.br\/news\/wp-json\/wp\/v2\/tags?post=27261"}],"curies":[{"name":"wp","href":"https:\/\/api.w.org\/{rel}","templated":true}]}}