{"id":2726,"date":"2024-04-25T09:14:48","date_gmt":"2024-04-25T12:14:48","guid":{"rendered":"https:\/\/guialimeira.com.br\/2024\/04\/25\/espetaculo-chico-xavier-em-pessoa-acontece-neste-sabado-27\/"},"modified":"2024-04-25T09:14:48","modified_gmt":"2024-04-25T12:14:48","slug":"espetaculo-chico-xavier-em-pessoa-acontece-neste-sabado-27","status":"publish","type":"post","link":"https:\/\/guialimeira.com.br\/news\/espetaculo-chico-xavier-em-pessoa-acontece-neste-sabado-27\/","title":{"rendered":"Espet\u00e1culo \u201cChico Xavier em Pessoa\u201d acontece neste s\u00e1bado (27)"},"content":{"rendered":"<p> <br \/>\n<\/p>\n<div>\n            <main class=\"\">&#13;<br \/>\n                &#13;<br \/>\n&#13;<br \/>\n&#13;<br \/>\n&#13;<br \/>\n    <img data-recalc-dims=\"1\" decoding=\"async\" src=\"https:\/\/i0.wp.com\/ecrie.com.br\/sistema\/conteudos\/imagem\/m_137_0_1_24042024111839.jpeg?w=696&#038;ssl=1\" alt=\"Espet\u00e1culo \u201cChico Xavier em Pessoa\u201d acontece neste s\u00e1bado (27)\"\/>&#13;<br \/>\n&#13;<\/p>\n<p style=\"text-align: justify;\"><span style=\"font-weight: 400;\">Neste s\u00e1bado (27), acontece o espet\u00e1culo \u201cChico Xavier em Pessoa\u201d, no Teatro Vit\u00f3ria Emiliano Bernardo da Silva, \u00e0s 20h. A realiza\u00e7\u00e3o \u00e9 da USE \u2013 Uni\u00e3o das Sociedades Esp\u00edritas de Limeira, com o apoio da Prefeitura de Limeira, por meio da Secretaria de Cultura.<\/span><\/p>\n<p>&#13;<\/p>\n<p style=\"text-align: justify;\"><span style=\"font-weight: 400;\">Renato Pietro interpreta Chico Xavier, apresentando contos do l\u00edder esp\u00edrita. A pe\u00e7a \u00e9 voltada para o p\u00fablico a partir de 16 anos.<\/span><\/p>\n<p>&#13;<\/p>\n<p style=\"text-align: justify;\"><span style=\"font-weight: 400;\">Os ingressos para plateia custam R$ 80 (inteira) e R$ 40 (meia-entrada e antecipado at\u00e9 dia 26\/04). J\u00e1 os ingressos para o mezanino custam R$ 60 (inteira) e R$ 30 (meia-entrada e antecipado at\u00e9 dia 26\/04). Podem ser comprados pelo link <\/span><a href=\"https:\/\/www.ticketfacil.com.br\/eventos\/tv-chico-xavier-em-pessoa.aspx\" rel=\"noopener\"><span style=\"font-weight: 400;\">https:\/\/www.ticketfacil.com.br\/eventos\/tv-chico-xavier-em-pessoa.aspx<\/span><\/a> <span style=\"font-weight: 400;\">ou na bilheteria do teatro, de quinta a sexta- feira, das 11h \u00e0s 17h; e s\u00e1bado, das 9h \u00e0s 14h.<\/span><\/p>\n<p>&#13;<\/p>\n<p style=\"text-align: justify;\"><span style=\"font-weight: 400;\">O Teatro Vit\u00f3ria fica na Pra\u00e7a Toledo de Barros, s\/n &#8211; Centro.<\/span><\/p>\n<p>&#13;<\/p>\n<p style=\"text-align: justify;\">\u00a0<\/p>\n<p>&#13;<br \/>\n&#13;<br \/>\n&#13;<br \/>\n&#13;<\/p>\n<aside class=\"list-related no-print\">&#13;<br \/>\n        &#13;<br \/>\n&#13;<\/p>\n<article class=\"list-item noticias \">&#13;<br \/>\n                    <a class=\"list-item__img\" href=\"https:\/\/limeira.sp.gov.br\/imprensa\/noticias\/cultura\/glauber-cunha-apresenta-stand-up-no-teatro-vitoria-nesta-sexta-26\" tabindex=\"-1\" aria-hidden=\"true\" rel=\"noopener\">&#13;<br \/>\n                        <img data-recalc-dims=\"1\" decoding=\"async\" src=\"https:\/\/i0.wp.com\/ecrie.com.br\/sistema\/conteudos\/imagem\/m_137_0_1_24042024112133.jpeg?w=696&#038;ssl=1\" alt=\"Glauber Cunha apresenta stand-up no Teatro Vit\u00f3ria, nesta sexta (26)\"\/>&#13;<br \/>\n                    <\/a>&#13;<br \/>\n&#13;<br \/>\n                &#13;<br \/>\n            <\/article>\n<p>&#13;<\/p>\n<article class=\"list-item noticias \">&#13;<br \/>\n                    <a class=\"list-item__img\" href=\"https:\/\/limeira.sp.gov.br\/imprensa\/noticias\/cultura\/orquestra-de-violeiros-tom-da-terra-se-apresenta-na-praca-maria-buzolin\" tabindex=\"-1\" aria-hidden=\"true\" rel=\"noopener\">&#13;<br \/>\n                        <img data-recalc-dims=\"1\" decoding=\"async\" src=\"https:\/\/i0.wp.com\/ecrie.com.br\/sistema\/conteudos\/imagem\/m_137_0_1_24042024111925.jpeg?w=696&#038;ssl=1\" alt=\"Orquestra de violeiros Tom da Terra se apresenta na Pra\u00e7a Maria Buzolin\"\/>&#13;<br \/>\n                    <\/a>&#13;<br \/>\n&#13;<br \/>\n                &#13;<br \/>\n            <\/article>\n<p>&#13;<\/p>\n<article class=\"list-item noticias \">&#13;<br \/>\n                    <a class=\"list-item__img\" href=\"https:\/\/limeira.sp.gov.br\/imprensa\/noticias\/cultura\/grupo-reminiscencias-apresenta-show-gratuito-nesta-quinta-25\" tabindex=\"-1\" aria-hidden=\"true\" rel=\"noopener\">&#13;<br \/>\n                        <img data-recalc-dims=\"1\" decoding=\"async\" src=\"https:\/\/i0.wp.com\/ecrie.com.br\/sistema\/conteudos\/imagem\/m_137_0_1_21032024140937.jpg?w=696&#038;ssl=1\" alt=\"Grupo Reminisc\u00eancias apresenta show gratuito nesta quinta (25)\"\/>&#13;<br \/>\n                    <\/a>&#13;<br \/>\n&#13;<br \/>\n                &#13;<br \/>\n            <\/article>\n<p>&#13;<br \/>\n    <\/aside>\n<p>&#13;<br \/>\n&#13;<br \/>\n            <\/main><\/p><\/div>\n<p><br \/>\n<br \/><a href=\"https:\/\/limeira.sp.gov.br\/espetaculo-chico-xavier-em-pessoa-acontece-neste-sabado-27\" rel=\"noopener\">Informa\u00e7\u00f5es da PML <\/a><\/p>\n","protected":false},"excerpt":{"rendered":"<p>&#13; &#13; &#13; &#13; &#13; &#13; &#13; Neste s\u00e1bado (27), acontece o espet\u00e1culo \u201cChico Xavier em Pessoa\u201d, no Teatro Vit\u00f3ria Emiliano Bernardo da Silva, \u00e0s 20h. A realiza\u00e7\u00e3o \u00e9 da USE \u2013 Uni\u00e3o das Sociedades Esp\u00edritas de Limeira, com o apoio da Prefeitura de Limeira, por meio da Secretaria de Cultura. &#13; Renato Pietro interpreta [&hellip;]<\/p>\n","protected":false},"author":1,"featured_media":2727,"comment_status":"open","ping_status":"open","sticky":false,"template":"","format":"standard","meta":{"_jetpack_newsletter_access":"","_jetpack_dont_email_post_to_subs":false,"_jetpack_newsletter_tier_id":0,"_jetpack_memberships_contains_paywalled_content":false,"_mbp_banners":[],"_jetpack_feature_clip_id":0,"_jetpack_memberships_contains_paid_content":false,"footnotes":"","jetpack_publicize_message":"","jetpack_publicize_feature_enabled":true,"jetpack_social_post_already_shared":true,"jetpack_social_options":{"image_generator_settings":{"template":"highway","default_image_id":0,"font":"","enabled":false},"version":2},"jetpack_post_was_ever_published":false},"categories":[16],"tags":[],"class_list":["post-2726","post","type-post","status-publish","format-standard","has-post-thumbnail","category-local"],"jetpack_publicize_connections":[],"jetpack-related-posts":[],"jetpack_shortlink":"https:\/\/wp.me\/p7Eq1F-HY","jetpack_sharing_enabled":true,"jetpack_featured_media_url":"https:\/\/i0.wp.com\/guialimeira.com.br\/news\/wp-content\/uploads\/2024\/04\/m_137_0_1_24042024111839.jpeg?fit=900%2C824&ssl=1","_links":{"self":[{"href":"https:\/\/guialimeira.com.br\/news\/wp-json\/wp\/v2\/posts\/2726","targetHints":{"allow":["GET"]}}],"collection":[{"href":"https:\/\/guialimeira.com.br\/news\/wp-json\/wp\/v2\/posts"}],"about":[{"href":"https:\/\/guialimeira.com.br\/news\/wp-json\/wp\/v2\/types\/post"}],"author":[{"embeddable":true,"href":"https:\/\/guialimeira.com.br\/news\/wp-json\/wp\/v2\/users\/1"}],"replies":[{"embeddable":true,"href":"https:\/\/guialimeira.com.br\/news\/wp-json\/wp\/v2\/comments?post=2726"}],"version-history":[{"count":0,"href":"https:\/\/guialimeira.com.br\/news\/wp-json\/wp\/v2\/posts\/2726\/revisions"}],"wp:featuredmedia":[{"embeddable":true,"href":"https:\/\/guialimeira.com.br\/news\/wp-json\/wp\/v2\/media\/2727"}],"wp:attachment":[{"href":"https:\/\/guialimeira.com.br\/news\/wp-json\/wp\/v2\/media?parent=2726"}],"wp:term":[{"taxonomy":"category","embeddable":true,"href":"https:\/\/guialimeira.com.br\/news\/wp-json\/wp\/v2\/categories?post=2726"},{"taxonomy":"post_tag","embeddable":true,"href":"https:\/\/guialimeira.com.br\/news\/wp-json\/wp\/v2\/tags?post=2726"}],"curies":[{"name":"wp","href":"https:\/\/api.w.org\/{rel}","templated":true}]}}