{"id":27251,"date":"2025-03-18T19:56:18","date_gmt":"2025-03-18T22:56:18","guid":{"rendered":"https:\/\/guialimeira.com.br\/?p=27251"},"modified":"2025-03-18T19:56:21","modified_gmt":"2025-03-18T22:56:21","slug":"orcamento-transparente-do-osb-limeira-reune-sociedade-civil-e-autoridades-para-debater-gestao-publica","status":"publish","type":"post","link":"https:\/\/guialimeira.com.br\/news\/orcamento-transparente-do-osb-limeira-reune-sociedade-civil-e-autoridades-para-debater-gestao-publica\/","title":{"rendered":"Or\u00e7amento Transparente do OSB-Limeira re\u00fane sociedade civil e autoridades para debater gest\u00e3o p\u00fablica"},"content":{"rendered":"\n<p class=\"wp-block-paragraph\"><em>Evento in\u00e9dito discutiu a transpar\u00eancia na administra\u00e7\u00e3o municipal e os desafios financeiros de Limeira<\/em><\/p>\n\n\n\n<p class=\"wp-block-paragraph\">Representantes de mais de 40 entidades da sociedade civil, al\u00e9m do prefeito, do presidente da C\u00e2mara Municipal e outros vereadores, marcaram presen\u00e7a na primeira edi\u00e7\u00e3o do Or\u00e7amento Transparente, promovido pelo Observat\u00f3rio Social do Brasil &#8211; Limeira. O evento in\u00e9dito, que discutiu a gest\u00e3o dos recursos p\u00fablicos e a transpar\u00eancia na administra\u00e7\u00e3o municipal, ocorreu no dia 13 de mar\u00e7o, na Associa\u00e7\u00e3o Comercial e Industrial de Limeira (ACIL).<\/p>\n\n\n\n<p class=\"wp-block-paragraph\">A iniciativa foi inspirada no Agosto Transparente, evento j\u00e1 consolidado no calend\u00e1rio oficial do munic\u00edpio, e reuniu integrantes das entidades signat\u00e1rias do Termo de Compromisso com Limeira 2025-2028, al\u00e9m de volunt\u00e1rios e investidores sociais do OSB-Limeira. O presidente da ACIL, Valmir Martins, destacou que essa foi a primeira de muitas edi\u00e7\u00f5es do Or\u00e7amento Transparente e ressaltou a credibilidade do OSB-Limeira, cujo trabalho t\u00e9cnico recebe forte apoio das entidades da sociedade civil.<\/p>\n\n\n\n<p class=\"wp-block-paragraph\">J\u00e1 o presidente do Conselho de Administra\u00e7\u00e3o do OSB-Limeira, Raul Groppo, afirmou que o evento ser\u00e1 realizado anualmente, oferecendo um espa\u00e7o para um amplo debate sobre a administra\u00e7\u00e3o p\u00fablica municipal. \u201cIndependentemente dos estilos de governo, Limeira tem que seguir em frente. O OSB sozinho nada faz\u201d, enfatizou. Durante sua fala, Raul apresentou o Relat\u00f3rio Anual das atividades do OSB-Limeira de 2024, que j\u00e1 est\u00e1 dispon\u00edvel no site da institui\u00e7\u00e3o para consulta. Al\u00e9m disso, ressaltou que o Termo de Compromisso com Limeira contou com a ades\u00e3o do prefeito e de todos os vereadores eleitos e explicou a elabora\u00e7\u00e3o do Mapa de Riscos de Limeira, destacando os principais \u00edndices levantados.<\/p>\n\n\n\n<p class=\"wp-block-paragraph\"><strong>SITUA\u00c7\u00c3O FINANCEIRA DO MUNIC\u00cdPIO<\/strong><\/p>\n\n\n\n<p class=\"wp-block-paragraph\">Os dados apresentados no evento revelaram um cen\u00e1rio preocupante para as contas p\u00fablicas da prefeitura. A receita municipal passou de R$ 869 milh\u00f5es em 2015 para R$ 1,9 bilh\u00e3o em 2024, enquanto as despesas aumentaram de R$ 795 milh\u00f5es para R$ 2 bilh\u00f5es no mesmo per\u00edodo. Al\u00e9m disso, a d\u00edvida da administra\u00e7\u00e3o municipal saltou de R$ 105,8 milh\u00f5es para R$ 863 milh\u00f5es entre esses nove anos. Para ampliar o alcance dessas informa\u00e7\u00f5es, o OSB anunciou a realiza\u00e7\u00e3o de uma live em abril, na qual os principais temas debatidos no evento ser\u00e3o compartilhados com a popula\u00e7\u00e3o.<\/p>\n\n\n\n<p class=\"wp-block-paragraph\">O evento contou com dois pain\u00e9is. No primeiro, participaram Joseval Cia, volunt\u00e1rio do Observat\u00f3rio e membro da Comiss\u00e3o de Avalia\u00e7\u00e3o Financeira de Limeira, que explanou em detalhes como os dados do or\u00e7amento foram obtidos e analisados, e Waldomiro de Moraes, outro integrante da comiss\u00e3o, que explicou o funcionamento do colegiado formado por volunt\u00e1rios de diversas entidades. Esse grupo de trabalho encerrou suas atividades no dia 11 de mar\u00e7o.<\/p>\n\n\n\n<p class=\"wp-block-paragraph\">No segundo painel, estiveram presentes o prefeito Murilo F\u00e9lix e o presidente da C\u00e2mara Municipal, Everton Ferreira. Everton fez uma an\u00e1lise do or\u00e7amento municipal, demonstrando preocupa\u00e7\u00e3o com os n\u00fameros, enquanto Murilo destacou a situa\u00e7\u00e3o cr\u00edtica das contas p\u00fablicas e seu impacto na presta\u00e7\u00e3o de servi\u00e7os b\u00e1sicos. O prefeito afirmou que vem buscando renegociar contratos e sinalizou que pretende convocar a Comiss\u00e3o de Avalia\u00e7\u00e3o Financeira para novas contribui\u00e7\u00f5es.<\/p>\n\n\n\n<p class=\"wp-block-paragraph\">Para os volunt\u00e1rios do OSB-Limeira, a primeira edi\u00e7\u00e3o do Or\u00e7amento Transparente foi um sucesso, uma vez que os presentes, em unanimidade, demonstraram interesse em participar das pr\u00f3ximas edi\u00e7\u00f5es do evento. O grande desafio agora ser\u00e1 engajar cada vez mais cidad\u00e3os nesse debate apartid\u00e1rio e colaborativo sobre a gest\u00e3o dos recursos p\u00fablicos municipais.<\/p>\n\n\n\n<p class=\"wp-block-paragraph\"><strong>SOBRE O OSB-LIMEIRA<\/strong><\/p>\n\n\n\n<p class=\"wp-block-paragraph\">O OSB &#8211; Limeira \u00e9 uma organiza\u00e7\u00e3o apartid\u00e1ria que colabora com a sociedade para que os principais objetivos de Limeira continuem independentemente das mudan\u00e7as de governos.<\/p>\n\n\n\n<p class=\"wp-block-paragraph\"><strong>INVESTIDORES SOCIAIS DO OSB-LIMEIRA<\/strong><\/p>\n\n\n\n<p class=\"wp-block-paragraph\">ACIL, ATLAS, Plant Defender, Nosso Clube, Presscom Comunica\u00e7\u00e3o, Microgeo, Valor Ambiental, Cozinha da Fam\u00edlia, Sicredi, Cl\u00ednica Vert\u00f9, Data System, Roque Im\u00f3veis, Helpm\u00f3vel, Pralana, DrogaLim, Transforma Neg\u00f3cios, \u00c1lamo, Sicoob, Alfadimmi, GF Lanternas, PrevSeg, Don Francesco Pizzaria, BluePex, Bluesun, PrevMed, AutoPe\u00e7as Motoristas, AirZap, Wise, Fiat Imp\u00e9ria, Doutor Imposto de Renda, Aspen XP, Solutions BI, Data Smart, Life Club, Renove Consultoria. Apoio: PSN Empresarial, Kanal Som e Luz, Data Smart, Polisdata, Studios House e Limite Consultoria.<\/p>\n","protected":false},"excerpt":{"rendered":"<p>Evento in\u00e9dito discutiu a transpar\u00eancia na administra\u00e7\u00e3o municipal e os desafios financeiros de Limeira Representantes de mais de 40 entidades da sociedade civil, al\u00e9m do prefeito, do presidente da C\u00e2mara Municipal e outros vereadores, marcaram presen\u00e7a na primeira edi\u00e7\u00e3o do Or\u00e7amento Transparente, promovido pelo Observat\u00f3rio Social do Brasil &#8211; Limeira. O evento in\u00e9dito, que discutiu [&hellip;]<\/p>\n","protected":false},"author":1,"featured_media":27252,"comment_status":"open","ping_status":"open","sticky":false,"template":"","format":"standard","meta":{"_jetpack_newsletter_access":"","_jetpack_dont_email_post_to_subs":false,"_jetpack_newsletter_tier_id":0,"_jetpack_memberships_contains_paywalled_content":false,"_mbp_banners":[],"_jetpack_feature_clip_id":0,"_jetpack_memberships_contains_paid_content":false,"footnotes":"","jetpack_publicize_message":"","jetpack_publicize_feature_enabled":true,"jetpack_social_post_already_shared":true,"jetpack_social_options":{"image_generator_settings":{"template":"highway","default_image_id":0,"font":"","enabled":false},"version":2},"jetpack_post_was_ever_published":false},"categories":[19],"tags":[],"class_list":["post-27251","post","type-post","status-publish","format-standard","has-post-thumbnail","category-politica"],"jetpack_publicize_connections":[],"jetpack-related-posts":[],"jetpack_shortlink":"https:\/\/wp.me\/p7Eq1F-75x","jetpack_sharing_enabled":true,"jetpack_featured_media_url":"https:\/\/i0.wp.com\/guialimeira.com.br\/news\/wp-content\/uploads\/2025\/03\/orcamento-transparente-mar25-6-scaled.jpeg?fit=1920%2C2560&ssl=1","_links":{"self":[{"href":"https:\/\/guialimeira.com.br\/news\/wp-json\/wp\/v2\/posts\/27251","targetHints":{"allow":["GET"]}}],"collection":[{"href":"https:\/\/guialimeira.com.br\/news\/wp-json\/wp\/v2\/posts"}],"about":[{"href":"https:\/\/guialimeira.com.br\/news\/wp-json\/wp\/v2\/types\/post"}],"author":[{"embeddable":true,"href":"https:\/\/guialimeira.com.br\/news\/wp-json\/wp\/v2\/users\/1"}],"replies":[{"embeddable":true,"href":"https:\/\/guialimeira.com.br\/news\/wp-json\/wp\/v2\/comments?post=27251"}],"version-history":[{"count":1,"href":"https:\/\/guialimeira.com.br\/news\/wp-json\/wp\/v2\/posts\/27251\/revisions"}],"predecessor-version":[{"id":27253,"href":"https:\/\/guialimeira.com.br\/news\/wp-json\/wp\/v2\/posts\/27251\/revisions\/27253"}],"wp:featuredmedia":[{"embeddable":true,"href":"https:\/\/guialimeira.com.br\/news\/wp-json\/wp\/v2\/media\/27252"}],"wp:attachment":[{"href":"https:\/\/guialimeira.com.br\/news\/wp-json\/wp\/v2\/media?parent=27251"}],"wp:term":[{"taxonomy":"category","embeddable":true,"href":"https:\/\/guialimeira.com.br\/news\/wp-json\/wp\/v2\/categories?post=27251"},{"taxonomy":"post_tag","embeddable":true,"href":"https:\/\/guialimeira.com.br\/news\/wp-json\/wp\/v2\/tags?post=27251"}],"curies":[{"name":"wp","href":"https:\/\/api.w.org\/{rel}","templated":true}]}}