{"id":27246,"date":"2025-03-18T19:38:54","date_gmt":"2025-03-18T22:38:54","guid":{"rendered":"https:\/\/guialimeira.com.br\/?p=27246"},"modified":"2025-03-18T19:38:54","modified_gmt":"2025-03-18T22:38:54","slug":"site-do-legislativo-limeirense-e-referencia-para-outras-camaras","status":"publish","type":"post","link":"https:\/\/guialimeira.com.br\/news\/site-do-legislativo-limeirense-e-referencia-para-outras-camaras\/","title":{"rendered":"Site do Legislativo limeirense \u00e9 refer\u00eancia para outras c\u00e2maras"},"content":{"rendered":"\n<figure class=\"wp-block-gallery has-nested-images columns-default is-cropped wp-block-gallery-1 is-layout-flex wp-block-gallery-is-layout-flex\"><\/figure>\n \r\n<br><img data-recalc-dims=\"1\" decoding=\"async\" src=\"https:\/\/i0.wp.com\/guialimeira.com.br\/wp-content\/uploads\/2025\/03\/2025-03-18_site-do-legislativo-limeirense-e-referencia-para-outras-camara_1.jpg?w=696&#038;ssl=1\" \/><br><div>\n\t\t\t\t\t<p>Servidores da Comunica\u00e7\u00e3o e da Tecnologia da Informa\u00e7\u00e3o (TI) da C\u00e2mara de Monte Mor visitaram o Legislativo limeirense na tarde desta ter\u00e7a-feira, 18 de mar\u00e7o. O objetivo foi conhecer a estrutura do site da Casa em busca de melhores pr\u00e1ticas para a constru\u00e7\u00e3o do pr\u00f3prio portal.<\/p><p>Participaram da visita os servidores Luciano Aparecido Martins, coordenador da Comunica\u00e7\u00e3o da C\u00e2mara de Monte Mor, e Willian Freire dos Santos, de TI. Representando o Legislativo limeirense, participaram o secret\u00e1rio Legislativo, Carlos Murilo Biagioli; o analista de Inform\u00e1tica, Andr\u00e9 Luis Toledo; o analista de Comunica\u00e7\u00e3o e Multimeios, Adriano Silva;\u00a0 e a jornalista, Cristiane Scardelai.<\/p><p>Os servidores de Monte Mor est\u00e3o incumbidos de formatar o site da institui\u00e7\u00e3o e buscam refer\u00eancias para ajudar na constru\u00e7\u00e3o da plataforma. Segundo eles, a visita foi motivada devido ao site da C\u00e2mara de Limeira estar no ranking de melhores portais da regi\u00e3o.\u00a0<\/p><p>Na reuni\u00e3o, Andr\u00e9 contou sobre o processo de cria\u00e7\u00e3o do portal do Legislativo limeirense, sobre a evolu\u00e7\u00e3o ao longo dos anos, sobre os programas e ferramentas utilizados para desenvolver o site, e as contribui\u00e7\u00f5es dos demais departamentos da Casa para que ele chegasse ao formato de hoje.<\/p><p>Adriano falou sobre as pesquisas realizadas para que a identidade visual do site fosse estabelecida, os cuidados tomados para que ele fosse f\u00e1cil de usar pelos cidad\u00e3os das diversas classes sociais e tamb\u00e9m fosse acess\u00edvel a pessoas com defici\u00eancia visual.<\/p><p>Murilo destacou que todas as informa\u00e7\u00f5es contidas no site seguem o car\u00e1ter estritamente institucional, no qual a comunica\u00e7\u00e3o \u00e9 pensada para destacar o papel da C\u00e2mara no desenvolvimento da cidade e para dar transpar\u00eancia \u00e0s a\u00e7\u00f5es do Legislativo.<\/p>\t\t\t\t<\/div>\r\n<br>\r\n<br><a href=\"https:\/\/www.limeira.sp.leg.br\/noticias\/view\/2025-03-18_site-do-legislativo-limeirense-e-referencia-para-outras-camaras\" rel=\"noopener\">Informa\u00e7\u00f5es CML <\/a>","protected":false},"excerpt":{"rendered":"<p>Servidores da Comunica\u00e7\u00e3o e da Tecnologia da Informa\u00e7\u00e3o (TI) da C\u00e2mara de Monte Mor visitaram o Legislativo limeirense na tarde desta ter\u00e7a-feira, 18 de mar\u00e7o. O objetivo foi conhecer a estrutura do site da Casa em busca de melhores pr\u00e1ticas para a constru\u00e7\u00e3o do pr\u00f3prio portal. Participaram da visita os servidores Luciano Aparecido Martins, coordenador [&hellip;]<\/p>\n","protected":false},"author":1,"featured_media":27247,"comment_status":"open","ping_status":"open","sticky":false,"template":"","format":"standard","meta":{"_jetpack_newsletter_access":"","_jetpack_dont_email_post_to_subs":false,"_jetpack_newsletter_tier_id":0,"_jetpack_memberships_contains_paywalled_content":false,"_mbp_banners":[],"_jetpack_feature_clip_id":0,"_jetpack_memberships_contains_paid_content":false,"footnotes":"","jetpack_publicize_message":"","jetpack_publicize_feature_enabled":true,"jetpack_social_post_already_shared":true,"jetpack_social_options":{"image_generator_settings":{"template":"highway","default_image_id":0,"font":"","enabled":false},"version":2},"jetpack_post_was_ever_published":false},"categories":[19],"tags":[],"class_list":["post-27246","post","type-post","status-publish","format-standard","has-post-thumbnail","category-politica"],"jetpack_publicize_connections":[],"jetpack-related-posts":[],"jetpack_shortlink":"https:\/\/wp.me\/p7Eq1F-75s","jetpack_sharing_enabled":true,"jetpack_featured_media_url":"https:\/\/i0.wp.com\/guialimeira.com.br\/news\/wp-content\/uploads\/2025\/03\/Site-do-Legislativo-limeirense-e-referencia-para-outras-camaras.jpg?fit=1280%2C640&ssl=1","_links":{"self":[{"href":"https:\/\/guialimeira.com.br\/news\/wp-json\/wp\/v2\/posts\/27246","targetHints":{"allow":["GET"]}}],"collection":[{"href":"https:\/\/guialimeira.com.br\/news\/wp-json\/wp\/v2\/posts"}],"about":[{"href":"https:\/\/guialimeira.com.br\/news\/wp-json\/wp\/v2\/types\/post"}],"author":[{"embeddable":true,"href":"https:\/\/guialimeira.com.br\/news\/wp-json\/wp\/v2\/users\/1"}],"replies":[{"embeddable":true,"href":"https:\/\/guialimeira.com.br\/news\/wp-json\/wp\/v2\/comments?post=27246"}],"version-history":[{"count":1,"href":"https:\/\/guialimeira.com.br\/news\/wp-json\/wp\/v2\/posts\/27246\/revisions"}],"predecessor-version":[{"id":27248,"href":"https:\/\/guialimeira.com.br\/news\/wp-json\/wp\/v2\/posts\/27246\/revisions\/27248"}],"wp:featuredmedia":[{"embeddable":true,"href":"https:\/\/guialimeira.com.br\/news\/wp-json\/wp\/v2\/media\/27247"}],"wp:attachment":[{"href":"https:\/\/guialimeira.com.br\/news\/wp-json\/wp\/v2\/media?parent=27246"}],"wp:term":[{"taxonomy":"category","embeddable":true,"href":"https:\/\/guialimeira.com.br\/news\/wp-json\/wp\/v2\/categories?post=27246"},{"taxonomy":"post_tag","embeddable":true,"href":"https:\/\/guialimeira.com.br\/news\/wp-json\/wp\/v2\/tags?post=27246"}],"curies":[{"name":"wp","href":"https:\/\/api.w.org\/{rel}","templated":true}]}}