{"id":27237,"date":"2025-03-18T18:37:36","date_gmt":"2025-03-18T21:37:36","guid":{"rendered":"https:\/\/guialimeira.com.br\/?p=27237"},"modified":"2025-03-18T18:37:36","modified_gmt":"2025-03-18T21:37:36","slug":"ccjr-analisa-19-projetos-na-reuniao-desta-terca-feira-18-de-marco","status":"publish","type":"post","link":"https:\/\/guialimeira.com.br\/news\/ccjr-analisa-19-projetos-na-reuniao-desta-terca-feira-18-de-marco\/","title":{"rendered":"CCJR analisa 19 projetos na reuni\u00e3o desta ter\u00e7a-feira, 18 de mar\u00e7o"},"content":{"rendered":"\n<figure class=\"wp-block-gallery has-nested-images columns-default is-cropped wp-block-gallery-1 is-layout-flex wp-block-gallery-is-layout-flex\"><\/figure>\n \r\n<br><img data-recalc-dims=\"1\" decoding=\"async\" src=\"https:\/\/i0.wp.com\/guialimeira.com.br\/wp-content\/uploads\/2025\/03\/2025-03-18_ccjr-analisa-19-projetos-na-reuniao-desta-tercafeira-18-de-marco_1.jpg?w=696&#038;ssl=1\" \/><br><div>\n\t\t\t\t\t<p>Na reuni\u00e3o desta ter\u00e7a-feira, 18 de mar\u00e7o, a Comiss\u00e3o de Constitui\u00e7\u00e3o, Justi\u00e7a e Reda\u00e7\u00e3o (CCJR) da C\u00e2mara de Limeira analisou 19 projetos que estavam em <a href=\"https:\/\/consulta.limeira.sp.leg.br\/Sessoes\/Documento\/370578\" rel=\"noopener\">pauta<\/a>.\u00a0 Destes, quatro receberam pareceres favor\u00e1veis e seguem a tramita\u00e7\u00e3o para as demais comiss\u00f5es permanentes da Casa, os demais permanecem em estudo ou foram encaminhados para a Procuradoria Legislativa, para elabora\u00e7\u00e3o de parecer, conforme o registro em <a href=\"https:\/\/consulta.limeira.sp.leg.br\/arquivo?Id=484953\" rel=\"noopener\">ata<\/a>.\u00a0<\/p><p>A CCJR se manifesta sobre o aspecto constitucional, legal, regimental, gramatical e l\u00f3gico de todas as proposi\u00e7\u00f5es que tramitam na C\u00e2mara.\u00a0 S\u00e3o membros do colegiado os vereadores Mara Isa Mattos Silveira (PL), presidente; Anderson Pereira (PSD), vice-presidente; e Mariana Calsa (MDB), secret\u00e1ria. As reuni\u00f5es acontecem semanalmente \u00e0s ter\u00e7as-feiras \u00e0s 16h.<\/p><p>Confira os projetos com pareceres favor\u00e1veis:<\/p><p><a href=\"https:\/\/consulta.limeira.sp.leg.br\/Documentos\/Documento\/365747\" rel=\"noopener\">Projeto de Lei N\u00ba 13\/2025<\/a> \u2013 do vereador Estev\u00e3o Nogueira (Avante), institui o M\u00eas da Empregabilidade no Calend\u00e1rio Oficial do Munic\u00edpio de Limeira, a ser realizado todo m\u00eas de maio.<\/p><p><a href=\"https:\/\/consulta.limeira.sp.leg.br\/Documentos\/Documento\/365614\" rel=\"noopener\">Projeto de Lei N\u00ba 9\/2025<\/a> \u2013 do vereador Nilton Santos (Republicanos), assegura aos usu\u00e1rios do sistema municipal de sa\u00fade, de forma gratuita, nas unidades de pronto atendimento (UPAs), unidades b\u00e1sicas de sa\u00fade (UBSs), Ambulat\u00f3rio de Sa\u00fade Mental e os demais espa\u00e7os de atendimento \u00e0 sa\u00fade, a disponibilidade de protocolo de internet Wi-Fi.<\/p><p><a href=\"https:\/\/consulta.limeira.sp.leg.br\/Documentos\/Documento\/367409\" rel=\"noopener\">Projeto de Lei N\u00ba 27\/2025<\/a> &#8211; da vereadora Isabely Carvalho (PT), pro\u00edbe a nomea\u00e7\u00e3o para cargos comissionados de pessoas condenadas por crimes contra o estado democr\u00e1tico de direito.\u00a0<\/p><p><a href=\"https:\/\/consulta.limeira.sp.leg.br\/Documentos\/Documento\/367562\" rel=\"noopener\">Projeto de Lei N\u00ba 29\/2025<\/a> &#8211; do vereador Estev\u00e3o Nogueira (Avante), inclui os par\u00e1grafos 1\u00ba e 2\u00ba no artigo 3\u00ba da <a href=\"https:\/\/legislacao.limeira.sp.leg.br\/limeira-sp?Pagina=1&amp;Pesquisa=Avancada&amp;TipoId=0&amp;Numero=5515&amp;Ano=2015&amp;Data=&amp;NumeroFinal=&amp;AnoFinal=&amp;DataFinal=&amp;SituacaoId=0&amp;ClassificacaoId=0&amp;IniciativaTipoId=0&amp;IniciativaEntidadeId=0&amp;EmentaAssunto=&amp;NoTexto=false\" rel=\"noopener\">Lei N\u00ba 5515\/2015<\/a>, que disp\u00f5e sobre a intensidade m\u00e1xima permitida na difus\u00e3o de sons e ru\u00eddos por meio de ve\u00edculos automotores ou de tra\u00e7\u00e3o animal.<\/p>\t\t\t\t<\/div>\r\n<br>\r\n<br><a href=\"https:\/\/www.limeira.sp.leg.br\/noticias\/view\/2025-03-18_ccjr-analisa-19-projetos-na-reuniao-desta-tercafeira-18-de-marco\" rel=\"noopener\">Informa\u00e7\u00f5es CML <\/a>","protected":false},"excerpt":{"rendered":"<p>Na reuni\u00e3o desta ter\u00e7a-feira, 18 de mar\u00e7o, a Comiss\u00e3o de Constitui\u00e7\u00e3o, Justi\u00e7a e Reda\u00e7\u00e3o (CCJR) da C\u00e2mara de Limeira analisou 19 projetos que estavam em pauta.\u00a0 Destes, quatro receberam pareceres favor\u00e1veis e seguem a tramita\u00e7\u00e3o para as demais comiss\u00f5es permanentes da Casa, os demais permanecem em estudo ou foram encaminhados para a Procuradoria Legislativa, para [&hellip;]<\/p>\n","protected":false},"author":1,"featured_media":27238,"comment_status":"open","ping_status":"open","sticky":false,"template":"","format":"standard","meta":{"_jetpack_newsletter_access":"","_jetpack_dont_email_post_to_subs":false,"_jetpack_newsletter_tier_id":0,"_jetpack_memberships_contains_paywalled_content":false,"_mbp_banners":[],"_jetpack_feature_clip_id":0,"_jetpack_memberships_contains_paid_content":false,"footnotes":"","jetpack_publicize_message":"","jetpack_publicize_feature_enabled":true,"jetpack_social_post_already_shared":true,"jetpack_social_options":{"image_generator_settings":{"template":"highway","default_image_id":0,"font":"","enabled":false},"version":2},"jetpack_post_was_ever_published":false},"categories":[19],"tags":[],"class_list":["post-27237","post","type-post","status-publish","format-standard","has-post-thumbnail","category-politica"],"jetpack_publicize_connections":[],"jetpack-related-posts":[],"jetpack_shortlink":"https:\/\/wp.me\/p7Eq1F-75j","jetpack_sharing_enabled":true,"jetpack_featured_media_url":"https:\/\/i0.wp.com\/guialimeira.com.br\/news\/wp-content\/uploads\/2025\/03\/CCJR-analisa-19-projetos-na-reuniao-desta-terca-feira-18-de.jpg?fit=1280%2C640&ssl=1","_links":{"self":[{"href":"https:\/\/guialimeira.com.br\/news\/wp-json\/wp\/v2\/posts\/27237","targetHints":{"allow":["GET"]}}],"collection":[{"href":"https:\/\/guialimeira.com.br\/news\/wp-json\/wp\/v2\/posts"}],"about":[{"href":"https:\/\/guialimeira.com.br\/news\/wp-json\/wp\/v2\/types\/post"}],"author":[{"embeddable":true,"href":"https:\/\/guialimeira.com.br\/news\/wp-json\/wp\/v2\/users\/1"}],"replies":[{"embeddable":true,"href":"https:\/\/guialimeira.com.br\/news\/wp-json\/wp\/v2\/comments?post=27237"}],"version-history":[{"count":1,"href":"https:\/\/guialimeira.com.br\/news\/wp-json\/wp\/v2\/posts\/27237\/revisions"}],"predecessor-version":[{"id":27239,"href":"https:\/\/guialimeira.com.br\/news\/wp-json\/wp\/v2\/posts\/27237\/revisions\/27239"}],"wp:featuredmedia":[{"embeddable":true,"href":"https:\/\/guialimeira.com.br\/news\/wp-json\/wp\/v2\/media\/27238"}],"wp:attachment":[{"href":"https:\/\/guialimeira.com.br\/news\/wp-json\/wp\/v2\/media?parent=27237"}],"wp:term":[{"taxonomy":"category","embeddable":true,"href":"https:\/\/guialimeira.com.br\/news\/wp-json\/wp\/v2\/categories?post=27237"},{"taxonomy":"post_tag","embeddable":true,"href":"https:\/\/guialimeira.com.br\/news\/wp-json\/wp\/v2\/tags?post=27237"}],"curies":[{"name":"wp","href":"https:\/\/api.w.org\/{rel}","templated":true}]}}