{"id":27210,"date":"2025-03-18T16:53:50","date_gmt":"2025-03-18T19:53:50","guid":{"rendered":"https:\/\/guialimeira.com.br\/?p=27210"},"modified":"2025-03-18T16:53:52","modified_gmt":"2025-03-18T19:53:52","slug":"futuro-da-sedinha-vereadora-lu-bogo-questiona-o-poder-executivo-sobre-a-revitalizacao-do-espaco-cultural","status":"publish","type":"post","link":"https:\/\/guialimeira.com.br\/news\/futuro-da-sedinha-vereadora-lu-bogo-questiona-o-poder-executivo-sobre-a-revitalizacao-do-espaco-cultural\/","title":{"rendered":"Futuro da Sedinha: Vereadora Lu Bogo questiona o poder executivo sobre a revitaliza\u00e7\u00e3o do Espa\u00e7o Cultural"},"content":{"rendered":"\n<p class=\"wp-block-paragraph\">A vereadora <strong>Lu Bogo (PL)<\/strong> apresentou um requerimento solicitando informa\u00e7\u00f5es do Poder Executivo sobre o futuro da <strong>Sedinha<\/strong>, pr\u00e9dio hist\u00f3rico que, por anos, foi a sede da <strong>Corpora\u00e7\u00e3o Musical Boa Vista<\/strong>. O espa\u00e7o, localizado na Rua Dr. Humberto Ambruster, 21, no bairro Boa Vista, tem grande import\u00e2ncia para a cultura e mem\u00f3ria da cidade, mas atualmente encontra-se deteriorado e sem utiliza\u00e7\u00e3o.<\/p>\n\n\n\n<h3 class=\"wp-block-heading\">\ud83c\udfbc <strong>Hist\u00f3ria e relev\u00e2ncia da sedinha<\/strong><\/h3>\n\n\n\n<p class=\"wp-block-paragraph\">A <strong>Corpora\u00e7\u00e3o Musical Boa Vista<\/strong> foi fundada em 2 de setembro de 1960 por um grupo de m\u00fasicos e entusiastas da cultura local, incluindo <strong>Jos\u00e9 Geral de Oliveira, Otto Ricardo Hornhardt, Armando Faber, Luiz Milar\u00e9, Sebasti\u00e3o Francisco, Narciso Facioni e Egisto Aldrigue<\/strong>. Durante d\u00e9cadas, o espa\u00e7o foi palco de bailes, ensaios e eventos tradicionais que marcaram gera\u00e7\u00f5es.<\/p>\n\n\n\n<p class=\"wp-block-paragraph\">Em 2015, quando o grupo completou 55 anos, foi aprovada uma Mo\u00e7\u00e3o de Aplausos em reconhecimento \u00e0 sua contribui\u00e7\u00e3o cultural. No entanto, com o passar dos anos, a falta de manuten\u00e7\u00e3o levou ao abandono do espa\u00e7o, privando a comunidade de um local essencial para encontros e manifesta\u00e7\u00f5es culturais.<\/p>\n\n\n\n<h3 class=\"wp-block-heading\">\ud83c\udfdb <strong>Quest\u00f5es apresentadas no requerimento<\/strong><\/h3>\n\n\n\n<p class=\"wp-block-paragraph\">A vereadora <strong>Lu Bogo<\/strong> busca respostas sobre o estado atual e os planos para o pr\u00e9dio, levantando os seguintes questionamentos ao Poder Executivo:<\/p>\n\n\n\n<p class=\"wp-block-paragraph\">\u2705 <strong>O im\u00f3vel \u00e9 particular ou p\u00fablico?<\/strong><br>\u2705 <strong>H\u00e1 projetos para sua revitaliza\u00e7\u00e3o?<\/strong><br>\u2705 <strong>Caso existam, quais s\u00e3o as melhorias previstas?<\/strong><br>\u2705 <strong>Se n\u00e3o houver planos de restaura\u00e7\u00e3o, qual o motivo?<\/strong><br>\u2705 <strong>Existe a possibilidade de parcerias entre o setor p\u00fablico e privado para a recupera\u00e7\u00e3o do espa\u00e7o?<\/strong><\/p>\n\n\n\n<h3 class=\"wp-block-heading\">\u2728 <strong>A import\u00e2ncia da revitaliza\u00e7\u00e3o<\/strong><\/h3>\n\n\n\n<p class=\"wp-block-paragraph\">A recupera\u00e7\u00e3o da <strong>Sedinha<\/strong> n\u00e3o apenas preservaria a hist\u00f3ria da <strong>Corpora\u00e7\u00e3o Musical Boa Vista<\/strong>, como tamb\u00e9m ofereceria um espa\u00e7o cultural para a popula\u00e7\u00e3o, especialmente para os idosos que aguardam um local adequado para lazer e conviv\u00eancia. Al\u00e9m disso, a revitaliza\u00e7\u00e3o traria benef\u00edcios ao bairro Boa Vista, um dos mais antigos e tradicionais da cidade.<\/p>\n\n\n\n<h3 class=\"wp-block-heading\">\ud83d\udce2 <strong>E agora?<\/strong><\/h3>\n\n\n\n<p class=\"wp-block-paragraph\">Aguardamos a resposta do Poder Executivo sobre o futuro deste patrim\u00f4nio cultural. A mobiliza\u00e7\u00e3o da comunidade e o compromisso dos representantes pol\u00edticos ser\u00e3o fundamentais para garantir que a <strong>Sedinha<\/strong> volte a ser um espa\u00e7o de cultura, arte e integra\u00e7\u00e3o social.<\/p>\n\n\n\n<p class=\"wp-block-paragraph\">Fique atento \u00e0s atualiza\u00e7\u00f5es e participe dessa causa! \ud83c\udfb6\ud83c\udfdb\ud83d\udc99<\/p>\n","protected":false},"excerpt":{"rendered":"<p>A vereadora Lu Bogo (PL) apresentou um requerimento solicitando informa\u00e7\u00f5es do Poder Executivo sobre o futuro da Sedinha, pr\u00e9dio hist\u00f3rico que, por anos, foi a sede da Corpora\u00e7\u00e3o Musical Boa Vista. O espa\u00e7o, localizado na Rua Dr. Humberto Ambruster, 21, no bairro Boa Vista, tem grande import\u00e2ncia para a cultura e mem\u00f3ria da cidade, mas [&hellip;]<\/p>\n","protected":false},"author":1,"featured_media":27211,"comment_status":"open","ping_status":"open","sticky":false,"template":"","format":"standard","meta":{"_jetpack_newsletter_access":"","_jetpack_dont_email_post_to_subs":false,"_jetpack_newsletter_tier_id":0,"_jetpack_memberships_contains_paywalled_content":false,"_mbp_banners":[],"_jetpack_feature_clip_id":0,"_jetpack_memberships_contains_paid_content":false,"footnotes":"","jetpack_publicize_message":"","jetpack_publicize_feature_enabled":true,"jetpack_social_post_already_shared":true,"jetpack_social_options":{"image_generator_settings":{"template":"highway","default_image_id":0,"font":"","enabled":false},"version":2},"jetpack_post_was_ever_published":false},"categories":[19],"tags":[],"class_list":["post-27210","post","type-post","status-publish","format-standard","has-post-thumbnail","category-politica"],"jetpack_publicize_connections":[],"jetpack-related-posts":[],"jetpack_shortlink":"https:\/\/wp.me\/p7Eq1F-74S","jetpack_sharing_enabled":true,"jetpack_featured_media_url":"https:\/\/i0.wp.com\/guialimeira.com.br\/news\/wp-content\/uploads\/2025\/03\/sedinha.png?fit=1600%2C1201&ssl=1","_links":{"self":[{"href":"https:\/\/guialimeira.com.br\/news\/wp-json\/wp\/v2\/posts\/27210","targetHints":{"allow":["GET"]}}],"collection":[{"href":"https:\/\/guialimeira.com.br\/news\/wp-json\/wp\/v2\/posts"}],"about":[{"href":"https:\/\/guialimeira.com.br\/news\/wp-json\/wp\/v2\/types\/post"}],"author":[{"embeddable":true,"href":"https:\/\/guialimeira.com.br\/news\/wp-json\/wp\/v2\/users\/1"}],"replies":[{"embeddable":true,"href":"https:\/\/guialimeira.com.br\/news\/wp-json\/wp\/v2\/comments?post=27210"}],"version-history":[{"count":1,"href":"https:\/\/guialimeira.com.br\/news\/wp-json\/wp\/v2\/posts\/27210\/revisions"}],"predecessor-version":[{"id":27212,"href":"https:\/\/guialimeira.com.br\/news\/wp-json\/wp\/v2\/posts\/27210\/revisions\/27212"}],"wp:featuredmedia":[{"embeddable":true,"href":"https:\/\/guialimeira.com.br\/news\/wp-json\/wp\/v2\/media\/27211"}],"wp:attachment":[{"href":"https:\/\/guialimeira.com.br\/news\/wp-json\/wp\/v2\/media?parent=27210"}],"wp:term":[{"taxonomy":"category","embeddable":true,"href":"https:\/\/guialimeira.com.br\/news\/wp-json\/wp\/v2\/categories?post=27210"},{"taxonomy":"post_tag","embeddable":true,"href":"https:\/\/guialimeira.com.br\/news\/wp-json\/wp\/v2\/tags?post=27210"}],"curies":[{"name":"wp","href":"https:\/\/api.w.org\/{rel}","templated":true}]}}