{"id":2721,"date":"2024-04-25T08:14:51","date_gmt":"2024-04-25T11:14:51","guid":{"rendered":"https:\/\/guialimeira.com.br\/2024\/04\/25\/votacao-de-emenda-que-pedia-eleicoes-diretas-completa-40-anos\/"},"modified":"2024-04-25T08:14:51","modified_gmt":"2024-04-25T11:14:51","slug":"votacao-de-emenda-que-pedia-eleicoes-diretas-completa-40-anos","status":"publish","type":"post","link":"https:\/\/guialimeira.com.br\/news\/votacao-de-emenda-que-pedia-eleicoes-diretas-completa-40-anos\/","title":{"rendered":"Vota\u00e7\u00e3o de emenda que pedia elei\u00e7\u00f5es diretas completa 40 anos"},"content":{"rendered":"<p> <br \/>\n<\/p>\n<div>\n<p>H\u00e1 40 anos, no dia 25 de abril de 1984, uma vota\u00e7\u00e3o no Plen\u00e1rio da C\u00e2mara dos Deputados frustrou a expectativa de grande parte da popula\u00e7\u00e3o brasileira, que esperava poder votar para presidente por meio de elei\u00e7\u00f5es diretas. Nesse dia, uma proposta de emenda \u00e0 Constitui\u00e7\u00e3o para restaurar a elei\u00e7\u00e3o direta para presidente a partir de 1985, depois de 20 anos de ditadura militar, foi rejeitada pelos parlamentares.\u00a0<img data-recalc-dims=\"1\" decoding=\"async\" src=\"https:\/\/i0.wp.com\/agenciabrasil.ebc.com.br\/ebc.png?w=696&#038;ssl=1\" style=\"width:1px; height:1px; display:inline;\"\/><img data-recalc-dims=\"1\" decoding=\"async\" src=\"https:\/\/i0.wp.com\/agenciabrasil.ebc.com.br\/ebc.gif?w=696&#038;ssl=1\" style=\"width:1px; height:1px; display:inline;\"\/><\/p>\n<p>A emenda, apresentada pelo ent\u00e3o deputado federal Dante de Oliveira (PMDB-MT), teve 298 votos a favor, 65 contra, tr\u00eas absten\u00e7\u00f5es e 113 aus\u00eancias. Por ser uma emenda, era preciso 320 votos favor\u00e1veis para ser encaminhada ao Senado Federal.\u00a0<\/p>\n<p>\u201cEsses 22 votos que a emenda n\u00e3o teve para ser aprovada foram decisivos para jogar a popula\u00e7\u00e3o numa tremenda depress\u00e3o, que a gente via pelas ruas\u201d, lembra a historiadora Vania Cury. Apesar do clima de \u201cvel\u00f3rio\u201d ap\u00f3s a rejei\u00e7\u00e3o da emenda, o sentimento era de esperan\u00e7a, segundo ela.\u00a0<\/p>\n<div class=\"dnd-widget-wrapper context-cheio_8colunas type-image\">\n<div class=\"dnd-atom-rendered\"><!-- scald=380860:cheio_8colunas --><\/p>\n<div class=\"shadow overflow-hidden rounded-lg d-block w-100\">\n            <img data-recalc-dims=\"1\" decoding=\"async\" src=\"https:\/\/i0.wp.com\/agenciabrasil.ebc.com.br\/sites\/default\/files\/thumbnails\/image\/loading_v2.gif?w=696&#038;ssl=1\" data-echo=\"https:\/\/imagens.ebc.com.br\/AAlRli18kj1W14PgcjtuF8Nmr2w=\/754x0\/smart\/https:\/\/agenciabrasil.ebc.com.br\/sites\/default\/files\/thumbnails\/image\/2024\/04\/16\/diretasja05.jpg?itok=pC52Ywvz\" alt=\"Bras\u00edlia (DF) 16\/04\/2024 -  Com\u00edcio Diretas J\u00e1&#13;&#10;Foto: Vidal da Trindade\/CPDoc JB\" title=\"Vidal da Trindade\/CPDoc JB\" class=\"flex-fill img-cover\"\/><br \/>\n        <img data-recalc-dims=\"1\" decoding=\"async\" src=\"https:\/\/i0.wp.com\/imagens.ebc.com.br\/AAlRli18kj1W14PgcjtuF8Nmr2w%3D\/754x0\/smart\/https%3A\/\/agenciabrasil.ebc.com.br\/sites\/default\/files\/thumbnails\/image\/2024\/04\/16\/diretasja05.jpg?w=696&#038;ssl=1\" alt=\"Bras\u00edlia (DF) 16\/04\/2024 -  Com\u00edcio Diretas J\u00e1&#13;&#10;Foto: Vidal da Trindade\/CPDoc JB\" title=\"Vidal da Trindade\/CPDoc JB\" class=\"flex-fill img-cover\"\/>\n    <\/div>\n<p><!-- END scald=380860 --><\/div>\n<p><h6 class=\"meta\"><!--copyright=380860-->Com\u00edcio Diretas J\u00e1 &#8211; Foto: Vidal da Trindade\/CPDoc JB<!--END copyright=380860--><\/h6>\n<\/p>\n<\/div>\n<p>\u201cA conversa entre os l\u00edderes ali, entre as pessoas que participaram da campanha, era \u2018n\u00e3o vamos deixar cair a peteca, vamos continuar lutando por elei\u00e7\u00f5es diretas\u2019. Mas num primeiro momento acabaram concordando que o Tancredo [Neves] fosse o candidato para o col\u00e9gio eleitoral\u201d, lembra.\u00a0<\/p>\n<p>O jornalista Ricardo Kotscho, que acompanhou a vota\u00e7\u00e3o, disse que, apesar da derrota da emenda, o assunto mexeu com o pa\u00eds. \u201cDe qualquer maneira, o movimento j\u00e1 era vitorioso, porque mobilizou o Brasil inteiro, inclusive a imprensa, que aos poucos foi entrando na cobertura\u201d, disse, lembrando dos grandes atos p\u00fablicos que aconteceram antes da vota\u00e7\u00e3o.\u00a0<\/p>\n<p>Com a derrota da Emenda Dante de Oliveira, a primeira elei\u00e7\u00e3o de um presidente civil ap\u00f3s a ditadura militar aconteceu no Col\u00e9gio Eleitoral, formado pelos membros do Congresso Nacional e por\u00a0 delegados eleitos nas assembleias legislativas dos estados. O ent\u00e3o l\u00edder da oposi\u00e7\u00e3o, Tancredo Neves, superou o ent\u00e3o deputado Paulo Maluf, apoiado pelo regime militar, por 480 votos contra 180.<\/p>\n<p>Ap\u00f3s a morte de Tancredo Neves, ainda antes da posse, o vice-presidente eleito Jos\u00e9 Sarney assumiu a Presid\u00eancia do Brasil. Ap\u00f3s a promulga\u00e7\u00e3o da Constitui\u00e7\u00e3o, em 1988, o Brasil voltou a ter elei\u00e7\u00f5es diretas para presidente, com a elei\u00e7\u00e3o de Fernando Collor, em dezembro de 1989.<\/p>\n<p>A derrota da Emenda Dante de Oliveira e o movimento pelas Diretas J\u00e1 no pa\u00eds s\u00e3o tema do programa Caminhos da Reportagem, que ser\u00e1 transmitido neste domingo (28), \u00e0s 22h, na <strong>TV Brasil<\/strong>.\u00a0<\/p>\n<h2>Participa\u00e7\u00e3o popular<\/h2>\n<div class=\"dnd-widget-wrapper context-cheio_8colunas type-image\">\n<div class=\"dnd-atom-rendered\"><!-- scald=380856:cheio_8colunas --><\/p>\n<div class=\"shadow overflow-hidden rounded-lg d-block w-100\">\n            <img data-recalc-dims=\"1\" decoding=\"async\" src=\"https:\/\/i0.wp.com\/agenciabrasil.ebc.com.br\/sites\/default\/files\/thumbnails\/image\/loading_v2.gif?w=696&#038;ssl=1\" data-echo=\"https:\/\/imagens.ebc.com.br\/b0g6iI8KjoDheAJn9sdBf9DsP34=\/754x0\/smart\/https:\/\/agenciabrasil.ebc.com.br\/sites\/default\/files\/thumbnails\/image\/2024\/04\/16\/diretasja01.jpg?itok=_OIAYQth\" alt=\"Bras\u00edlia (DF) 16\/04\/2024 -  Com\u00edcio Diretas J\u00e1&#13;&#10;Foto: EBC\" title=\"EBC\" class=\"flex-fill img-cover\"\/><br \/>\n        <img data-recalc-dims=\"1\" decoding=\"async\" src=\"https:\/\/i0.wp.com\/imagens.ebc.com.br\/b0g6iI8KjoDheAJn9sdBf9DsP34%3D\/754x0\/smart\/https%3A\/\/agenciabrasil.ebc.com.br\/sites\/default\/files\/thumbnails\/image\/2024\/04\/16\/diretasja01.jpg?w=696&#038;ssl=1\" alt=\"Bras\u00edlia (DF) 16\/04\/2024 -  Com\u00edcio Diretas J\u00e1&#13;&#10;Foto: EBC\" title=\"EBC\" class=\"flex-fill img-cover\"\/>\n    <\/div>\n<p><!-- END scald=380856 --><\/div>\n<p><h6 class=\"meta\"><!--copyright=380856-->Com\u00edcio Diretas J\u00e1 &#8211; Foto: EBC<!--END copyright=380856--><\/h6>\n<\/p>\n<\/div>\n<p>A vota\u00e7\u00e3o da proposta de elei\u00e7\u00f5es diretas para presidente foi precedida de uma s\u00e9rie de atos p\u00fablicos, que ficaram conhecidos como a Campanha pelas Diretas J\u00e1. Em 25 de janeiro de 1984, mais de <a href=\"https:\/\/agenciabrasil.ebc.com.br\/geral\/noticia\/2024-01\/comicio-simbolo-das-diretas-ja-completa-40-anos\" target=\"_blank\" rel=\"noopener\">300 mil pessoas se reuniram na Pra\u00e7a da S\u00e9<\/a>, em S\u00e3o Paulo, com mobiliza\u00e7\u00e3o de pol\u00edticos, artistas, esportistas e trabalhadores de diversas categorias.\u00a0<\/p>\n<p>Um dos participantes foi o metal\u00fargico aposentado Jo\u00e3o Paulo Oliveira, que tamb\u00e9m ajudou a levar outras pessoas para o com\u00edcio. \u201cA gente vinha de \u00f4nibus, vinha de t\u00e1xi, tinha gente que n\u00e3o tinha dinheiro para vir at\u00e9 a pra\u00e7a, e n\u00f3s faz\u00edamos vaquinha para essas pessoas virem aqui tamb\u00e9m\u201d, lembra.<\/p>\n<p>Com a proximidade da vota\u00e7\u00e3o da emenda no Congresso Nacional, as manifesta\u00e7\u00f5es populares ficaram mais lotadas. No dia 10 de abril de 1984, cerca de 1 milh\u00e3o de pessoas participaram de um <a href=\"https:\/\/agenciabrasil.ebc.com.br\/politica\/noticia\/2024-04\/comicio-da-candelaria-40-anos-o-legado-sociopolitico-das-diretas-ja\" target=\"_blank\" rel=\"noopener\">com\u00edcio na Candel\u00e1ria<\/a>, no centro do Rio de Janeiro, em um dos principais atos do movimento das Diretas J\u00e1.\u00a0<\/p>\n<p>A atriz Luc\u00e9lia Santos, militante pela anistia dos presos pol\u00edticos, tamb\u00e9m foi \u00e0 Candel\u00e1ria naquele dia. \u201cTodo o Brasil estava l\u00e1 na Candel\u00e1ria naquele p\u00f4r do sol. Foi uma conflu\u00eancia de energias positivas, onde a arte, os artistas, eram parte efetivamente\u201d, lembra a atriz, que tinha ficado conhecida pelo papel da protagonista da novela A Escrava Isaura, de 1976.\u00a0\u00a0<\/p>\n<p>O \u00faltimo e <a href=\"https:\/\/agenciabrasil.ebc.com.br\/politica\/noticia\/2024-04\/comicio-das-diretas-ja-no-anhangabau-em-sao-paulo-completa-40-anos\" target=\"_blank\" rel=\"noopener\">maior com\u00edcio das Diretas J\u00e1 aconteceu no Vale do Anhangaba\u00fa<\/a>, em S\u00e3o Paulo, e contou com 1,5 milh\u00e3o de participantes. O evento foi no dia 16 de abril de 1984, a nove dias da vota\u00e7\u00e3o da emenda no Congresso.\u00a0\u00a0<\/p>\n<p>\u201cO com\u00edcio do Anhangaba\u00fa, eu acho que foi o grande divisor de \u00e1guas na hist\u00f3ria brasileira entre a ditadura e a democracia. Foi a partir daquele dia que o Brasil estava voltando para a democracia\u201d, avalia o jornalista Ricardo Kotscho, ent\u00e3o rep\u00f3rter do jornal Folha de S.Paulo em 1984 e rodou o pa\u00eds cobrindo as manifesta\u00e7\u00f5es pelas elei\u00e7\u00f5es diretas.\u00a0<\/p>\n<div class=\"dnd-widget-wrapper context-cheio_8colunas type-image\">\n<div class=\"dnd-atom-rendered\"><!-- scald=380863:cheio_8colunas --><\/p>\n<div class=\"shadow overflow-hidden rounded-lg d-block w-100\">\n            <img data-recalc-dims=\"1\" decoding=\"async\" src=\"https:\/\/i0.wp.com\/agenciabrasil.ebc.com.br\/sites\/default\/files\/thumbnails\/image\/loading_v2.gif?w=696&#038;ssl=1\" data-echo=\"https:\/\/imagens.ebc.com.br\/7paLZYxBQYrGf-GD0siAF54gjnU=\/754x0\/smart\/https:\/\/agenciabrasil.ebc.com.br\/sites\/default\/files\/thumbnails\/image\/2024\/04\/16\/diretasja08.jpg?itok=0jM4NTqe\" alt=\"Bras\u00edlia (DF) 16\/04\/2024 -  Com\u00edcio Diretas J\u00e1&#13;&#10;Foto: PSB\" title=\"PSB\" class=\"flex-fill img-cover\"\/><br \/>\n        <img data-recalc-dims=\"1\" decoding=\"async\" src=\"https:\/\/i0.wp.com\/imagens.ebc.com.br\/7paLZYxBQYrGf-GD0siAF54gjnU%3D\/754x0\/smart\/https%3A\/\/agenciabrasil.ebc.com.br\/sites\/default\/files\/thumbnails\/image\/2024\/04\/16\/diretasja08.jpg?w=696&#038;ssl=1\" alt=\"Bras\u00edlia (DF) 16\/04\/2024 -  Com\u00edcio Diretas J\u00e1&#13;&#10;Foto: PSB\" title=\"PSB\" class=\"flex-fill img-cover\"\/>\n    <\/div>\n<p><!-- END scald=380863 --><\/div>\n<p><h6 class=\"meta\"><!--copyright=380863-->Com\u00edcio Diretas J\u00e1 &#8211; Foto: PSB<!--END copyright=380863--><\/h6>\n<\/p>\n<\/div>\n<p>Entre os participantes no ato tamb\u00e9m estava o ent\u00e3o jogador do Corinthians Walter Casagrande J\u00fanior, um dos principais nomes da chamada Democracia Corintiana, movimento no qual jogadores e outros profissionais do time decidiam, no voto, quest\u00f5es como as regras da concentra\u00e7\u00e3o e at\u00e9 a contrata\u00e7\u00e3o de atletas. Ele conta a emo\u00e7\u00e3o que sentiu ao ir com outros jogadores ao com\u00edcio e, mesmo sendo reconhecidos, o foco n\u00e3o era o time ou o futebol.\u00a0\u00a0<\/p>\n<p>\u201cEu fiquei bastante emocionado j\u00e1 dentro do metr\u00f4, porque as pessoas reconheceram a gente e n\u00e3o falaram de futebol, e eu percebi que o foco e o pensamento de todos era o mesmo, pouco importava se eu, o Magr\u00e3o [apelido do ex-jogador S\u00f3crates], o Wladimir [ex-jogador], jog\u00e1vamos no Corinthians, se o cara era gari, se o outro ali era secret\u00e1rio, se o outro trabalhava na padaria, se o outro \u00e9 office boy. Ali dentro daquele metr\u00f4 est\u00e1vamos todos iguais, com o mesmo pensamento, com foco na nas diretas, na Emenda Dante de Oliveira\u201d, lembra Casagrande.\u00a0<\/p>\n<p><em>* Colaboraram Thiago Padovan e Ana Passos, da <strong>TV Brasil<\/strong><\/em><\/p>\n<\/p><\/div>\n<p><br \/>\n<br \/><a href=\"https:\/\/agenciabrasil.ebc.com.br\/politica\/noticia\/2024-04\/votacao-de-emenda-que-pedia-eleicoes-diretas-completa-40-anos\" rel=\"noopener\">Ag\u00eancia Brasil<\/a><\/p>\n","protected":false},"excerpt":{"rendered":"<p>H\u00e1 40 anos, no dia 25 de abril de 1984, uma vota\u00e7\u00e3o no Plen\u00e1rio da C\u00e2mara dos Deputados frustrou a expectativa de grande parte da popula\u00e7\u00e3o brasileira, que esperava poder votar para presidente por meio de elei\u00e7\u00f5es diretas. Nesse dia, uma proposta de emenda \u00e0 Constitui\u00e7\u00e3o para restaurar a elei\u00e7\u00e3o direta para presidente a partir [&hellip;]<\/p>\n","protected":false},"author":1,"featured_media":2722,"comment_status":"open","ping_status":"open","sticky":false,"template":"","format":"standard","meta":{"_jetpack_newsletter_access":"","_jetpack_dont_email_post_to_subs":false,"_jetpack_newsletter_tier_id":0,"_jetpack_memberships_contains_paywalled_content":false,"_mbp_banners":[],"_jetpack_feature_clip_id":0,"_jetpack_memberships_contains_paid_content":false,"footnotes":"","jetpack_publicize_message":"","jetpack_publicize_feature_enabled":true,"jetpack_social_post_already_shared":true,"jetpack_social_options":{"image_generator_settings":{"template":"highway","default_image_id":0,"font":"","enabled":false},"version":2},"jetpack_post_was_ever_published":false},"categories":[22],"tags":[],"class_list":["post-2721","post","type-post","status-publish","format-standard","has-post-thumbnail","category-nacional"],"jetpack_publicize_connections":[],"jetpack-related-posts":[],"jetpack_shortlink":"https:\/\/wp.me\/p7Eq1F-HT","jetpack_sharing_enabled":true,"jetpack_featured_media_url":"https:\/\/i0.wp.com\/guialimeira.com.br\/news\/wp-content\/uploads\/2024\/04\/diretasja10.jpg?fit=1600%2C800&ssl=1","_links":{"self":[{"href":"https:\/\/guialimeira.com.br\/news\/wp-json\/wp\/v2\/posts\/2721","targetHints":{"allow":["GET"]}}],"collection":[{"href":"https:\/\/guialimeira.com.br\/news\/wp-json\/wp\/v2\/posts"}],"about":[{"href":"https:\/\/guialimeira.com.br\/news\/wp-json\/wp\/v2\/types\/post"}],"author":[{"embeddable":true,"href":"https:\/\/guialimeira.com.br\/news\/wp-json\/wp\/v2\/users\/1"}],"replies":[{"embeddable":true,"href":"https:\/\/guialimeira.com.br\/news\/wp-json\/wp\/v2\/comments?post=2721"}],"version-history":[{"count":0,"href":"https:\/\/guialimeira.com.br\/news\/wp-json\/wp\/v2\/posts\/2721\/revisions"}],"wp:featuredmedia":[{"embeddable":true,"href":"https:\/\/guialimeira.com.br\/news\/wp-json\/wp\/v2\/media\/2722"}],"wp:attachment":[{"href":"https:\/\/guialimeira.com.br\/news\/wp-json\/wp\/v2\/media?parent=2721"}],"wp:term":[{"taxonomy":"category","embeddable":true,"href":"https:\/\/guialimeira.com.br\/news\/wp-json\/wp\/v2\/categories?post=2721"},{"taxonomy":"post_tag","embeddable":true,"href":"https:\/\/guialimeira.com.br\/news\/wp-json\/wp\/v2\/tags?post=2721"}],"curies":[{"name":"wp","href":"https:\/\/api.w.org\/{rel}","templated":true}]}}