{"id":2720,"date":"2024-04-25T08:08:43","date_gmt":"2024-04-25T11:08:43","guid":{"rendered":"https:\/\/guialimeira.com.br\/2024\/04\/25\/local-de-prova-do-concurso-unificado-sera-divulgado-hoje-as-10h\/"},"modified":"2024-04-25T08:08:43","modified_gmt":"2024-04-25T11:08:43","slug":"local-de-prova-do-concurso-unificado-sera-divulgado-hoje-as-10h","status":"publish","type":"post","link":"https:\/\/guialimeira.com.br\/news\/local-de-prova-do-concurso-unificado-sera-divulgado-hoje-as-10h\/","title":{"rendered":"Local de prova do concurso unificado ser\u00e1 divulgado hoje, \u00e0s 10h"},"content":{"rendered":"<p> <br \/>\n<\/p>\n<div>\n<p>O Minist\u00e9rio da Gest\u00e3o e da Inova\u00e7\u00e3o em Servi\u00e7os P\u00fablicos (MGI) disponibiliza, nesta quinta-feira (25), \u00e0s 10h, o Cart\u00e3o de Confirma\u00e7\u00e3o de Inscri\u00e7\u00e3o do Concurso P\u00fablico Nacional Unificado (CPNU). O documento traz, entre outras informa\u00e7\u00f5es, local de prova, n\u00famero de inscri\u00e7\u00e3o, data, hora das provas em 5 de maio e se a pessoa inscrita ter\u00e1 direito a atendimento especializado ou tratamento pelo nome social, caso solicitado previamente.<img data-recalc-dims=\"1\" decoding=\"async\" src=\"https:\/\/i0.wp.com\/agenciabrasil.ebc.com.br\/ebc.png?w=696&#038;ssl=1\" style=\"width:1px; height:1px; display:inline;\"\/><img data-recalc-dims=\"1\" decoding=\"async\" src=\"https:\/\/i0.wp.com\/agenciabrasil.ebc.com.br\/ebc.gif?w=696&#038;ssl=1\" style=\"width:1px; height:1px; display:inline;\"\/><\/p>\n<p>O Cart\u00e3o de Confirma\u00e7\u00e3o de Inscri\u00e7\u00e3o estar\u00e1 dispon\u00edvel na \u00c1rea do Candidato, no mesmo <a href=\"https:\/\/sso.acesso.gov.br\/login?client_id=cpnu.cesgranrio.org.br&amp;authorization_id=18f1478d622\" target=\"_blank\" rel=\"noopener\"><em>site<\/em> em que a pessoa fez a inscri\u00e7\u00e3o<\/a>. Para acessar, \u00e9 preciso fazer <em>login<\/em> com os dados da conta do portal do governo federal, o Gov.br .<\/p>\n<p>Apesar de n\u00e3o ser obrigat\u00f3rio, o Minist\u00e9rio da Gest\u00e3o recomenda levar o cart\u00e3o impresso no dia das prova do chamado Enem dos Concursos, junto com o documento de identidade original com foto, conforme mencionado <a href=\"https:\/\/cpnu.cesgranrio.org.br\/editais\" target=\"_blank\" rel=\"noopener\">no edital<\/a>. N\u00e3o ser\u00e3o aceitas c\u00f3pias \u2013 mesmo que autenticadas.<\/p>\n<p>&gt;&gt; <a href=\"https:\/\/agenciabrasil.ebc.com.br\/geral\/noticia\/2024-04\/concurso-unificado-saiba-o-que-o-candidato-pode-e-nao-pode-levar\" target=\"_blank\" rel=\"noopener\">Clique aqui<\/a> e saiba o que o candidato pode e n\u00e3o pode levar no dia do exame.<\/p>\n<p>Os port\u00f5es ser\u00e3o abertos aos candidatos \u00e0s 7h30 (hor\u00e1rio de Bras\u00edlia), para as provas do per\u00edodo matutino. J\u00e1 no per\u00edodo vespertino, os port\u00f5es abrir\u00e3o \u00e0s 13h (hor\u00e1rio de Bras\u00edlia).<\/p>\n<p>&gt;&gt; <a href=\"https:\/\/agenciabrasil.ebc.com.br\/geral\/noticia\/2024-04\/saiba-os-horarios-das-provas-do-concurso-nacional-unificado\" target=\"_blank\" rel=\"noopener\">Clique aqui<\/a> e confira mais informa\u00e7\u00f5es sobre os hor\u00e1rios e tempo de dura\u00e7\u00e3o das provas.<\/p>\n<h2>Verifica\u00e7\u00e3o<\/h2>\n<p>O candidato deve verificar se todas as informa\u00e7\u00f5es sobre a inscri\u00e7\u00e3o est\u00e3o corretas, como munic\u00edpio indicado pelo candidato no ato de inscri\u00e7\u00e3o do certame.<\/p>\n<p>O Minist\u00e9rio da Gest\u00e3o avisa que, se houver qualquer tipo de erro ou se o local de aplica\u00e7\u00e3o da prova for muito distante da resid\u00eancia do candidato, \u00e9 preciso entrar em contato com a Funda\u00e7\u00e3o Cesgranrio (telefone: 0800 701 2028), organizadora do concurso, com brevidade, e pedir a corre\u00e7\u00e3o do que for necess\u00e1rio.<\/p>\n<p>\u00a0\u201c\u00c9 poss\u00edvel o candidato solicitar a corre\u00e7\u00e3o do cart\u00e3o de confirma\u00e7\u00e3o, de acordo com o que ele fez no ato da inscri\u00e7\u00e3o, mas n\u00e3o \u00e9 poss\u00edvel pedir para mudar de cidade agora. O que vale \u00e9 o que foi declarado no ato da inscri\u00e7\u00e3o\u201d, esclarece o coordenador-geral de log\u00edstica do CPNU, Alexandre Retamal.<\/p>\n<p>Entre os dias 25 de abril e 4 de maio, v\u00e9spera do concurso, a Cesgranrio prestar\u00e1 atendimento aos candidatos com d\u00favidas sobre os locais de provas, vagas reservadas ou tratamento diferenciado durante a aplica\u00e7\u00e3o das avalia\u00e7\u00f5es, entre outras situa\u00e7\u00f5es.<\/p>\n<\/p><\/div>\n<p><br \/>\n<br \/><a href=\"https:\/\/agenciabrasil.ebc.com.br\/geral\/noticia\/2024-04\/local-de-prova-do-concurso-unificado-sera-divulgado-hoje-10h\" rel=\"noopener\">Ag\u00eancia Brasil<\/a><\/p>\n","protected":false},"excerpt":{"rendered":"<p>O Minist\u00e9rio da Gest\u00e3o e da Inova\u00e7\u00e3o em Servi\u00e7os P\u00fablicos (MGI) disponibiliza, nesta quinta-feira (25), \u00e0s 10h, o Cart\u00e3o de Confirma\u00e7\u00e3o de Inscri\u00e7\u00e3o do Concurso P\u00fablico Nacional Unificado (CPNU). O documento traz, entre outras informa\u00e7\u00f5es, local de prova, n\u00famero de inscri\u00e7\u00e3o, data, hora das provas em 5 de maio e se a pessoa inscrita ter\u00e1 [&hellip;]<\/p>\n","protected":false},"author":1,"featured_media":1581,"comment_status":"open","ping_status":"open","sticky":false,"template":"","format":"standard","meta":{"_jetpack_newsletter_access":"","_jetpack_dont_email_post_to_subs":false,"_jetpack_newsletter_tier_id":0,"_jetpack_memberships_contains_paywalled_content":false,"_mbp_banners":[],"_jetpack_feature_clip_id":0,"_jetpack_memberships_contains_paid_content":false,"footnotes":"","jetpack_publicize_message":"","jetpack_publicize_feature_enabled":true,"jetpack_social_post_already_shared":true,"jetpack_social_options":{"image_generator_settings":{"template":"highway","default_image_id":0,"font":"","enabled":false},"version":2},"jetpack_post_was_ever_published":false},"categories":[1],"tags":[],"class_list":["post-2720","post","type-post","status-publish","format-standard","has-post-thumbnail","category-geral"],"jetpack_publicize_connections":[],"jetpack-related-posts":[],"jetpack_shortlink":"https:\/\/wp.me\/p7Eq1F-HS","jetpack_sharing_enabled":true,"jetpack_featured_media_url":"https:\/\/i0.wp.com\/guialimeira.com.br\/news\/wp-content\/uploads\/2024\/04\/destaque_concurso_unificado_copy.jpg?fit=1600%2C800&ssl=1","_links":{"self":[{"href":"https:\/\/guialimeira.com.br\/news\/wp-json\/wp\/v2\/posts\/2720","targetHints":{"allow":["GET"]}}],"collection":[{"href":"https:\/\/guialimeira.com.br\/news\/wp-json\/wp\/v2\/posts"}],"about":[{"href":"https:\/\/guialimeira.com.br\/news\/wp-json\/wp\/v2\/types\/post"}],"author":[{"embeddable":true,"href":"https:\/\/guialimeira.com.br\/news\/wp-json\/wp\/v2\/users\/1"}],"replies":[{"embeddable":true,"href":"https:\/\/guialimeira.com.br\/news\/wp-json\/wp\/v2\/comments?post=2720"}],"version-history":[{"count":0,"href":"https:\/\/guialimeira.com.br\/news\/wp-json\/wp\/v2\/posts\/2720\/revisions"}],"wp:featuredmedia":[{"embeddable":true,"href":"https:\/\/guialimeira.com.br\/news\/wp-json\/wp\/v2\/media\/1581"}],"wp:attachment":[{"href":"https:\/\/guialimeira.com.br\/news\/wp-json\/wp\/v2\/media?parent=2720"}],"wp:term":[{"taxonomy":"category","embeddable":true,"href":"https:\/\/guialimeira.com.br\/news\/wp-json\/wp\/v2\/categories?post=2720"},{"taxonomy":"post_tag","embeddable":true,"href":"https:\/\/guialimeira.com.br\/news\/wp-json\/wp\/v2\/tags?post=2720"}],"curies":[{"name":"wp","href":"https:\/\/api.w.org\/{rel}","templated":true}]}}