{"id":27195,"date":"2025-03-18T15:34:40","date_gmt":"2025-03-18T18:34:40","guid":{"rendered":"https:\/\/guialimeira.com.br\/?p=27195"},"modified":"2025-03-18T15:34:40","modified_gmt":"2025-03-18T18:34:40","slug":"felipe-penedo-requer-esclarecimentos-sobre-a-desapropriacao-da-area-do-limeira-clube","status":"publish","type":"post","link":"https:\/\/guialimeira.com.br\/news\/felipe-penedo-requer-esclarecimentos-sobre-a-desapropriacao-da-area-do-limeira-clube\/","title":{"rendered":"Felipe Penedo requer esclarecimentos sobre a desapropria\u00e7\u00e3o da \u00e1rea do Limeira Clube"},"content":{"rendered":"\n<figure class=\"wp-block-gallery has-nested-images columns-default is-cropped wp-block-gallery-1 is-layout-flex wp-block-gallery-is-layout-flex\"><\/figure>\n \r\n<br><img data-recalc-dims=\"1\" decoding=\"async\" src=\"https:\/\/i0.wp.com\/guialimeira.com.br\/wp-content\/uploads\/2025\/03\/2025-03-18_felipe-penedo-requer-esclarecimentos-sobre-a-desapropriacao-da-area-do-limeira-clube_1.jp.jpeg?w=696&#038;ssl=1\" \/><br><div>\n\t\t\t\t\t<p>O <a href=\"https:\/\/consulta.limeira.sp.leg.br\/Documentos\/Documento\/370247\" rel=\"noopener\">Requerimento N\u00b0180\/2025<\/a>, de autoria do vereador Felipe Penedo (PL), encaminhado \u00e0 Prefeitura nesta segunda-feira, 17 de mar\u00e7o, faz questionamentos a respeito do\u00a0 <a href=\"https:\/\/ecrie.com.br\/Sistema\/Conteudos\/DiarioOficial\/upload\/u_137_10032025180423.pdf\" rel=\"noopener\">Decreto Municipal N\u00ba 52\/2025<\/a>, que declara de utilidade p\u00fablica para fins de desapropria\u00e7\u00e3o a \u00e1rea do antigo Limeira Clube.<\/p><p>\u201cAcredito que essa desapropria\u00e7\u00e3o pode representar uma grande oportunidade para Limeira, desde que seja conduzida de forma planejada, sustent\u00e1vel e com di\u00e1logo com a sociedade. Por isso, solicito uma resposta oficial por escrito e, se poss\u00edvel, a realiza\u00e7\u00e3o de uma audi\u00eancia p\u00fablica para aprofundar a discuss\u00e3o sobre o futuro do im\u00f3vel\u201d, declarou o parlamentar.<\/p><p>Os questionamentos feitos pelo vereador s\u00e3o:<\/p><p>1. Al\u00e9m da constru\u00e7\u00e3o do Centro de Refer\u00eancia para Idosos, quais outros usos est\u00e3o previstos para o local?<\/p><p>2. Existe a inten\u00e7\u00e3o de retorno das atividades originalmente constitu\u00eddas pelo clube, preservando sua fun\u00e7\u00e3o social e esportiva?<\/p><p>3. Diante das restri\u00e7\u00f5es financeiras do munic\u00edpio, h\u00e1 estudos sobre a viabilidade de parcerias p\u00fablico-privadas para gest\u00e3o e manuten\u00e7\u00e3o do espa\u00e7o?<\/p><p>4. Como ser\u00e1 conduzido o processo de preserva\u00e7\u00e3o da identidade e da mem\u00f3ria do Limeira Clube, considerando sua import\u00e2ncia hist\u00f3rica?<\/p><p>O documento ainda informa que o im\u00f3vel do Limeira Clube est\u00e1 localizado em uma \u00e1rea classificada como Zona Predominantemente Residencial 1 (ZPR1) e sugere que a pauta seja encaminhada ao Conselho Municipal de Planejamento (Complan) para a realiza\u00e7\u00e3o de um debate sobre a poss\u00edvel altera\u00e7\u00e3o da \u00e1rea para Zona de Interven\u00e7\u00e3o Estrat\u00e9gica (ZIE), a fim de evitar que o im\u00f3vel seja alvo de especula\u00e7\u00e3o imobili\u00e1ria.\u00a0<\/p><p><i>Do Gabinete Parlamentar \u2013 Vereador Felipe Penedo\u00a0 (PL)<\/i><\/p><p><strong>As mat\u00e9rias de origem dos Gabinetes Parlamentares s\u00e3o de inteira\u00a0 responsabilidade dos parlamentares e de suas assessorias. S\u00e3o devidamente assinadas e n\u00e3o refletem, necessariamente, a opini\u00e3o institucional da C\u00e2mara Municipal de Limeira.<\/strong><\/p>\t\t\t\t<\/div>\r\n<br>\r\n<br><a href=\"https:\/\/www.limeira.sp.leg.br\/noticias\/view\/2025-03-18_felipe-penedo-requer-esclarecimentos-sobre-a-desapropriacao-da-area-do-limeira-clube\" rel=\"noopener\">Informa\u00e7\u00f5es CML <\/a>","protected":false},"excerpt":{"rendered":"<p>O Requerimento N\u00b0180\/2025, de autoria do vereador Felipe Penedo (PL), encaminhado \u00e0 Prefeitura nesta segunda-feira, 17 de mar\u00e7o, faz questionamentos a respeito do\u00a0 Decreto Municipal N\u00ba 52\/2025, que declara de utilidade p\u00fablica para fins de desapropria\u00e7\u00e3o a \u00e1rea do antigo Limeira Clube. \u201cAcredito que essa desapropria\u00e7\u00e3o pode representar uma grande oportunidade para Limeira, desde que [&hellip;]<\/p>\n","protected":false},"author":1,"featured_media":27196,"comment_status":"open","ping_status":"open","sticky":false,"template":"","format":"standard","meta":{"_jetpack_newsletter_access":"","_jetpack_dont_email_post_to_subs":false,"_jetpack_newsletter_tier_id":0,"_jetpack_memberships_contains_paywalled_content":false,"_mbp_banners":[],"_jetpack_feature_clip_id":0,"_jetpack_memberships_contains_paid_content":false,"footnotes":"","jetpack_publicize_message":"","jetpack_publicize_feature_enabled":true,"jetpack_social_post_already_shared":true,"jetpack_social_options":{"image_generator_settings":{"template":"highway","default_image_id":0,"font":"","enabled":false},"version":2},"jetpack_post_was_ever_published":false},"categories":[19],"tags":[],"class_list":["post-27195","post","type-post","status-publish","format-standard","has-post-thumbnail","category-politica"],"jetpack_publicize_connections":[],"jetpack-related-posts":[],"jetpack_shortlink":"https:\/\/wp.me\/p7Eq1F-74D","jetpack_sharing_enabled":true,"jetpack_featured_media_url":"https:\/\/i0.wp.com\/guialimeira.com.br\/news\/wp-content\/uploads\/2025\/03\/Felipe-Penedo-requer-esclarecimentos-sobre-a-desapropriacao-da-area-do.jp.jpeg?fit=1280%2C640&ssl=1","_links":{"self":[{"href":"https:\/\/guialimeira.com.br\/news\/wp-json\/wp\/v2\/posts\/27195","targetHints":{"allow":["GET"]}}],"collection":[{"href":"https:\/\/guialimeira.com.br\/news\/wp-json\/wp\/v2\/posts"}],"about":[{"href":"https:\/\/guialimeira.com.br\/news\/wp-json\/wp\/v2\/types\/post"}],"author":[{"embeddable":true,"href":"https:\/\/guialimeira.com.br\/news\/wp-json\/wp\/v2\/users\/1"}],"replies":[{"embeddable":true,"href":"https:\/\/guialimeira.com.br\/news\/wp-json\/wp\/v2\/comments?post=27195"}],"version-history":[{"count":1,"href":"https:\/\/guialimeira.com.br\/news\/wp-json\/wp\/v2\/posts\/27195\/revisions"}],"predecessor-version":[{"id":27197,"href":"https:\/\/guialimeira.com.br\/news\/wp-json\/wp\/v2\/posts\/27195\/revisions\/27197"}],"wp:featuredmedia":[{"embeddable":true,"href":"https:\/\/guialimeira.com.br\/news\/wp-json\/wp\/v2\/media\/27196"}],"wp:attachment":[{"href":"https:\/\/guialimeira.com.br\/news\/wp-json\/wp\/v2\/media?parent=27195"}],"wp:term":[{"taxonomy":"category","embeddable":true,"href":"https:\/\/guialimeira.com.br\/news\/wp-json\/wp\/v2\/categories?post=27195"},{"taxonomy":"post_tag","embeddable":true,"href":"https:\/\/guialimeira.com.br\/news\/wp-json\/wp\/v2\/tags?post=27195"}],"curies":[{"name":"wp","href":"https:\/\/api.w.org\/{rel}","templated":true}]}}