{"id":27186,"date":"2025-03-18T15:01:47","date_gmt":"2025-03-18T18:01:47","guid":{"rendered":"https:\/\/guialimeira.com.br\/?p=27186"},"modified":"2025-03-18T15:01:47","modified_gmt":"2025-03-18T18:01:47","slug":"lula-entrega-projeto-de-isencao-de-ir-para-quem-ganha-ate-r-5-mil","status":"publish","type":"post","link":"https:\/\/guialimeira.com.br\/news\/lula-entrega-projeto-de-isencao-de-ir-para-quem-ganha-ate-r-5-mil\/","title":{"rendered":"Lula entrega projeto de isen\u00e7\u00e3o de IR para quem ganha at\u00e9 R$ 5 mil"},"content":{"rendered":"\n<figure class=\"wp-block-gallery has-nested-images columns-default is-cropped wp-block-gallery-1 is-layout-flex wp-block-gallery-is-layout-flex\">\n<figure class=\"wp-block-image size-large\"><\/figure>\n\t\t\t\t\t\n<figure class=\"wp-block-image size-large\"><img loading=\"lazy\" decoding=\"async\" width=\"1\" height=\"1\" data-attachment-id=\"27185\" data-permalink=\"https:\/\/guialimeira.com.br\/news\/lula-entrega-projeto-de-isencao-de-ir-para-quem-ganha-2\/\" data-orig-file=\"https:\/\/i0.wp.com\/guialimeira.com.br\/news\/wp-content\/uploads\/2025\/03\/1742320903_193_ebc.gif?fit=1%2C1&amp;ssl=1\" data-orig-size=\"1,1\" data-comments-opened=\"1\" data-image-meta=\"{&quot;aperture&quot;:&quot;0&quot;,&quot;credit&quot;:&quot;&quot;,&quot;camera&quot;:&quot;&quot;,&quot;caption&quot;:&quot;&quot;,&quot;created_timestamp&quot;:&quot;0&quot;,&quot;copyright&quot;:&quot;&quot;,&quot;focal_length&quot;:&quot;0&quot;,&quot;iso&quot;:&quot;0&quot;,&quot;shutter_speed&quot;:&quot;0&quot;,&quot;title&quot;:&quot;&quot;,&quot;orientation&quot;:&quot;0&quot;}\" data-image-title=\"Lula entrega projeto de isen\u00e7\u00e3o de IR para quem ganha\" data-image-description=\"\" data-image-caption=\"\" data-large-file=\"https:\/\/i0.wp.com\/guialimeira.com.br\/news\/wp-content\/uploads\/2025\/03\/1742320903_193_ebc.gif?fit=1%2C1&amp;ssl=1\" data-id=\"27185\" src=\"https:\/\/i0.wp.com\/guialimeira.com.br\/wp-content\/uploads\/2025\/03\/1742320903_193_ebc.gif?resize=1%2C1&amp;ssl=1\" alt=\"\" class=\"wp-image-27185\" \/><\/figure>\n\t\t\t\t\t<\/figure>\n \r\n<br><div>\n                    <p><strong>O presidente Luiz In\u00e1cio Lula da Silva entregou, nesta ter\u00e7a-feira (18), ao Congresso Nacional o projeto de lei da isen\u00e7\u00e3o do Imposto de Renda (IR) para quem ganha at\u00e9 R$ 5 mil. O texto que ser\u00e1 analisado pelo Congresso tamb\u00e9m cria desconto parcial para aqueles que recebem entre R$ 5 mil e R$ 7 mil, reduzindo o valor pago atualmente.<\/strong><img data-recalc-dims=\"1\" decoding=\"async\" src=\"https:\/\/i0.wp.com\/guialimeira.com.br\/wp-content\/uploads\/2025\/03\/1742320903_341_ebc.png?w=696&#038;ssl=1\" style=\"width:1px;height:1px\" \/><img data-recalc-dims=\"1\" decoding=\"async\" src=\"https:\/\/i0.wp.com\/guialimeira.com.br\/wp-content\/uploads\/2025\/03\/1742320903_193_ebc.gif?w=696&#038;ssl=1\" style=\"width:1px;height:1px\" \/><\/p>\n\n<p><strong>A amplia\u00e7\u00e3o da faixa de isen\u00e7\u00e3o <a href=\"https:\/\/agenciabrasil.ebc.com.br\/economia\/noticia\/2025-03\/isencao-do-imposto-de-renda-ate-r-5-mil-custara-r-27-bilhoes-por-ano\" target=\"_blank\" rel=\"noopener\">custar\u00e1 cerca de R$ 27 bilh\u00f5es por ano aos cofres p\u00fablicos<\/a>, como resultado da redu\u00e7\u00e3o da arrecada\u00e7\u00e3o. <\/strong>Para compensar a perda, o projeto prev\u00ea a tributa\u00e7\u00e3o m\u00ednima das altas rendas, ampliando a receita com a cobran\u00e7a de imposto de rendimentos isentos, como dividendos de empresas (parte do lucro distribu\u00edda aos acionistas), acima de R$ 600 mil.<\/p>\n\n<p>Em cerim\u00f4nia no Pal\u00e1cio do Planalto, Lula destacou que o projeto \u00e9 neutro, n\u00e3o vai aumentar a arrecada\u00e7\u00e3o do governo, e faz uma repara\u00e7\u00e3o tribut\u00e1ria aos mais pobres que, proporcionalmente, pagam mais impostos devido \u00e0s isen\u00e7\u00f5es sobre dividendos dos mais ricos.\u00a0<\/p>\n\n<blockquote>\n<p>\u201cN\u00f3s estamos falando que 141 mil pessoas que ganham acima de R$ 600 mil, acima de R$ 1 milh\u00e3o por ano, v\u00e3o contribuir para que 10 milh\u00f5es de pessoas n\u00e3o paguem Imposto de Renda. \u00c9 simples assim, como se fosse dar um presente para uma crian\u00e7a\u201d, afirmou o presidente.<\/p>\n<\/blockquote>\n\n<p>\u201cEstamos pedindo aos brasileiros que ganham mais, pessoas que vivem de dividendos, que nunca pagaram Imposto de Renda, pessoas que ganham milh\u00f5es e milh\u00f5es e que muitas vezes encontram o jeito de n\u00e3o pagar Imposto de Renda, n\u00f3s estamos dizendo para eles: \u2018Gente, vamos elevar o patamar de vida do povo brasileiro\u2019\u201d, acrescentou Lula.<\/p>\n\n<p>De acordo com o presidente, o Congresso passa, agora, a ser dono do projeto e deve fazer as melhorias que julgar necess\u00e1rias. \u201cEu espero que, se for para mudar para melhor, \u00f3timo, para piorar, jamais\u201d, destacou.<\/p>\n\n<blockquote>\n<p>\u201cVamos dar uma chance para aqueles que n\u00e3o acreditam na pol\u00edtica voltarem a acreditar. Porque a pol\u00edtica, com esse gesto, d\u00e1 um grande sinal para a sociedade brasileira de que vale mais a pena ser democr\u00e1tico do que ser negacionista. \u00c9 isso que est\u00e1 em jogo neste pa\u00eds nesse instante, \u00e9 a gente fazer com que a sociedade brasileira volte a acreditar nas pessoas que elegeram, seja para presidente da Rep\u00fablica, seja para senador, seja para deputado\u201d, afirmou.<\/p>\n<\/blockquote>\n\n<p>O presidente da C\u00e2mara dos Deputados, Hugo Motta (Republicanos-PB), afirmou que o texto ter\u00e1 prioridade na tramita\u00e7\u00e3o e que o Congresso, \u201ccom certeza\u201d, melhorar\u00e1 a proposta. \u201cO Congresso tem que se esfor\u00e7ar diante daquilo que o governo est\u00e1 trazendo para que a melhor proposta poss\u00edvel possa ser lapidada, possa ser discutida. Vamos ter tempo para isso, para que o senhor possa, presidente Lula, receber de volta do Congresso Nacional uma proposta melhor do que a que o senhor est\u00e1 enviando\u201d, disse Motta.<\/p>\n\n<p>Ele ressaltou que os parlamentares podem discutir um texto \u201cmais abrangente\u201d sobre isen\u00e7\u00f5es tribut\u00e1rias, que atenda, principalmente, as pessoas que mais precisam. &#8220;Mas que n\u00e3o percamos nunca a nossa responsabilidade de garantir que o Brasil possa seguir investindo. Queremos discutir a efici\u00eancia da m\u00e1quina p\u00fablica\u201d, afirmou o deputado. Segundo ele, s\u00f3 haver\u00e1 justi\u00e7a social com responsabilidade fiscal.<\/p>\n\n<h2>Promessa<\/h2>\n\n<p>A isen\u00e7\u00e3o do IR para quem ganha at\u00e9 R$ 5 mil \u00e9 uma <a href=\"https:\/\/agenciabrasil.ebc.com.br\/politica\/noticia\/2023-01\/e-preciso-colocar-o-rico-no-imposto-de-renda-diz-lula\" target=\"_blank\" rel=\"noopener\">promessa de campanha de Lula <\/a>. Hoje, o <a href=\"https:\/\/www.gov.br\/receitafederal\/pt-br\/assuntos\/meu-imposto-de-renda\/tabelas\/copy_of_2024\" target=\"_blank\" rel=\"noopener\">limite de renda mensal de quem n\u00e3o precisa pagar Imposto de Renda \u00e9 R$ 2.259,20<\/a>, de acordo com a Receita Federal.<\/p>\n\n<p>A lei que instituiu a nova pol\u00edtica de valoriza\u00e7\u00e3o do sal\u00e1rio m\u00ednimo, de 2023 ainda autoriza um desconto sobre o imposto de 25% sobre o valor do limite de isen\u00e7\u00e3o, no caso, R$ 564,80, valor que somado a R$ 2.259,20 resulta, ent\u00e3o, em R$ 2.824, o equivalente a pouco menos de dois sal\u00e1rios m\u00ednimos.<\/p>\n\n<p>Estudo do Departamento Intersindical de Estat\u00edstica e Estudos Socioecon\u00f4micos (Dieese) informa que, atualmente, 10 milh\u00f5es de pessoas est\u00e3o dispensadas do recolhimento do imposto. Com a amplia\u00e7\u00e3o da faixa de isen\u00e7\u00e3o, <a href=\"https:\/\/agenciabrasil.ebc.com.br\/economia\/noticia\/2024-12\/isencao-de-irpf-para-ate-r-5-mil-pode-dobrar-numero-de-beneficiados\" target=\"_blank\" rel=\"noopener\">mais 10 milh\u00f5es de pessoas ser\u00e3o dispensadas da tributa\u00e7\u00e3o<\/a>.<\/p>\n\n<p>De acordo com o governo, <strong>90% dos brasileiros que pagam IR \u2013 mais de 90 milh\u00f5es de pessoas \u2013 estar\u00e3o na faixa da isen\u00e7\u00e3o total ou parcial. J\u00e1 65% dos declarantes do IR pessoa f\u00edsica &#8211; mais de 26 milh\u00f5es de pessoas &#8211; ser\u00e3o totalmente isentos.<\/strong><\/p>\n\n<h2>Tributa\u00e7\u00e3o m\u00ednima<\/h2>\n\n<p>Segundo o governo, <strong>apenas 141,4 mil contribuintes (0,13% do total) passar\u00e3o a contribuir pelo patamar m\u00ednimo, o que representa 0,06% da popula\u00e7\u00e3o total do pa\u00eds<\/strong>. S\u00e3o pessoas que recebem mais de R$ 600 mil por ano e que n\u00e3o contribuem com a al\u00edquota efetiva de at\u00e9 10% para o Imposto de Renda. Esses contribuintes pagam, atualmente, uma al\u00edquota efetiva m\u00e9dia de apenas 2,54% sobre a renda.<\/p>\n\n<p><strong>A nova regra n\u00e3o afeta sal\u00e1rios, honor\u00e1rios, alugu\u00e9is ou outras rendas j\u00e1 tributadas na fonte<\/strong>. O governo esclareceu que a medida se aplica apenas a quem recebe rendimentos isentos. Portanto, mesmo que o rendimento total anual do contribuinte ultrapasse R$ 600 mil, ele s\u00f3 ser\u00e1 impactado se parte significativa desse valor vier de rendimentos isentos.<\/p>\n\n<p>A tributa\u00e7\u00e3o m\u00ednima para altas rendas funcionar\u00e1 de forma progressiva e s\u00f3 come\u00e7ar\u00e1 a ser aplicada para rendimentos acima de R$ 600 mil por ano. Primeiro, ser\u00e3o somadas todas as rendas recebidas no ano, incluindo sal\u00e1rio, alugu\u00e9is, dividendos e outros rendimentos. Se a soma for menor que R$ 600 mil, n\u00e3o h\u00e1 cobran\u00e7a adicional. Se ultrapassar esse valor, ser\u00e1 aplicada uma al\u00edquota que cresce gradualmente at\u00e9 10% para quem ganha R$ 1,2 milh\u00e3o ou mais.<\/p>\n\n<p>Ainda segundo o governo, <strong>mesmo com a al\u00edquota m\u00ednima, a carga tribut\u00e1ria sobre pessoas jur\u00eddicas e f\u00edsicas no Brasil continuar\u00e1 abaixo da m\u00e9dia internacional<\/strong>. Em rela\u00e7\u00e3o aos dividendos, o projeto traz um mecanismo que impede que a tributa\u00e7\u00e3o conjunta da pessoa jur\u00eddica e da pessoa f\u00edsica no Brasil seja superior a 34%. \u201cIsso \u00e9 abaixo da m\u00e9dia de outros pa\u00edses, usualmente acima de 40%\u201d, explicou o governo.<\/p>\n\n      <!-- Relacionada -->\n              \n            <!-- Relacionada -->\n    <\/div>\r\n<br>\r\n<br><a href=\"https:\/\/agenciabrasil.ebc.com.br\/politica\/noticia\/2025-03\/lula-entrega-projeto-de-isencao-de-ir-para-quem-ganha-ate-r-5-mil\" rel=\"noopener\">Ag\u00eancia Brasil<\/a>","protected":false},"excerpt":{"rendered":"<p>O presidente Luiz In\u00e1cio Lula da Silva entregou, nesta ter\u00e7a-feira (18), ao Congresso Nacional o projeto de lei da isen\u00e7\u00e3o do Imposto de Renda (IR) para quem ganha at\u00e9 R$ 5 mil. O texto que ser\u00e1 analisado pelo Congresso tamb\u00e9m cria desconto parcial para aqueles que recebem entre R$ 5 mil e R$ 7 mil, [&hellip;]<\/p>\n","protected":false},"author":1,"featured_media":27187,"comment_status":"open","ping_status":"open","sticky":false,"template":"","format":"standard","meta":{"_jetpack_newsletter_access":"","_jetpack_dont_email_post_to_subs":false,"_jetpack_newsletter_tier_id":0,"_jetpack_memberships_contains_paywalled_content":false,"_mbp_banners":[],"_jetpack_feature_clip_id":0,"_jetpack_memberships_contains_paid_content":false,"footnotes":"","jetpack_publicize_message":"","jetpack_publicize_feature_enabled":true,"jetpack_social_post_already_shared":true,"jetpack_social_options":{"image_generator_settings":{"template":"highway","default_image_id":0,"font":"","enabled":false},"version":2},"jetpack_post_was_ever_published":false},"categories":[19],"tags":[],"class_list":["post-27186","post","type-post","status-publish","format-standard","has-post-thumbnail","category-politica"],"jetpack_publicize_connections":[],"jetpack-related-posts":[],"jetpack_shortlink":"https:\/\/wp.me\/p7Eq1F-74u","jetpack_sharing_enabled":true,"jetpack_featured_media_url":"https:\/\/i0.wp.com\/guialimeira.com.br\/news\/wp-content\/uploads\/2025\/03\/Lula-entrega-projeto-de-isencao-de-IR-para-quem-ganha.jpg?fit=1600%2C800&ssl=1","_links":{"self":[{"href":"https:\/\/guialimeira.com.br\/news\/wp-json\/wp\/v2\/posts\/27186","targetHints":{"allow":["GET"]}}],"collection":[{"href":"https:\/\/guialimeira.com.br\/news\/wp-json\/wp\/v2\/posts"}],"about":[{"href":"https:\/\/guialimeira.com.br\/news\/wp-json\/wp\/v2\/types\/post"}],"author":[{"embeddable":true,"href":"https:\/\/guialimeira.com.br\/news\/wp-json\/wp\/v2\/users\/1"}],"replies":[{"embeddable":true,"href":"https:\/\/guialimeira.com.br\/news\/wp-json\/wp\/v2\/comments?post=27186"}],"version-history":[{"count":1,"href":"https:\/\/guialimeira.com.br\/news\/wp-json\/wp\/v2\/posts\/27186\/revisions"}],"predecessor-version":[{"id":27188,"href":"https:\/\/guialimeira.com.br\/news\/wp-json\/wp\/v2\/posts\/27186\/revisions\/27188"}],"wp:featuredmedia":[{"embeddable":true,"href":"https:\/\/guialimeira.com.br\/news\/wp-json\/wp\/v2\/media\/27187"}],"wp:attachment":[{"href":"https:\/\/guialimeira.com.br\/news\/wp-json\/wp\/v2\/media?parent=27186"}],"wp:term":[{"taxonomy":"category","embeddable":true,"href":"https:\/\/guialimeira.com.br\/news\/wp-json\/wp\/v2\/categories?post=27186"},{"taxonomy":"post_tag","embeddable":true,"href":"https:\/\/guialimeira.com.br\/news\/wp-json\/wp\/v2\/tags?post=27186"}],"curies":[{"name":"wp","href":"https:\/\/api.w.org\/{rel}","templated":true}]}}