{"id":27181,"date":"2025-03-18T14:33:39","date_gmt":"2025-03-18T17:33:39","guid":{"rendered":"https:\/\/guialimeira.com.br\/?p=27181"},"modified":"2025-03-18T14:33:39","modified_gmt":"2025-03-18T17:33:39","slug":"conselheiro-maxwell-borges-de-moura-vieira-e-homenageado-com-mocao","status":"publish","type":"post","link":"https:\/\/guialimeira.com.br\/news\/conselheiro-maxwell-borges-de-moura-vieira-e-homenageado-com-mocao\/","title":{"rendered":"Conselheiro Maxwell Borges de Moura Vieira \u00e9 homenageado com mo\u00e7\u00e3o"},"content":{"rendered":"\n<figure class=\"wp-block-gallery has-nested-images columns-default is-cropped wp-block-gallery-1 is-layout-flex wp-block-gallery-is-layout-flex\"><\/figure>\n \r\n<br><img data-recalc-dims=\"1\" decoding=\"async\" src=\"https:\/\/i0.wp.com\/guialimeira.com.br\/wp-content\/uploads\/2025\/03\/2025-03-18_conselheiro-maxwell-borges-de-moura-vieira-e-homenageado-com-mocao_1.jpg?w=696&#038;ssl=1\" \/><br><div>\n\t\t\t\t\t<p>A <a href=\"https:\/\/consulta.limeira.sp.leg.br\/Documentos\/Documento\/369798\" rel=\"noopener\">Mo\u00e7\u00e3o N\u00b0 41\/2025<\/a>, de autoria do vereador Elias Barbosa (PRTB), aprovada na sess\u00e3o ordin\u00e1ria desta segunda-feira, 17 de mar\u00e7o, homenageia o novo conselheiro do Tribunal de Contas do Estado de S\u00e3o Paulo (TCESP), Maxwell Borges de Moura Vieira, rec\u00e9m empossado na corte de contas do estado.\u00a0<\/p><p>Na manh\u00e3 de sexta-feira,\u00a0 14 de mar\u00e7o de 2025, Elias esteve presente na sede do Tribunal de Contas do Estado de S\u00e3o Paulo (TCESP), na capital paulista, para acompanhar a posse administrativa de Maxwell Borges. A cerim\u00f4nia contou com a presen\u00e7a de autoridades, conselheiros, membros e diretores do Tribunal.<\/p><p>O homenageado atuou na administra\u00e7\u00e3o p\u00fablica, em cargos como presidente do Departamento Estadual de Tr\u00e2nsito de S\u00e3o Paulo (Detran\/SP) no bi\u00eanio 2017-2018, diretor de Mobilidade do Minist\u00e9rio de Desenvolvimento Regional (MDR) e diretor administrativo financeiro da Telebras.\u00a0<\/p><p>\u201cSua forma\u00e7\u00e3o acad\u00eamica e sua experi\u00eancia t\u00e9cnica s\u00e3o fundamentais para contribuir significativamente para a efici\u00eancia e a moderniza\u00e7\u00e3o do Tribunal de Contas do Estado de S\u00e3o Paulo, refor\u00e7ando sua atua\u00e7\u00e3o na constru\u00e7\u00e3o de uma jurisprud\u00eancia s\u00f3lida e em a\u00e7\u00f5es de controle externo que beneficiem toda a sociedade paulista\u201d, relatou o autor da mo\u00e7\u00e3o.<\/p><p><strong>Cerim\u00f4nia de posse<\/strong><\/p><p>O evento foi conduzido pelo presidente conselheiro Ant\u00f4nio Roque Citadini e teve a presen\u00e7a do governador do estado de S\u00e3o Paulo Tarcisio de Freitas, do ministro do Supremo Tribunal Federal, Andr\u00e9 Mendon\u00e7a, do presidente da Assembleia Legislativa de S\u00e3o Paulo, deputado Andr\u00e9 do Prado, do presidente do Tribunal de Justi\u00e7a de S\u00e3o Paulo, Fernando Ant\u00f4nio Torres Garcia, do deputado federal por S\u00e3o Paulo, Cezinha de Madureira (PSD), e demais autoridades.<\/p><p>Elias Barbosa destacou a import\u00e2ncia do Tribunal de Contas para a transpar\u00eancia e fiscaliza\u00e7\u00e3o da gest\u00e3o p\u00fablica e parabenizou o novo conselheiro pelo desafio. &#8220;Maxwell Borges de Moura Vieira tem uma trajet\u00f3ria s\u00f3lida e experi\u00eancia na administra\u00e7\u00e3o p\u00fablica. Tenho certeza de que exercer\u00e1 sua fun\u00e7\u00e3o com compromisso e seriedade, contribuindo para o fortalecimento das institui\u00e7\u00f5es e para a boa gest\u00e3o dos recursos p\u00fablicos&#8221;, afirmou o vereador.<\/p><p>O parlamentar ainda ressaltou que o trabalho do Tribunal de Contas impacta diretamente os munic\u00edpios, auxiliando na fiscaliza\u00e7\u00e3o das contas p\u00fablicas e na garantia de gest\u00f5es mais eficientes e respons\u00e1veis. &#8220;A presen\u00e7a de um profissional qualificado como Maxwell no Tribunal \u00e9 essencial para garantir que os recursos sejam bem aplicados e revertidos em benef\u00edcio da popula\u00e7\u00e3o&#8221;, concluiu. O vereador reafirmou seu compromisso em acompanhar de perto as a\u00e7\u00f5es do Tribunal e seguir atuando em defesa da boa gest\u00e3o p\u00fablica.<\/p><p><i>Do Gabinete Parlamentar \u2013 Vereador Elias Barbosa (PRTB)<\/i><\/p><p><i>*Fotos do Gabinete parlamentar<\/i><\/p><p><strong>As mat\u00e9rias de origem dos Gabinetes Parlamentares s\u00e3o de inteira\u00a0 responsabilidade dos parlamentares e de suas assessorias. S\u00e3o devidamente assinadas e n\u00e3o refletem, necessariamente, a opini\u00e3o institucional da C\u00e2mara Municipal de Limeira.<\/strong><\/p>\t\t\t\t<\/div>\r\n<br>\r\n<br><a href=\"https:\/\/www.limeira.sp.leg.br\/noticias\/view\/2025-03-18_conselheiro-maxwell-borges-de-moura-vieira-e-homenageado-com-mocao\" rel=\"noopener\">Informa\u00e7\u00f5es CML <\/a>","protected":false},"excerpt":{"rendered":"<p>A Mo\u00e7\u00e3o N\u00b0 41\/2025, de autoria do vereador Elias Barbosa (PRTB), aprovada na sess\u00e3o ordin\u00e1ria desta segunda-feira, 17 de mar\u00e7o, homenageia o novo conselheiro do Tribunal de Contas do Estado de S\u00e3o Paulo (TCESP), Maxwell Borges de Moura Vieira, rec\u00e9m empossado na corte de contas do estado.\u00a0 Na manh\u00e3 de sexta-feira,\u00a0 14 de mar\u00e7o de [&hellip;]<\/p>\n","protected":false},"author":1,"featured_media":27182,"comment_status":"open","ping_status":"open","sticky":false,"template":"","format":"standard","meta":{"_jetpack_newsletter_access":"","_jetpack_dont_email_post_to_subs":false,"_jetpack_newsletter_tier_id":0,"_jetpack_memberships_contains_paywalled_content":false,"_mbp_banners":[],"_jetpack_feature_clip_id":0,"_jetpack_memberships_contains_paid_content":false,"footnotes":"","jetpack_publicize_message":"","jetpack_publicize_feature_enabled":true,"jetpack_social_post_already_shared":true,"jetpack_social_options":{"image_generator_settings":{"template":"highway","default_image_id":0,"font":"","enabled":false},"version":2},"jetpack_post_was_ever_published":false},"categories":[19],"tags":[],"class_list":["post-27181","post","type-post","status-publish","format-standard","has-post-thumbnail","category-politica"],"jetpack_publicize_connections":[],"jetpack-related-posts":[],"jetpack_shortlink":"https:\/\/wp.me\/p7Eq1F-74p","jetpack_sharing_enabled":true,"jetpack_featured_media_url":"https:\/\/i0.wp.com\/guialimeira.com.br\/news\/wp-content\/uploads\/2025\/03\/Conselheiro-Maxwell-Borges-de-Moura-Vieira-e-homenageado-com-mocao.jpg?fit=1280%2C640&ssl=1","_links":{"self":[{"href":"https:\/\/guialimeira.com.br\/news\/wp-json\/wp\/v2\/posts\/27181","targetHints":{"allow":["GET"]}}],"collection":[{"href":"https:\/\/guialimeira.com.br\/news\/wp-json\/wp\/v2\/posts"}],"about":[{"href":"https:\/\/guialimeira.com.br\/news\/wp-json\/wp\/v2\/types\/post"}],"author":[{"embeddable":true,"href":"https:\/\/guialimeira.com.br\/news\/wp-json\/wp\/v2\/users\/1"}],"replies":[{"embeddable":true,"href":"https:\/\/guialimeira.com.br\/news\/wp-json\/wp\/v2\/comments?post=27181"}],"version-history":[{"count":1,"href":"https:\/\/guialimeira.com.br\/news\/wp-json\/wp\/v2\/posts\/27181\/revisions"}],"predecessor-version":[{"id":27183,"href":"https:\/\/guialimeira.com.br\/news\/wp-json\/wp\/v2\/posts\/27181\/revisions\/27183"}],"wp:featuredmedia":[{"embeddable":true,"href":"https:\/\/guialimeira.com.br\/news\/wp-json\/wp\/v2\/media\/27182"}],"wp:attachment":[{"href":"https:\/\/guialimeira.com.br\/news\/wp-json\/wp\/v2\/media?parent=27181"}],"wp:term":[{"taxonomy":"category","embeddable":true,"href":"https:\/\/guialimeira.com.br\/news\/wp-json\/wp\/v2\/categories?post=27181"},{"taxonomy":"post_tag","embeddable":true,"href":"https:\/\/guialimeira.com.br\/news\/wp-json\/wp\/v2\/tags?post=27181"}],"curies":[{"name":"wp","href":"https:\/\/api.w.org\/{rel}","templated":true}]}}