{"id":27166,"date":"2025-03-18T12:31:53","date_gmt":"2025-03-18T15:31:53","guid":{"rendered":"https:\/\/guialimeira.com.br\/?p=27166"},"modified":"2025-03-18T12:31:53","modified_gmt":"2025-03-18T15:31:53","slug":"dr-marcelo-rossi-conhece-detalhes-do-projeto-de-reforma-do-centro-do-idoso","status":"publish","type":"post","link":"https:\/\/guialimeira.com.br\/news\/dr-marcelo-rossi-conhece-detalhes-do-projeto-de-reforma-do-centro-do-idoso\/","title":{"rendered":"Dr. Marcelo Rossi conhece detalhes do projeto de reforma do Centro do Idoso"},"content":{"rendered":"\n<figure class=\"wp-block-gallery has-nested-images columns-default is-cropped wp-block-gallery-1 is-layout-flex wp-block-gallery-is-layout-flex\"><\/figure>\n \r\n<br><img data-recalc-dims=\"1\" decoding=\"async\" src=\"https:\/\/i0.wp.com\/guialimeira.com.br\/wp-content\/uploads\/2025\/03\/2025-03-18_dr-marcelo-rossi-conhece-detalhes-do-projeto-de-reforma-do-centro-do-idoso_1.jpg?w=696&#038;ssl=1\" \/><br><div>\n\t\t\t\t\t<p>O vereador Dr. Marcelo Rossi visitou, na \u00faltima sexta-feira, 14 de mar\u00e7o, o im\u00f3vel que abrigava o Centro de Refer\u00eancia do Idoso, localizado na avenida Campinas. Ele foi recebido por t\u00e9cnicos da Secretaria de Obras e conheceu detalhes do projeto de reforma.<\/p><p>\u201cAp\u00f3s cinco anos desativado, o local finalmente receber\u00e1 as obras que reivindicamos desde seu fechamento\u201d, afirmou o vereador, que relembrou a mobiliza\u00e7\u00e3o popular em torno do tema, incluindo um abaixo-assinado.<\/p><p>O pedido de reabertura do centro tamb\u00e9m foi levado diretamente ao prefeito Murilo F\u00e9lix. \u201cO prefeito \u00e9 muito sens\u00edvel a essa causa e, em menos de tr\u00eas meses \u00e0 frente da Prefeitura, j\u00e1 iniciar\u00e1 uma obra desse porte, aguardada h\u00e1 cinco anos\u201d, destacou Dr. Marcelo.<\/p><p>Durante o primeiro mandato, o vereador, que tamb\u00e9m \u00e9 m\u00e9dico geriatra, visitou o espa\u00e7o e acompanhou diversas atividades realizadas no local, como aulas de yoga e gin\u00e1stica. \u201cNa \u00e9poca, trabalhamos para reduzir a fila de espera por aulas de hidrogin\u00e1stica\u201d, recordou.<\/p><p>Inaugurado em 2006, o Centro do Idoso chegou a atender 1.500 idosos por m\u00eas, oferecendo tamb\u00e9m aulas de nata\u00e7\u00e3o, tai chi, t\u00eanis de mesa e dan\u00e7a de sal\u00e3o. \u201cEra um espa\u00e7o essencial para promover a qualidade de vida, a sa\u00fade e a socializa\u00e7\u00e3o dos idosos\u201d, enfatizou o vereador.<\/p><p>O projeto de reforma prev\u00ea n\u00e3o apenas interven\u00e7\u00f5es estruturais no pr\u00e9dio, mas tamb\u00e9m a revitaliza\u00e7\u00e3o da piscina e dos vesti\u00e1rios, al\u00e9m da constru\u00e7\u00e3o de \u00e1reas administrativas e de conviv\u00eancia. A piscina ser\u00e1 modernizada com aplica\u00e7\u00e3o de impermeabilizante, novo revestimento e a instala\u00e7\u00e3o de aquecedores mais potentes e eficientes.<\/p><p>Os vesti\u00e1rios ser\u00e3o totalmente reconstru\u00eddos, com pisos novos, substitui\u00e7\u00e3o de pe\u00e7as sanit\u00e1rias e um design adaptado para melhor acessibilidade. Tamb\u00e9m ser\u00e1 constru\u00edda uma rampa para pessoas com defici\u00eancia.<\/p><p>O telhado receber\u00e1 aten\u00e7\u00e3o especial, segundo o parlamentar, com reaproveitamento das telhas termoac\u00fasticas, refor\u00e7o estrutural e troca do fechamento lateral. A nova estrutura contar\u00e1 com ventila\u00e7\u00e3o cruzada para melhorar o conforto t\u00e9rmico \u2014 uma solicita\u00e7\u00e3o antiga dos frequentadores.<\/p><p>Al\u00e9m disso, ser\u00e1 constru\u00edda uma pra\u00e7a em frente ao im\u00f3vel, voltada \u00e0 promo\u00e7\u00e3o da socializa\u00e7\u00e3o.<\/p><p>O investimento estimado \u00e9 de R$ 7 milh\u00f5es, e as obras devem durar at\u00e9 um ano. A previs\u00e3o \u00e9 que os trabalhos comecem ainda nesta semana.<\/p><p>Em janeiro, o vereador j\u00e1 havia se reunido com o prefeito e com a secret\u00e1ria de Urbanismo, Ana Cristina Machado, ocasi\u00e3o em que refor\u00e7ou seu pedido pela reabertura do Centro do Idoso.<\/p><p><i>Do Gabinete Parlamentar \u2013 Vereador\u00a0 Dr. Marcelo Rossi (MDB)<\/i><\/p><p><i>*Fotos do Gabinete parlamentar<\/i><\/p><p><strong>As mat\u00e9rias de origem dos Gabinetes Parlamentares s\u00e3o de inteira\u00a0 responsabilidade dos parlamentares e de suas assessorias. S\u00e3o devidamente assinadas e n\u00e3o refletem, necessariamente, a opini\u00e3o institucional da C\u00e2mara Municipal de Limeira.<\/strong><\/p>\t\t\t\t<\/div>\r\n<br>\r\n<br><a href=\"https:\/\/www.limeira.sp.leg.br\/noticias\/view\/2025-03-18_dr-marcelo-rossi-conhece-detalhes-do-projeto-de-reforma-do-centro-do-idoso\" rel=\"noopener\">Informa\u00e7\u00f5es CML <\/a>","protected":false},"excerpt":{"rendered":"<p>O vereador Dr. Marcelo Rossi visitou, na \u00faltima sexta-feira, 14 de mar\u00e7o, o im\u00f3vel que abrigava o Centro de Refer\u00eancia do Idoso, localizado na avenida Campinas. Ele foi recebido por t\u00e9cnicos da Secretaria de Obras e conheceu detalhes do projeto de reforma. \u201cAp\u00f3s cinco anos desativado, o local finalmente receber\u00e1 as obras que reivindicamos desde [&hellip;]<\/p>\n","protected":false},"author":1,"featured_media":27167,"comment_status":"open","ping_status":"open","sticky":false,"template":"","format":"standard","meta":{"_jetpack_newsletter_access":"","_jetpack_dont_email_post_to_subs":false,"_jetpack_newsletter_tier_id":0,"_jetpack_memberships_contains_paywalled_content":false,"_mbp_banners":[],"_jetpack_feature_clip_id":0,"_jetpack_memberships_contains_paid_content":false,"footnotes":"","jetpack_publicize_message":"","jetpack_publicize_feature_enabled":true,"jetpack_social_post_already_shared":true,"jetpack_social_options":{"image_generator_settings":{"template":"highway","default_image_id":0,"font":"","enabled":false},"version":2},"jetpack_post_was_ever_published":false},"categories":[19],"tags":[],"class_list":["post-27166","post","type-post","status-publish","format-standard","has-post-thumbnail","category-politica"],"jetpack_publicize_connections":[],"jetpack-related-posts":[],"jetpack_shortlink":"https:\/\/wp.me\/p7Eq1F-74a","jetpack_sharing_enabled":true,"jetpack_featured_media_url":"https:\/\/i0.wp.com\/guialimeira.com.br\/news\/wp-content\/uploads\/2025\/03\/Dr-Marcelo-Rossi-conhece-detalhes-do-projeto-de-reforma-do.jpg?fit=1280%2C640&ssl=1","_links":{"self":[{"href":"https:\/\/guialimeira.com.br\/news\/wp-json\/wp\/v2\/posts\/27166","targetHints":{"allow":["GET"]}}],"collection":[{"href":"https:\/\/guialimeira.com.br\/news\/wp-json\/wp\/v2\/posts"}],"about":[{"href":"https:\/\/guialimeira.com.br\/news\/wp-json\/wp\/v2\/types\/post"}],"author":[{"embeddable":true,"href":"https:\/\/guialimeira.com.br\/news\/wp-json\/wp\/v2\/users\/1"}],"replies":[{"embeddable":true,"href":"https:\/\/guialimeira.com.br\/news\/wp-json\/wp\/v2\/comments?post=27166"}],"version-history":[{"count":1,"href":"https:\/\/guialimeira.com.br\/news\/wp-json\/wp\/v2\/posts\/27166\/revisions"}],"predecessor-version":[{"id":27168,"href":"https:\/\/guialimeira.com.br\/news\/wp-json\/wp\/v2\/posts\/27166\/revisions\/27168"}],"wp:featuredmedia":[{"embeddable":true,"href":"https:\/\/guialimeira.com.br\/news\/wp-json\/wp\/v2\/media\/27167"}],"wp:attachment":[{"href":"https:\/\/guialimeira.com.br\/news\/wp-json\/wp\/v2\/media?parent=27166"}],"wp:term":[{"taxonomy":"category","embeddable":true,"href":"https:\/\/guialimeira.com.br\/news\/wp-json\/wp\/v2\/categories?post=27166"},{"taxonomy":"post_tag","embeddable":true,"href":"https:\/\/guialimeira.com.br\/news\/wp-json\/wp\/v2\/tags?post=27166"}],"curies":[{"name":"wp","href":"https:\/\/api.w.org\/{rel}","templated":true}]}}