{"id":27153,"date":"2025-03-18T11:30:43","date_gmt":"2025-03-18T14:30:43","guid":{"rendered":"https:\/\/guialimeira.com.br\/?p=27153"},"modified":"2025-03-18T11:30:43","modified_gmt":"2025-03-18T14:30:43","slug":"projeto-que-perpetua-o-nome-de-aurelio-izidio-bazilio-em-area-verde-de-limeira-e-aprovado","status":"publish","type":"post","link":"https:\/\/guialimeira.com.br\/news\/projeto-que-perpetua-o-nome-de-aurelio-izidio-bazilio-em-area-verde-de-limeira-e-aprovado\/","title":{"rendered":"Projeto que perpetua o nome de Aur\u00e9lio Izidio Baz\u00edlio em \u00e1rea verde de Limeira \u00e9 aprovado"},"content":{"rendered":"\n<figure class=\"wp-block-gallery has-nested-images columns-default is-cropped wp-block-gallery-1 is-layout-flex wp-block-gallery-is-layout-flex\"><\/figure>\n \r\n<br><img data-recalc-dims=\"1\" decoding=\"async\" src=\"https:\/\/i0.wp.com\/guialimeira.com.br\/wp-content\/uploads\/2025\/03\/2025-03-18_projeto-que-perpetua-o-nome-de-aurelio-izidio-bazilio-em-area-verde-de-limeira-e-aprovado.jpeg?w=696&#038;ssl=1\" \/><br><div>\n\t\t\t\t\t<p>Os vereadores presentes na sess\u00e3o ordin\u00e1ria realizada nesta segunda-feira, 17 de mar\u00e7o, aprovaram o <a href=\"https:\/\/consulta.limeira.sp.leg.br\/Documentos\/Documento\/357068\" rel=\"noopener\">Projeto de Lei N\u00ba 149\/2024<\/a>, de autoria do vereador Nilton Santos (Republicanos), que perpetua o nome de Aur\u00e9lio Izidio Baz\u00edlio na \u00e1rea verde 02 + APP do loteamento Jardim Primavera.<\/p><p>Natural de Fern\u00e3o Velho (AL), Aur\u00e9lio Bazilio casou-se com Maria Pereira Bazilio, com quem teve sete filhos. O casal mudou-se para Limeira em 1958, onde trabalharam na colheita de laranja e algod\u00e3o.<\/p><p>O homenageado tamb\u00e9m trabalhou na empresa Mastra, na qual atuou por 25 anos como soldador. Ap\u00f3s a aposentadoria em 1995, Aur\u00e9lio dedicou-se \u00e0 jardinagem e agricultura at\u00e9 os \u00faltimos dias de vida. Faleceu no dia 25 de junho de 2017.<\/p><p>Os projetos aprovados seguem para aprecia\u00e7\u00e3o do prefeito para san\u00e7\u00e3o ou veto. Se sancionados, ser\u00e3o promulgados e publicados no Jornal Oficial do Munic\u00edpio e passam a ser lei.<\/p>\t\t\t\t<\/div>\r\n<br>\r\n<br><a href=\"https:\/\/www.limeira.sp.leg.br\/noticias\/view\/2025-03-18_projeto-que-perpetua-o-nome-de-aurelio-izidio-bazilio-em-area-verde-de-limeira-e-aprovado\" rel=\"noopener\">Informa\u00e7\u00f5es CML <\/a>","protected":false},"excerpt":{"rendered":"<p>Os vereadores presentes na sess\u00e3o ordin\u00e1ria realizada nesta segunda-feira, 17 de mar\u00e7o, aprovaram o Projeto de Lei N\u00ba 149\/2024, de autoria do vereador Nilton Santos (Republicanos), que perpetua o nome de Aur\u00e9lio Izidio Baz\u00edlio na \u00e1rea verde 02 + APP do loteamento Jardim Primavera. Natural de Fern\u00e3o Velho (AL), Aur\u00e9lio Bazilio casou-se com Maria Pereira [&hellip;]<\/p>\n","protected":false},"author":1,"featured_media":27154,"comment_status":"open","ping_status":"open","sticky":false,"template":"","format":"standard","meta":{"_jetpack_newsletter_access":"","_jetpack_dont_email_post_to_subs":false,"_jetpack_newsletter_tier_id":0,"_jetpack_memberships_contains_paywalled_content":false,"_mbp_banners":[],"_jetpack_feature_clip_id":0,"_jetpack_memberships_contains_paid_content":false,"footnotes":"","jetpack_publicize_message":"","jetpack_publicize_feature_enabled":true,"jetpack_social_post_already_shared":true,"jetpack_social_options":{"image_generator_settings":{"template":"highway","default_image_id":0,"font":"","enabled":false},"version":2},"jetpack_post_was_ever_published":false},"categories":[19],"tags":[],"class_list":["post-27153","post","type-post","status-publish","format-standard","has-post-thumbnail","category-politica"],"jetpack_publicize_connections":[],"jetpack-related-posts":[],"jetpack_shortlink":"https:\/\/wp.me\/p7Eq1F-73X","jetpack_sharing_enabled":true,"jetpack_featured_media_url":"https:\/\/i0.wp.com\/guialimeira.com.br\/news\/wp-content\/uploads\/2025\/03\/Projeto-que-perpetua-o-nome-de-Aurelio-Izidio-Bazilio-em.jpeg?fit=1280%2C640&ssl=1","_links":{"self":[{"href":"https:\/\/guialimeira.com.br\/news\/wp-json\/wp\/v2\/posts\/27153","targetHints":{"allow":["GET"]}}],"collection":[{"href":"https:\/\/guialimeira.com.br\/news\/wp-json\/wp\/v2\/posts"}],"about":[{"href":"https:\/\/guialimeira.com.br\/news\/wp-json\/wp\/v2\/types\/post"}],"author":[{"embeddable":true,"href":"https:\/\/guialimeira.com.br\/news\/wp-json\/wp\/v2\/users\/1"}],"replies":[{"embeddable":true,"href":"https:\/\/guialimeira.com.br\/news\/wp-json\/wp\/v2\/comments?post=27153"}],"version-history":[{"count":1,"href":"https:\/\/guialimeira.com.br\/news\/wp-json\/wp\/v2\/posts\/27153\/revisions"}],"predecessor-version":[{"id":27155,"href":"https:\/\/guialimeira.com.br\/news\/wp-json\/wp\/v2\/posts\/27153\/revisions\/27155"}],"wp:featuredmedia":[{"embeddable":true,"href":"https:\/\/guialimeira.com.br\/news\/wp-json\/wp\/v2\/media\/27154"}],"wp:attachment":[{"href":"https:\/\/guialimeira.com.br\/news\/wp-json\/wp\/v2\/media?parent=27153"}],"wp:term":[{"taxonomy":"category","embeddable":true,"href":"https:\/\/guialimeira.com.br\/news\/wp-json\/wp\/v2\/categories?post=27153"},{"taxonomy":"post_tag","embeddable":true,"href":"https:\/\/guialimeira.com.br\/news\/wp-json\/wp\/v2\/tags?post=27153"}],"curies":[{"name":"wp","href":"https:\/\/api.w.org\/{rel}","templated":true}]}}