{"id":27141,"date":"2025-03-18T10:29:41","date_gmt":"2025-03-18T13:29:41","guid":{"rendered":"https:\/\/guialimeira.com.br\/?p=27141"},"modified":"2025-03-18T10:29:41","modified_gmt":"2025-03-18T13:29:41","slug":"aprovado-projeto-que-declara-o-centro-social-alessandra-neves-como-utilidade-publica","status":"publish","type":"post","link":"https:\/\/guialimeira.com.br\/news\/aprovado-projeto-que-declara-o-centro-social-alessandra-neves-como-utilidade-publica\/","title":{"rendered":"Aprovado projeto que declara o Centro Social Alessandra Neves como utilidade p\u00fablica"},"content":{"rendered":"\n<figure class=\"wp-block-gallery has-nested-images columns-default is-cropped wp-block-gallery-1 is-layout-flex wp-block-gallery-is-layout-flex\"><\/figure>\n \r\n<br><img data-recalc-dims=\"1\" decoding=\"async\" src=\"https:\/\/i0.wp.com\/guialimeira.com.br\/wp-content\/uploads\/2025\/03\/2025-03-18_aprovado-projeto-que-declara-o-centro-social-alessandra-neves-como-utilidade-publica_1.jp.jpeg?w=696&#038;ssl=1\" \/><br><div>\n\t\t\t\t\t<p>Reconhecer o trabalho realizado pelo Centro Social Alessandra Neves \u00e9 o objetivo do <a href=\"https:\/\/consulta.limeira.sp.leg.br\/Documentos\/Documento\/361718\" rel=\"noopener\">Projeto de Lei N\u00ba 161\/2024<\/a> do vereador Waguinho da Santa Luzia (PP), aprovado nesta segunda-feira, 17 de mar\u00e7o. A propositura declara a entidade sem fins lucrativos como utilidade p\u00fablica na cidade de Limeira.\u00a0<\/p><p>O Centro Social Alessandra Neves \u00e9 considerado uma associa\u00e7\u00e3o civil de direito privado sem fins econ\u00f4micos; fundada no dia 12 de abril de 2021, a entidade promove assist\u00eancia para pessoas em vulnerabilidade social.<\/p><p>Capacita\u00e7\u00e3o profissional, educa\u00e7\u00e3o, esporte e lazer tamb\u00e9m s\u00e3o atividades proporcionadas pelo trabalho realizado pela equipe do Centro Social. \u201cEm tempos de crise econ\u00f4mica, em que os desafios da assist\u00eancia social e as demandas s\u00e3o crescentes, essa declara\u00e7\u00e3o de utilidade p\u00fablica se faz ainda mais relevante&#8221;, defendeu Waguinho no texto da propositura.<\/p><p>O projeto de assist\u00eancia foi expandido, e hoje os limeirenses que realizam tratamento contra o c\u00e2ncer em Barretos (SP) contam com a Casa de Apoio Alessandra Neves; onde encontram pouso, alimenta\u00e7\u00e3o e apoio na cidade durante os dias de atendimento.<\/p><p>Segundo a <a href=\"https:\/\/legislacao.limeira.sp.leg.br\/Limeira-SP\/LeisOrdinarias\/1269-1971\" rel=\"noopener\">Lei N\u00b01269\/1971<\/a>, entidades da sociedade civil, associa\u00e7\u00f5es e funda\u00e7\u00f5es de assist\u00eancia com o fim de servir desinteressadamente \u00e0 sociedade, podem ser declaradas de utilidade p\u00fablica.<\/p><p>\u201cOs projetos sociais n\u00e3o param e o Centro Social Alessandra Neves ainda tem muito a oferecer, mostrando que o trabalho social pode transformar a realidade das pessoas que mais precisam\u201d, completou o vereador.<\/p>\t\t\t\t<\/div>\r\n<br>\r\n<br><a href=\"https:\/\/www.limeira.sp.leg.br\/noticias\/view\/2025-03-18_aprovado-projeto-que-declara-o-centro-social-alessandra-neves-como-utilidade-publica\" rel=\"noopener\">Informa\u00e7\u00f5es CML <\/a>","protected":false},"excerpt":{"rendered":"<p>Reconhecer o trabalho realizado pelo Centro Social Alessandra Neves \u00e9 o objetivo do Projeto de Lei N\u00ba 161\/2024 do vereador Waguinho da Santa Luzia (PP), aprovado nesta segunda-feira, 17 de mar\u00e7o. A propositura declara a entidade sem fins lucrativos como utilidade p\u00fablica na cidade de Limeira.\u00a0 O Centro Social Alessandra Neves \u00e9 considerado uma associa\u00e7\u00e3o [&hellip;]<\/p>\n","protected":false},"author":1,"featured_media":27142,"comment_status":"open","ping_status":"open","sticky":false,"template":"","format":"standard","meta":{"_jetpack_newsletter_access":"","_jetpack_dont_email_post_to_subs":false,"_jetpack_newsletter_tier_id":0,"_jetpack_memberships_contains_paywalled_content":false,"_mbp_banners":[],"_jetpack_feature_clip_id":0,"_jetpack_memberships_contains_paid_content":false,"footnotes":"","jetpack_publicize_message":"","jetpack_publicize_feature_enabled":true,"jetpack_social_post_already_shared":true,"jetpack_social_options":{"image_generator_settings":{"template":"highway","default_image_id":0,"font":"","enabled":false},"version":2},"jetpack_post_was_ever_published":false},"categories":[19],"tags":[],"class_list":["post-27141","post","type-post","status-publish","format-standard","has-post-thumbnail","category-politica"],"jetpack_publicize_connections":[],"jetpack-related-posts":[],"jetpack_shortlink":"https:\/\/wp.me\/p7Eq1F-73L","jetpack_sharing_enabled":true,"jetpack_featured_media_url":"https:\/\/i0.wp.com\/guialimeira.com.br\/news\/wp-content\/uploads\/2025\/03\/Aprovado-projeto-que-declara-o-Centro-Social-Alessandra-Neves-como.jp.jpeg?fit=1280%2C640&ssl=1","_links":{"self":[{"href":"https:\/\/guialimeira.com.br\/news\/wp-json\/wp\/v2\/posts\/27141","targetHints":{"allow":["GET"]}}],"collection":[{"href":"https:\/\/guialimeira.com.br\/news\/wp-json\/wp\/v2\/posts"}],"about":[{"href":"https:\/\/guialimeira.com.br\/news\/wp-json\/wp\/v2\/types\/post"}],"author":[{"embeddable":true,"href":"https:\/\/guialimeira.com.br\/news\/wp-json\/wp\/v2\/users\/1"}],"replies":[{"embeddable":true,"href":"https:\/\/guialimeira.com.br\/news\/wp-json\/wp\/v2\/comments?post=27141"}],"version-history":[{"count":1,"href":"https:\/\/guialimeira.com.br\/news\/wp-json\/wp\/v2\/posts\/27141\/revisions"}],"predecessor-version":[{"id":27143,"href":"https:\/\/guialimeira.com.br\/news\/wp-json\/wp\/v2\/posts\/27141\/revisions\/27143"}],"wp:featuredmedia":[{"embeddable":true,"href":"https:\/\/guialimeira.com.br\/news\/wp-json\/wp\/v2\/media\/27142"}],"wp:attachment":[{"href":"https:\/\/guialimeira.com.br\/news\/wp-json\/wp\/v2\/media?parent=27141"}],"wp:term":[{"taxonomy":"category","embeddable":true,"href":"https:\/\/guialimeira.com.br\/news\/wp-json\/wp\/v2\/categories?post=27141"},{"taxonomy":"post_tag","embeddable":true,"href":"https:\/\/guialimeira.com.br\/news\/wp-json\/wp\/v2\/tags?post=27141"}],"curies":[{"name":"wp","href":"https:\/\/api.w.org\/{rel}","templated":true}]}}