{"id":2714,"date":"2024-04-25T04:47:48","date_gmt":"2024-04-25T07:47:48","guid":{"rendered":"https:\/\/guialimeira.com.br\/2024\/04\/25\/semdettur-reabre-inscricoes-para-vagas-remanescentes-de-manicure-e-pedicure-portal-do-municipio-de-piracicaba\/"},"modified":"2024-04-25T04:47:48","modified_gmt":"2024-04-25T07:47:48","slug":"semdettur-reabre-inscricoes-para-vagas-remanescentes-de-manicure-e-pedicure-portal-do-municipio-de-piracicaba","status":"publish","type":"post","link":"https:\/\/guialimeira.com.br\/news\/semdettur-reabre-inscricoes-para-vagas-remanescentes-de-manicure-e-pedicure-portal-do-municipio-de-piracicaba\/","title":{"rendered":"Semdettur reabre inscri\u00e7\u00f5es para vagas remanescentes de manicure e pedicure \u2013 Portal do Munic\u00edpio de Piracicaba"},"content":{"rendered":"<p> <br \/>\n<\/p>\n<div>\n<p>A Prefeitura de Piracicaba, por meio da Secretaria Municipal de Desenvolvimento Econ\u00f4mico, Trabalho e Turismo (Semdettur), reabriu as inscri\u00e7\u00f5es para o curso profissionalizante de manicure e pedicure. As aulas s\u00e3o gratuitas e acontecem no per\u00edodo da manh\u00e3 no Senac (Servi\u00e7o Nacional de Aprendizagem Comercial) Piracicaba. As inscri\u00e7\u00f5es podem ser feitas a partir de hoje, 24\/04, at\u00e9 que sejam preenchidas as vagas remanescentes.<\/p>\n<p>A especializa\u00e7\u00e3o tem dura\u00e7\u00e3o total de 160 horas e \u00e9 preciso uma idade m\u00ednima de 18 anos para participar. As aulas acontecem no per\u00edodo da manh\u00e3, das 8h \u00e0s 12h, de segunda a quarta-feira, no Senac localizado na rua Santa Cruz, 1.148, Bairro Alto. H\u00e1 25 vagas para o curso.<\/p>\n<figure class=\"wp-block-image size-large\"><img data-recalc-dims=\"1\" fetchpriority=\"high\" decoding=\"async\" width=\"696\" height=\"464\" src=\"https:\/\/i0.wp.com\/piracicaba.sp.gov.br\/wp-content\/uploads\/2024\/04\/Semdettur-tem-curso-gratuito-de-manicure-e-pedicure-1024x683.jpg?resize=696%2C464&#038;ssl=1\" alt=\"\" class=\"wp-image-77091\" srcset=\"https:\/\/piracicaba.sp.gov.br\/wp-content\/uploads\/2024\/04\/Semdettur-tem-curso-gratuito-de-manicure-e-pedicure-1024x683.jpg 1024w, https:\/\/piracicaba.sp.gov.br\/wp-content\/uploads\/2024\/04\/Semdettur-tem-curso-gratuito-de-manicure-e-pedicure-300x200.jpg 300w, https:\/\/piracicaba.sp.gov.br\/wp-content\/uploads\/2024\/04\/Semdettur-tem-curso-gratuito-de-manicure-e-pedicure-768x512.jpg 768w, https:\/\/piracicaba.sp.gov.br\/wp-content\/uploads\/2024\/04\/Semdettur-tem-curso-gratuito-de-manicure-e-pedicure-1536x1024.jpg 1536w, https:\/\/piracicaba.sp.gov.br\/wp-content\/uploads\/2024\/04\/Semdettur-tem-curso-gratuito-de-manicure-e-pedicure-2048x1365.jpg 2048w\" sizes=\"(max-width: 1024px) 100vw, 1024px\"\/><figcaption class=\"wp-element-caption\"><strong><em><sub>Semdettur oferece curso gratuito de manicure e pedicure<\/sub><\/em><\/strong><\/figcaption><\/figure>\n<p>Al\u00e9m das aulas gratuitas, todo o material \u00e9 fornecido aos alunos, exceto o vale-transporte, que o custo fica por conta do participante.<\/p>\n<p><strong>REQUISITOS<\/strong>\u00a0\u2013 Podem se inscrever candidatos com o ensino fundamental completo (8\u00aa s\u00e9rie\/9\u00ba ano) e que residem em Piracicaba (obrigat\u00f3rio). H\u00e1 prioridade nas vagas para quem est\u00e1 desempregado e para os aut\u00f4nomos ou Microempreendedores Individuais (MEI).<\/p>\n<p>Quem j\u00e1 foi contemplado com cursos de qualifica\u00e7\u00e3o oferecidos pela\u00a0Semdettur\u00a0depois de 2021, e os que s\u00e3o empregados com ou sem registro em carteira, aposentados e benefici\u00e1rios do INSS ficar\u00e3o em um cadastro de reserva caso as vagas sejam atingidas pelo grupo priorit\u00e1rio.<\/p>\n<p>A convoca\u00e7\u00e3o \u00e9 feita pela\u00a0Semdettur\u00a0atendendo as exig\u00eancias da prioridade e por ordem de inscri\u00e7\u00e3o.<\/p>\n<p><strong>INSCRI\u00c7\u00d5ES<\/strong>\u00a0\u2013 Os candidatos podem fazer a inscri\u00e7\u00e3o preenchendo o formul\u00e1rio pela internet (<a href=\"https:\/\/forms.gle\/rEEnqAqaj4hWK87b8\" target=\"_blank\" rel=\"noreferrer noopener\">https:\/\/forms.gle\/rEEnqAqaj4hWK87b8<\/a>).<\/p>\n<p>\u00c9 permitida somente uma inscri\u00e7\u00e3o por CPF \u2013 caso o candidato fa\u00e7a mais de uma inscri\u00e7\u00e3o, ser\u00e1 considerada somente a \u00faltima. Ao preencher o formul\u00e1rio, os candidatos precisam anexar c\u00f3pias do RG, CPF, comprovante de endere\u00e7o atualizado e hist\u00f3rico escolar. As inscri\u00e7\u00f5es realizadas sem toda a documenta\u00e7\u00e3o exigida ser\u00e3o desclassificadas.<\/p>\n<p>A\u00a0Semdettur\u00a0entrar\u00e1 em contato com os candidatos que conseguirem a vaga para realizar a matr\u00edcula, e se reserva ao direito de adiar ou cancelar o curso caso n\u00e3o tenha inscritos suficientes.<\/p>\n<\/div>\n<p><br \/>\n<br \/><a href=\"https:\/\/piracicaba.sp.gov.br\/noticias\/semdettur-reabre-inscricoes-para-vagas-remanescentes-de-manicure-e-pedicure\/\" rel=\"noopener\">Informa\u00e7\u00f5es PMP <\/a><\/p>\n","protected":false},"excerpt":{"rendered":"<p>A Prefeitura de Piracicaba, por meio da Secretaria Municipal de Desenvolvimento Econ\u00f4mico, Trabalho e Turismo (Semdettur), reabriu as inscri\u00e7\u00f5es para o curso profissionalizante de manicure e pedicure. As aulas s\u00e3o gratuitas e acontecem no per\u00edodo da manh\u00e3 no Senac (Servi\u00e7o Nacional de Aprendizagem Comercial) Piracicaba. As inscri\u00e7\u00f5es podem ser feitas a partir de hoje, 24\/04, [&hellip;]<\/p>\n","protected":false},"author":1,"featured_media":2715,"comment_status":"open","ping_status":"open","sticky":false,"template":"","format":"standard","meta":{"_jetpack_newsletter_access":"","_jetpack_dont_email_post_to_subs":false,"_jetpack_newsletter_tier_id":0,"_jetpack_memberships_contains_paywalled_content":false,"_mbp_banners":[],"_jetpack_feature_clip_id":0,"_jetpack_memberships_contains_paid_content":false,"footnotes":"","jetpack_publicize_message":"","jetpack_publicize_feature_enabled":true,"jetpack_social_post_already_shared":true,"jetpack_social_options":{"image_generator_settings":{"template":"highway","default_image_id":0,"font":"","enabled":false},"version":2},"jetpack_post_was_ever_published":false},"categories":[20],"tags":[],"class_list":["post-2714","post","type-post","status-publish","format-standard","has-post-thumbnail","category-regiao"],"jetpack_publicize_connections":[],"jetpack-related-posts":[],"jetpack_shortlink":"https:\/\/wp.me\/p7Eq1F-HM","jetpack_sharing_enabled":true,"jetpack_featured_media_url":"https:\/\/i0.wp.com\/guialimeira.com.br\/news\/wp-content\/uploads\/2024\/04\/Semdettur-tem-curso-gratuito-de-manicure-e-pedicure-1024x683.jpg?fit=1024%2C683&ssl=1","_links":{"self":[{"href":"https:\/\/guialimeira.com.br\/news\/wp-json\/wp\/v2\/posts\/2714","targetHints":{"allow":["GET"]}}],"collection":[{"href":"https:\/\/guialimeira.com.br\/news\/wp-json\/wp\/v2\/posts"}],"about":[{"href":"https:\/\/guialimeira.com.br\/news\/wp-json\/wp\/v2\/types\/post"}],"author":[{"embeddable":true,"href":"https:\/\/guialimeira.com.br\/news\/wp-json\/wp\/v2\/users\/1"}],"replies":[{"embeddable":true,"href":"https:\/\/guialimeira.com.br\/news\/wp-json\/wp\/v2\/comments?post=2714"}],"version-history":[{"count":0,"href":"https:\/\/guialimeira.com.br\/news\/wp-json\/wp\/v2\/posts\/2714\/revisions"}],"wp:featuredmedia":[{"embeddable":true,"href":"https:\/\/guialimeira.com.br\/news\/wp-json\/wp\/v2\/media\/2715"}],"wp:attachment":[{"href":"https:\/\/guialimeira.com.br\/news\/wp-json\/wp\/v2\/media?parent=2714"}],"wp:term":[{"taxonomy":"category","embeddable":true,"href":"https:\/\/guialimeira.com.br\/news\/wp-json\/wp\/v2\/categories?post=2714"},{"taxonomy":"post_tag","embeddable":true,"href":"https:\/\/guialimeira.com.br\/news\/wp-json\/wp\/v2\/tags?post=2714"}],"curies":[{"name":"wp","href":"https:\/\/api.w.org\/{rel}","templated":true}]}}