{"id":27131,"date":"2025-03-18T09:28:48","date_gmt":"2025-03-18T12:28:48","guid":{"rendered":"https:\/\/guialimeira.com.br\/?p=27131"},"modified":"2025-03-18T09:28:48","modified_gmt":"2025-03-18T12:28:48","slug":"notificacoes-por-meio-eletronico-serao-priorizadas-pela-administracao-publica","status":"publish","type":"post","link":"https:\/\/guialimeira.com.br\/news\/notificacoes-por-meio-eletronico-serao-priorizadas-pela-administracao-publica\/","title":{"rendered":"Notifica\u00e7\u00f5es por meio eletr\u00f4nico ser\u00e3o priorizadas pela Administra\u00e7\u00e3o P\u00fablica"},"content":{"rendered":"\n<figure class=\"wp-block-gallery has-nested-images columns-default is-cropped wp-block-gallery-1 is-layout-flex wp-block-gallery-is-layout-flex\"><\/figure>\n \r\n<br><img data-recalc-dims=\"1\" decoding=\"async\" src=\"https:\/\/i0.wp.com\/guialimeira.com.br\/wp-content\/uploads\/2025\/03\/2025-03-18_notificacoes-por-meio-eletronico-serao-priorizadas-pela-administracao-publica_1.jpg?w=696&#038;ssl=1\" \/><br><div>\n\t\t\t\t\t<p>Nesta segunda-feira, 17 de mar\u00e7o, a C\u00e2mara Municipal de Limeira aprovou o <a href=\"https:\/\/consulta.limeira.sp.leg.br\/Documentos\/Documento\/366639\" rel=\"noopener\">Projeto de Lei Complementar N\u00ba 2\/2025<\/a>, de autoria da vereadora Mara Isa Mattos Silveira (PL), que altera a reda\u00e7\u00e3o do artigo 202 da <a href=\"https:\/\/legislacao.limeira.sp.leg.br\/Limeira-SP\/LeisOrdinarias\/1890-1983\" rel=\"noopener\">Lei N\u00ba 1.890\/1983<\/a>, que estabelece o C\u00f3digo Tribut\u00e1rio Municipal. O objetivo \u00e9 que as notifica\u00e7\u00f5es possam ser feitas prioritariamente por mensagem SMS ou e-mail.<\/p><p>Na lei original os meios eletr\u00f4nicos eram a \u00faltima op\u00e7\u00e3o de envio de notifica\u00e7\u00f5es. Com a altera\u00e7\u00e3o, passam a ser uma das primeiras formas de encaminhamento e a publica\u00e7\u00e3o via edital no Jornal Oficial do Munic\u00edpio \u00e9 a \u00faltima alternativa. De acordo com a autora, a mudan\u00e7a de prioridade na forma de encaminhamento de notifica\u00e7\u00f5es trar\u00e1 economicidade para a Prefeitura e proporcionar\u00e1 agilidade para que a informa\u00e7\u00e3o chegue ao mun\u00edcipe.<\/p><p>\u201cImportante \u00e9 registrar, neste ponto, que embora se constitua de ferramenta legal para a publica\u00e7\u00e3o dos atos advindos do Poder Executivo, o Jornal Oficial do Munic\u00edpio n\u00e3o ostenta o alcance e a penetra\u00e7\u00e3o necess\u00e1rios para o efetivo conhecimento de tais atos por parte dos contribuintes \u2013 vale dizer, a leitura do jornal oficial n\u00e3o \u00e9 praxe da grande maioria da popula\u00e7\u00e3o, infelizmente\u201d, argumentou.<\/p><p>O projeto aprovado segue para aprecia\u00e7\u00e3o do prefeito Murilo F\u00e9lix, que pode sancionar ou vetar. Se sancionado, ser\u00e1 promulgado e publicado no Jornal Oficial do Munic\u00edpio e passa a ser lei.<\/p>\t\t\t\t<\/div>\r\n<br>\r\n<br><a href=\"https:\/\/www.limeira.sp.leg.br\/noticias\/view\/2025-03-18_notificacoes-por-meio-eletronico-serao-priorizadas-pela-administracao-publica\" rel=\"noopener\">Informa\u00e7\u00f5es CML <\/a>","protected":false},"excerpt":{"rendered":"<p>Nesta segunda-feira, 17 de mar\u00e7o, a C\u00e2mara Municipal de Limeira aprovou o Projeto de Lei Complementar N\u00ba 2\/2025, de autoria da vereadora Mara Isa Mattos Silveira (PL), que altera a reda\u00e7\u00e3o do artigo 202 da Lei N\u00ba 1.890\/1983, que estabelece o C\u00f3digo Tribut\u00e1rio Municipal. O objetivo \u00e9 que as notifica\u00e7\u00f5es possam ser feitas prioritariamente por [&hellip;]<\/p>\n","protected":false},"author":1,"featured_media":27132,"comment_status":"open","ping_status":"open","sticky":false,"template":"","format":"standard","meta":{"_jetpack_newsletter_access":"","_jetpack_dont_email_post_to_subs":false,"_jetpack_newsletter_tier_id":0,"_jetpack_memberships_contains_paywalled_content":false,"_mbp_banners":[],"_jetpack_feature_clip_id":0,"_jetpack_memberships_contains_paid_content":false,"footnotes":"","jetpack_publicize_message":"","jetpack_publicize_feature_enabled":true,"jetpack_social_post_already_shared":true,"jetpack_social_options":{"image_generator_settings":{"template":"highway","default_image_id":0,"font":"","enabled":false},"version":2},"jetpack_post_was_ever_published":false},"categories":[19],"tags":[],"class_list":["post-27131","post","type-post","status-publish","format-standard","has-post-thumbnail","category-politica"],"jetpack_publicize_connections":[],"jetpack-related-posts":[],"jetpack_shortlink":"https:\/\/wp.me\/p7Eq1F-73B","jetpack_sharing_enabled":true,"jetpack_featured_media_url":"https:\/\/i0.wp.com\/guialimeira.com.br\/news\/wp-content\/uploads\/2025\/03\/Notificacoes-por-meio-eletronico-serao-priorizadas-pela-Administracao-Publica.jpg?fit=1280%2C640&ssl=1","_links":{"self":[{"href":"https:\/\/guialimeira.com.br\/news\/wp-json\/wp\/v2\/posts\/27131","targetHints":{"allow":["GET"]}}],"collection":[{"href":"https:\/\/guialimeira.com.br\/news\/wp-json\/wp\/v2\/posts"}],"about":[{"href":"https:\/\/guialimeira.com.br\/news\/wp-json\/wp\/v2\/types\/post"}],"author":[{"embeddable":true,"href":"https:\/\/guialimeira.com.br\/news\/wp-json\/wp\/v2\/users\/1"}],"replies":[{"embeddable":true,"href":"https:\/\/guialimeira.com.br\/news\/wp-json\/wp\/v2\/comments?post=27131"}],"version-history":[{"count":1,"href":"https:\/\/guialimeira.com.br\/news\/wp-json\/wp\/v2\/posts\/27131\/revisions"}],"predecessor-version":[{"id":27133,"href":"https:\/\/guialimeira.com.br\/news\/wp-json\/wp\/v2\/posts\/27131\/revisions\/27133"}],"wp:featuredmedia":[{"embeddable":true,"href":"https:\/\/guialimeira.com.br\/news\/wp-json\/wp\/v2\/media\/27132"}],"wp:attachment":[{"href":"https:\/\/guialimeira.com.br\/news\/wp-json\/wp\/v2\/media?parent=27131"}],"wp:term":[{"taxonomy":"category","embeddable":true,"href":"https:\/\/guialimeira.com.br\/news\/wp-json\/wp\/v2\/categories?post=27131"},{"taxonomy":"post_tag","embeddable":true,"href":"https:\/\/guialimeira.com.br\/news\/wp-json\/wp\/v2\/tags?post=27131"}],"curies":[{"name":"wp","href":"https:\/\/api.w.org\/{rel}","templated":true}]}}