{"id":27103,"date":"2025-03-17T22:17:42","date_gmt":"2025-03-18T01:17:42","guid":{"rendered":"https:\/\/guialimeira.com.br\/?p=27103"},"modified":"2025-03-17T22:17:42","modified_gmt":"2025-03-18T01:17:42","slug":"camara-discute-oito-requerimentos-e-aprova-sete-mocoes-e-quatro-projetos-em-sessao-ordinaria","status":"publish","type":"post","link":"https:\/\/guialimeira.com.br\/news\/camara-discute-oito-requerimentos-e-aprova-sete-mocoes-e-quatro-projetos-em-sessao-ordinaria\/","title":{"rendered":"C\u00e2mara discute oito requerimentos e aprova sete mo\u00e7\u00f5es e quatro projetos em sess\u00e3o ordin\u00e1ria"},"content":{"rendered":"\n<figure class=\"wp-block-gallery has-nested-images columns-default is-cropped wp-block-gallery-1 is-layout-flex wp-block-gallery-is-layout-flex\"><\/figure>\n \r\n<br><img data-recalc-dims=\"1\" decoding=\"async\" src=\"https:\/\/i0.wp.com\/guialimeira.com.br\/wp-content\/uploads\/2025\/03\/2025-03-17_camara-discute-oito-requerimentos-e-aprova-sete-mocoes-e-quatro-projetos-em-sessao-ordina.jpeg?w=696&#038;ssl=1\" \/><br><div>\n\t\t\t\t\t<p>Na sess\u00e3o ordin\u00e1ria desta segunda-feira, 17 de mar\u00e7o, os vereadores da C\u00e2mara Municipal de Limeira aprovaram quatro projetos que estavam na pauta da <a href=\"https:\/\/consulta.limeira.sp.leg.br\/Sessoes\/Documento\/369604\" rel=\"noopener\">Ordem do Dia<\/a>. Tamb\u00e9m foram discutidos oito requerimentos e votadas sete mo\u00e7\u00f5es, durante o <a href=\"https:\/\/consulta.limeira.sp.leg.br\/Sessoes\/Documento\/370052\" rel=\"noopener\">Expediente<\/a>, reservado para a leitura de todos os documentos protocolados na Casa. Os trabalhos foram transmitidos ao vivo, confira o v\u00eddeo na \u00edntegra neste <a href=\"https:\/\/youtu.be\/Qy4FwwVMrSI?t=1560\" rel=\"noopener\">link<\/a>.<\/p><p>J\u00e1 a Tribuna Livre, parte da sess\u00e3o na qual mun\u00edcipes falam sobre assuntos de interesse da cidade, foram debatidos os seguintes temas: educa\u00e7\u00e3o infantil, cobertura de quadras nas escolas, Plano Diretor e campanha salarial dos servidores municipais 2025. Confira os discursos neste <a href=\"https:\/\/youtu.be\/Qy4FwwVMrSI?t=5935\" rel=\"noopener\">link<\/a>.<\/p><p><strong>Tribuna Livre<\/strong><\/p><p>A oradora Renata da Silva Santos usou a Tribuna Livre para pedir a amplia\u00e7\u00e3o do hor\u00e1rio de atendimento das escolas de ensino infantil. Segundo ela, muitas m\u00e3es trabalhadoras n\u00e3o t\u00eam com quem deixar seus filhos e precisam de um apoio maior por parte do poder p\u00fablico. Ela disse que o hor\u00e1rio das escolas deveria ser definido pelo hor\u00e1rio de trabalho, assim as m\u00e3es poderiam ter acesso ao mercado de trabalho.<\/p><p>Em defesa dos alunos e dos professores de educa\u00e7\u00e3o f\u00edsica, Paulo Roberto Rold\u00e3o falou sobre a necessidade de cobertura das quadras das escolas municipais de Limeira. Ele disse que o direito das crian\u00e7as brincarem e se desenvolverem praticando atividade f\u00edsica n\u00e3o est\u00e1 sendo respeitado, pois n\u00e3o h\u00e1 como realizar atividades nas quadras sem cobertura de algumas escolas devido ao calor excessivo, ou \u00e0s chuvas. Ele destacou a import\u00e2ncia da atividade f\u00edsica para a sa\u00fade, no combate ao sedentarismo, e lembrou tamb\u00e9m que h\u00e1 no munic\u00edpio escolas que nem quadra tem.<\/p><p>Em seguida, Nathan Maldonado Pizani discorreu sobre o Plano Diretor. Ele disse aos presentes que o \u00faltimo foi aprovado em 2009 e que a revis\u00e3o deveria ocorrer a cada dez anos. \u201cEstamos indo para o 16\u00ba ano sem revis\u00e3o\u201d, alertou. Ele pediu ajuda de toda a popula\u00e7\u00e3o no levantamento de demandas e para apoiar os vereadores na constru\u00e7\u00e3o do novo Plano Diretor.\u00a0<\/p><p>O servidor p\u00fablico Felipe Luco falou em nome dos fiscais do munic\u00edpio, ele apontou que h\u00e1 poucos servidores na fun\u00e7\u00e3o para cobrir a cidade inteira e que n\u00e3o h\u00e1 valoriza\u00e7\u00e3o dos profissionais. Pediu equipara\u00e7\u00e3o com o cargo de agente fiscal tribut\u00e1rio, que tem uma remunera\u00e7\u00e3o maior, mas executa o mesmo trabalho.<\/p><p>Por fim, Eunice Lopes, representando o Sindicato dos Funcion\u00e1rios e Servidores P\u00fablicos Municipais de Limeira (Sindsel), usou a Tribuna para falar sobre a Campanha Salarial 2025. Com o tema \u201cQuem cuida dessa cidade sou eu\u201d, ela pontuou as demandas dos servidores neste ano, dentre elas a aplica\u00e7\u00e3o de reajuste real, vale alimenta\u00e7\u00e3o igual para todos os servidores, reposi\u00e7\u00e3o de perdas salariais, aplica\u00e7\u00e3o do piso nacional para v\u00e1rias categorias, descongelar per\u00edodo da pandemia para todos os trabalhadore, aux\u00edlio natalino e aux\u00edlio assiduidade. \u201cSempre que essa Casa soma com a gente, n\u00f3s avan\u00e7amos, por isso apresentamos a pauta a voc\u00eas e pedimos apoio\u201d, declarou.<\/p><p><strong>Confira como foi a vota\u00e7\u00e3o:<\/strong><\/p><p><strong>Aprovado &#8211; <\/strong><a href=\"https:\/\/consulta.limeira.sp.leg.br\/Documentos\/Documento\/357068\" rel=\"noopener\">Projeto de Lei N\u00ba 149\/2024<\/a>, do vereador Nilton Santos (Republicanos), perpetua o nome de Aur\u00e9lio Izidio Baz\u00edlio na \u00e1rea verde 02 + APP do loteamento Jardim Primavera.<\/p><p><strong>Aprovado &#8211; <\/strong><a href=\"https:\/\/consulta.limeira.sp.leg.br\/Documentos\/Documento\/361718\" rel=\"noopener\">Projeto de Lei N\u00ba 161\/2024<\/a>, do vereador Waguinho da Santa Luzia (PP), declara de utilidade p\u00fablica o Centro Social Alessandra Neves.<\/p><p><strong>Aprovado &#8211; <\/strong><a href=\"https:\/\/consulta.limeira.sp.leg.br\/Documentos\/Documento\/366639\" rel=\"noopener\">Projeto de Lei Complementar N\u00ba 2\/2025<\/a>, da vereadora Mara Isa Mattos Silveira (PL),\u00a0 altera a reda\u00e7\u00e3o do artigo 202 da <a href=\"https:\/\/legislacao.limeira.sp.leg.br\/Limeira-SP\/LeisOrdinarias\/1890-1983\" rel=\"noopener\">Lei N\u00ba 1.890\/1983<\/a>, que estabelece o C\u00f3digo Tribut\u00e1rio Municipal.<\/p><p><strong>Aprovado &#8211; <\/strong><a href=\"https:\/\/consulta.limeira.sp.leg.br\/Documentos\/Documento\/367337\" rel=\"noopener\">Projeto de Resolu\u00e7\u00e3o N\u00ba 8\/2025<\/a>, da mesa Diretora, composta pelos vereadores Everton Ferreira (PSD), Tatiane Lopes (Avante), Mara Isa Mattos Silveira (PL) e Costa J\u00fanior (Podemos), altera dispositivos e os anexos da <a href=\"https:\/\/legislacao.limeira.sp.leg.br\/Limeira-SP\/Resolucoes\/846-2023\" rel=\"noopener\">Resolu\u00e7\u00e3o N\u00ba 846\/2023<\/a>, que trata sobre a estrutura\u00e7\u00e3o administrativa e organizacional e sobre o quadro permanente de cargos, refer\u00eancias, vencimentos, fun\u00e7\u00f5es gratificadas e atribui\u00e7\u00f5es da C\u00e2mara Municipal de Limeira.<\/p>\t\t\t\t<\/div>\r\n<br>\r\n<br><a href=\"https:\/\/www.limeira.sp.leg.br\/noticias\/view\/2025-03-17_camara-discute-oito-requerimentos-e-aprova-sete-mocoes-e-quatro-projetos-em-sessao-ordinaria\" rel=\"noopener\">Informa\u00e7\u00f5es CML <\/a>","protected":false},"excerpt":{"rendered":"<p>Na sess\u00e3o ordin\u00e1ria desta segunda-feira, 17 de mar\u00e7o, os vereadores da C\u00e2mara Municipal de Limeira aprovaram quatro projetos que estavam na pauta da Ordem do Dia. Tamb\u00e9m foram discutidos oito requerimentos e votadas sete mo\u00e7\u00f5es, durante o Expediente, reservado para a leitura de todos os documentos protocolados na Casa. Os trabalhos foram transmitidos ao vivo, [&hellip;]<\/p>\n","protected":false},"author":1,"featured_media":27104,"comment_status":"open","ping_status":"open","sticky":false,"template":"","format":"standard","meta":{"_jetpack_newsletter_access":"","_jetpack_dont_email_post_to_subs":false,"_jetpack_newsletter_tier_id":0,"_jetpack_memberships_contains_paywalled_content":false,"_mbp_banners":[],"_jetpack_feature_clip_id":0,"_jetpack_memberships_contains_paid_content":false,"footnotes":"","jetpack_publicize_message":"","jetpack_publicize_feature_enabled":true,"jetpack_social_post_already_shared":true,"jetpack_social_options":{"image_generator_settings":{"template":"highway","default_image_id":0,"font":"","enabled":false},"version":2},"jetpack_post_was_ever_published":false},"categories":[19],"tags":[],"class_list":["post-27103","post","type-post","status-publish","format-standard","has-post-thumbnail","category-politica"],"jetpack_publicize_connections":[],"jetpack-related-posts":[],"jetpack_shortlink":"https:\/\/wp.me\/p7Eq1F-739","jetpack_sharing_enabled":true,"jetpack_featured_media_url":"https:\/\/i0.wp.com\/guialimeira.com.br\/news\/wp-content\/uploads\/2025\/03\/Camara-discute-oito-requerimentos-e-aprova-sete-mocoes-e-quatro.jpeg?fit=1280%2C640&ssl=1","_links":{"self":[{"href":"https:\/\/guialimeira.com.br\/news\/wp-json\/wp\/v2\/posts\/27103","targetHints":{"allow":["GET"]}}],"collection":[{"href":"https:\/\/guialimeira.com.br\/news\/wp-json\/wp\/v2\/posts"}],"about":[{"href":"https:\/\/guialimeira.com.br\/news\/wp-json\/wp\/v2\/types\/post"}],"author":[{"embeddable":true,"href":"https:\/\/guialimeira.com.br\/news\/wp-json\/wp\/v2\/users\/1"}],"replies":[{"embeddable":true,"href":"https:\/\/guialimeira.com.br\/news\/wp-json\/wp\/v2\/comments?post=27103"}],"version-history":[{"count":1,"href":"https:\/\/guialimeira.com.br\/news\/wp-json\/wp\/v2\/posts\/27103\/revisions"}],"predecessor-version":[{"id":27105,"href":"https:\/\/guialimeira.com.br\/news\/wp-json\/wp\/v2\/posts\/27103\/revisions\/27105"}],"wp:featuredmedia":[{"embeddable":true,"href":"https:\/\/guialimeira.com.br\/news\/wp-json\/wp\/v2\/media\/27104"}],"wp:attachment":[{"href":"https:\/\/guialimeira.com.br\/news\/wp-json\/wp\/v2\/media?parent=27103"}],"wp:term":[{"taxonomy":"category","embeddable":true,"href":"https:\/\/guialimeira.com.br\/news\/wp-json\/wp\/v2\/categories?post=27103"},{"taxonomy":"post_tag","embeddable":true,"href":"https:\/\/guialimeira.com.br\/news\/wp-json\/wp\/v2\/tags?post=27103"}],"curies":[{"name":"wp","href":"https:\/\/api.w.org\/{rel}","templated":true}]}}