{"id":271,"date":"2024-03-29T14:50:43","date_gmt":"2024-03-29T17:50:43","guid":{"rendered":"https:\/\/guialimeira.com.br\/2024\/03\/29\/saude-alerta-para-faltas-em-consultas\/"},"modified":"2024-03-29T14:50:43","modified_gmt":"2024-03-29T17:50:43","slug":"saude-alerta-para-faltas-em-consultas","status":"publish","type":"post","link":"https:\/\/guialimeira.com.br\/news\/saude-alerta-para-faltas-em-consultas\/","title":{"rendered":"Sa\u00fade alerta para faltas em consultas&#8230;"},"content":{"rendered":"<p> <br \/>\n<br \/><img data-recalc-dims=\"1\" decoding=\"async\" src=\"https:\/\/i0.wp.com\/www.iracemapolis.sp.gov.br\/fotos\/97c8f601203dcfdc5877a628f00d094f.png?w=696&#038;ssl=1\" \/><\/p>\n<div>\n<p>A Secretaria de Sa\u00fade emitiu um alerta para o grande n\u00famero de faltas em consultas marcadas com psic\u00f3logos em todas as unidades de sa\u00fade do munic\u00edpio. As faltas atrapalham o fluxo de trabalho das psicologas e prejudicam o tratamento correto dos pacientes.<\/p>\n<p>\u201cAlertamos a import\u00e2ncia do comprometimento com as consultas, pois diversos pacientes procuram atendimento nos postos de sa\u00fade e, devido \u00e0 agenda extensa, acabam encontrando vagas com datas posteriores. Por isso \u00e9 importante que todos que n\u00e3o conseguirem comparecer, avisem com anteced\u00eancia de at\u00e9 48h, para que outra pessoa ocupe a vaga\u201d, destacou a psic\u00f3loga Marcia Baldini.<\/p>\n<p>Ap\u00f3s duas faltas sem justificativas os pacientes perdem a guia, tendo que passar novamente por um encaminhamento nas unidades de sa\u00fade, indo para o final da fila de espera. As psicologas orientam que os desmarques e justificativas podem ser feitos nos postos de sa\u00fade presencialmente ou por telefone.<\/p>\n<p>\u201cA sua falta, faz falta para algu\u00e9m que precisa de tratamento, por isso \u00e9 importante que os pacientes remarquem a consulta com 48h de anteced\u00eancia e abram espa\u00e7o para outras pessoas que precisam do atendimento\u201d, destacou o diretor de Sa\u00fade, Juvenal Chiocheti.<\/p>\n<p>Confira abaixo os contatos:<\/p>\n<p>USF Dr. \u00c2ngelo Arlindo Lobo (Centro Odontol\u00f3gico), telefone: (19) 99704-2182;<\/p>\n<p>USF Angelina Platinetti Massari (Jardim Iracema), telefone: 3456-3930;<\/p>\n<p>USF Maria Neves Alexandrino (L\u00e1zaro Hon\u00f3rio), telefone: 3456-3200;<\/p>\n<p>UBS No\u00e9 Franco de Campos (Aquarius), telefone: (19) 99867-6589.<\/p>\n<\/p><\/div>\n<p><br \/>\n<br \/><a href=\"https:\/\/www.iracemapolis.sp.gov.br\/portal\/noticias\/0\/3\/2128\/saude-alerta-para-faltas-em-consultas-com-psicologas\/\" rel=\"noopener\">Informa\u00e7\u00f5es PMI<\/a><\/p>\n","protected":false},"excerpt":{"rendered":"<p>A Secretaria de Sa\u00fade emitiu um alerta para o grande n\u00famero de faltas em consultas marcadas com psic\u00f3logos em todas as unidades de sa\u00fade do munic\u00edpio. As faltas atrapalham o fluxo de trabalho das psicologas e prejudicam o tratamento correto dos pacientes. \u201cAlertamos a import\u00e2ncia do comprometimento com as consultas, pois diversos pacientes procuram atendimento [&hellip;]<\/p>\n","protected":false},"author":1,"featured_media":272,"comment_status":"open","ping_status":"open","sticky":false,"template":"","format":"standard","meta":{"_jetpack_newsletter_access":"","_jetpack_dont_email_post_to_subs":false,"_jetpack_newsletter_tier_id":0,"_jetpack_memberships_contains_paywalled_content":false,"_mbp_banners":[],"_jetpack_feature_clip_id":0,"_jetpack_memberships_contains_paid_content":false,"footnotes":"","jetpack_publicize_message":"","jetpack_publicize_feature_enabled":true,"jetpack_social_post_already_shared":false,"jetpack_social_options":{"image_generator_settings":{"template":"highway","default_image_id":0,"font":"","enabled":false},"version":2},"jetpack_post_was_ever_published":false},"categories":[20],"tags":[],"class_list":["post-271","post","type-post","status-publish","format-standard","has-post-thumbnail","category-regiao"],"jetpack_publicize_connections":[],"jetpack-related-posts":[],"jetpack_shortlink":"https:\/\/wp.me\/p7Eq1F-4n","jetpack_sharing_enabled":true,"jetpack_featured_media_url":"https:\/\/i0.wp.com\/guialimeira.com.br\/news\/wp-content\/uploads\/2024\/03\/97c8f601203dcfdc5877a628f00d094f.png?fit=800%2C800&ssl=1","_links":{"self":[{"href":"https:\/\/guialimeira.com.br\/news\/wp-json\/wp\/v2\/posts\/271","targetHints":{"allow":["GET"]}}],"collection":[{"href":"https:\/\/guialimeira.com.br\/news\/wp-json\/wp\/v2\/posts"}],"about":[{"href":"https:\/\/guialimeira.com.br\/news\/wp-json\/wp\/v2\/types\/post"}],"author":[{"embeddable":true,"href":"https:\/\/guialimeira.com.br\/news\/wp-json\/wp\/v2\/users\/1"}],"replies":[{"embeddable":true,"href":"https:\/\/guialimeira.com.br\/news\/wp-json\/wp\/v2\/comments?post=271"}],"version-history":[{"count":0,"href":"https:\/\/guialimeira.com.br\/news\/wp-json\/wp\/v2\/posts\/271\/revisions"}],"wp:featuredmedia":[{"embeddable":true,"href":"https:\/\/guialimeira.com.br\/news\/wp-json\/wp\/v2\/media\/272"}],"wp:attachment":[{"href":"https:\/\/guialimeira.com.br\/news\/wp-json\/wp\/v2\/media?parent=271"}],"wp:term":[{"taxonomy":"category","embeddable":true,"href":"https:\/\/guialimeira.com.br\/news\/wp-json\/wp\/v2\/categories?post=271"},{"taxonomy":"post_tag","embeddable":true,"href":"https:\/\/guialimeira.com.br\/news\/wp-json\/wp\/v2\/tags?post=271"}],"curies":[{"name":"wp","href":"https:\/\/api.w.org\/{rel}","templated":true}]}}