{"id":27094,"date":"2025-03-17T21:16:38","date_gmt":"2025-03-18T00:16:38","guid":{"rendered":"https:\/\/guialimeira.com.br\/?p=27094"},"modified":"2025-03-17T21:16:38","modified_gmt":"2025-03-18T00:16:38","slug":"secretarios-municipais-prestam-contas-a-vereadores-sobre-decreto-de-pagamento-de-fornecedores","status":"publish","type":"post","link":"https:\/\/guialimeira.com.br\/news\/secretarios-municipais-prestam-contas-a-vereadores-sobre-decreto-de-pagamento-de-fornecedores\/","title":{"rendered":"Secret\u00e1rios municipais prestam contas a vereadores sobre decreto de pagamento de fornecedores"},"content":{"rendered":"\n<figure class=\"wp-block-gallery has-nested-images columns-default is-cropped wp-block-gallery-1 is-layout-flex wp-block-gallery-is-layout-flex\"><\/figure>\n \r\n<br><img data-recalc-dims=\"1\" decoding=\"async\" src=\"https:\/\/i0.wp.com\/guialimeira.com.br\/wp-content\/uploads\/2025\/03\/2025-03-17_secretarios-municipais-prestam-contas-a-vereadores-sobre-decreto-de-pagamento-de-forneced.jpeg?w=696&#038;ssl=1\" \/><br><div>\n\t\t\t\t\t<p>Com o objetivo de prestar contas aos vereadores sobre o <a href=\"https:\/\/ecrie.com.br\/Sistema\/Conteudos\/DiarioOficial\/upload\/u_137_14032025205315.pdf\" rel=\"noopener\">Decreto N\u00ba 57\/2025<\/a>, da Prefeitura, que disp\u00f5e sobre a cria\u00e7\u00e3o do Programa de Pagamentos de Restos a Pagar inscritos at\u00e9 31 de dezembro de 2024, os secret\u00e1rios municipais F\u00e1bio Mariano (Assuntos Jur\u00eddicos) e Valmir Barreira (Fazenda) participaram de uma reuni\u00e3o na C\u00e2mara Municipal de Limeira nesta segunda-feira, 17 de mar\u00e7o. Conforme a apresenta\u00e7\u00e3o, fornecedores ter\u00e3o tr\u00eas op\u00e7\u00f5es para receberem os pagamentos: de forma parcelada; parcelada com desconto, por\u00e9m em menor prazo; ou somente no final dos pagamentos dos demais.\u00a0<\/p><p>De acordo com o secret\u00e1rio de Neg\u00f3cios Jur\u00eddicos, o decreto estabelece regras para o pagamento dos fornecedores de forma a resguard\u00e1-los em seus direitos, bem como preservar os cofres municipais.<\/p><p>O secret\u00e1rio de Fazenda informou que as d\u00edvidas de at\u00e9 R$ 40 mil ser\u00e3o pagas at\u00e9 o dia 30 de abril; para as que s\u00e3o acima desse valor ser\u00e3o dadas tr\u00eas op\u00e7\u00f5es para o pagamento: parcelamento da d\u00edvida, de tr\u00eas a 33 parcelas, a depender do montante da d\u00edvida; parcelamento em menor prazo, desde que aplicado desconto de 15% no montante da d\u00edvida; e, caso o credor n\u00e3o aceite o parcelamento, o pagamento se dar\u00e1 ap\u00f3s a quita\u00e7\u00e3o das d\u00edvidas com os demais fornecedores, ou seja, em janeiro de 2028, conforme previs\u00e3o apresentada por Valmir na reuni\u00e3o.<\/p><p>Para aceitar o parcelamento, os fornecedores devem se manifestar, por meio de protocolo de um termo de ades\u00e3o junto \u00e0 Secretaria de Fazenda em at\u00e9 10 dias \u00fateis contados a partir da publica\u00e7\u00e3o do decreto, ou seja, at\u00e9 dia 28 de mar\u00e7o, para que o termo de acordo seja formalizado at\u00e9 o dia 10 de abril.\u00a0<\/p><p>Quem optar pelo parcelamento ter\u00e1 a primeira parcela paga tamb\u00e9m at\u00e9 o dia 30 de abril, segundo Valmir. O secret\u00e1rio explicou, ainda, que os fornecedores que j\u00e1 judicializaram suas d\u00edvidas poder\u00e3o receber de forma parcelada, desde que abram m\u00e3o do processo judicial.<\/p><p>Valmir ressaltou que a escolha do pagamento no m\u00eas de abril foi determinada pelo melhor fluxo de caixa previsto pela Prefeitura, uma vez que \u00e9 neste m\u00eas que come\u00e7am os pagamentos tanto da cota \u00fanica do IPTU, como da primeira parcela para os mun\u00edcipes que optaram pelo parcelamento.<\/p><p>O presidente da C\u00e2mara, vereador Everton Ferreira (PSD), agradeceu a presen\u00e7a dos secret\u00e1rios e elogiou o trabalho da equipe t\u00e9cnica.\u00a0<\/p><p>Al\u00e9m dos secret\u00e1rios e de todos os vereadores da Casa, participaram da reuni\u00e3o a assessora executiva da Fazenda, Andrea Vilas Boas, e o assessor executivo de Comunica\u00e7\u00e3o, Jo\u00e3o Alvarenga.<\/p>\t\t\t\t<\/div>\r\n<br>\r\n<br><a href=\"https:\/\/www.limeira.sp.leg.br\/noticias\/view\/2025-03-17_secretarios-municipais-prestam-contas-a-vereadores-sobre-decreto-de-pagamento-de-fornecedores\" rel=\"noopener\">Informa\u00e7\u00f5es CML <\/a>","protected":false},"excerpt":{"rendered":"<p>Com o objetivo de prestar contas aos vereadores sobre o Decreto N\u00ba 57\/2025, da Prefeitura, que disp\u00f5e sobre a cria\u00e7\u00e3o do Programa de Pagamentos de Restos a Pagar inscritos at\u00e9 31 de dezembro de 2024, os secret\u00e1rios municipais F\u00e1bio Mariano (Assuntos Jur\u00eddicos) e Valmir Barreira (Fazenda) participaram de uma reuni\u00e3o na C\u00e2mara Municipal de Limeira [&hellip;]<\/p>\n","protected":false},"author":1,"featured_media":27095,"comment_status":"open","ping_status":"open","sticky":false,"template":"","format":"standard","meta":{"_jetpack_newsletter_access":"","_jetpack_dont_email_post_to_subs":false,"_jetpack_newsletter_tier_id":0,"_jetpack_memberships_contains_paywalled_content":false,"_mbp_banners":[],"_jetpack_feature_clip_id":0,"_jetpack_memberships_contains_paid_content":false,"footnotes":"","jetpack_publicize_message":"","jetpack_publicize_feature_enabled":true,"jetpack_social_post_already_shared":true,"jetpack_social_options":{"image_generator_settings":{"template":"highway","default_image_id":0,"font":"","enabled":false},"version":2},"jetpack_post_was_ever_published":false},"categories":[19],"tags":[],"class_list":["post-27094","post","type-post","status-publish","format-standard","has-post-thumbnail","category-politica"],"jetpack_publicize_connections":[],"jetpack-related-posts":[],"jetpack_shortlink":"https:\/\/wp.me\/p7Eq1F-730","jetpack_sharing_enabled":true,"jetpack_featured_media_url":"https:\/\/i0.wp.com\/guialimeira.com.br\/news\/wp-content\/uploads\/2025\/03\/Secretarios-municipais-prestam-contas-a-vereadores-sobre-decreto-de-pagamento.jpeg?fit=1280%2C640&ssl=1","_links":{"self":[{"href":"https:\/\/guialimeira.com.br\/news\/wp-json\/wp\/v2\/posts\/27094","targetHints":{"allow":["GET"]}}],"collection":[{"href":"https:\/\/guialimeira.com.br\/news\/wp-json\/wp\/v2\/posts"}],"about":[{"href":"https:\/\/guialimeira.com.br\/news\/wp-json\/wp\/v2\/types\/post"}],"author":[{"embeddable":true,"href":"https:\/\/guialimeira.com.br\/news\/wp-json\/wp\/v2\/users\/1"}],"replies":[{"embeddable":true,"href":"https:\/\/guialimeira.com.br\/news\/wp-json\/wp\/v2\/comments?post=27094"}],"version-history":[{"count":1,"href":"https:\/\/guialimeira.com.br\/news\/wp-json\/wp\/v2\/posts\/27094\/revisions"}],"predecessor-version":[{"id":27096,"href":"https:\/\/guialimeira.com.br\/news\/wp-json\/wp\/v2\/posts\/27094\/revisions\/27096"}],"wp:featuredmedia":[{"embeddable":true,"href":"https:\/\/guialimeira.com.br\/news\/wp-json\/wp\/v2\/media\/27095"}],"wp:attachment":[{"href":"https:\/\/guialimeira.com.br\/news\/wp-json\/wp\/v2\/media?parent=27094"}],"wp:term":[{"taxonomy":"category","embeddable":true,"href":"https:\/\/guialimeira.com.br\/news\/wp-json\/wp\/v2\/categories?post=27094"},{"taxonomy":"post_tag","embeddable":true,"href":"https:\/\/guialimeira.com.br\/news\/wp-json\/wp\/v2\/tags?post=27094"}],"curies":[{"name":"wp","href":"https:\/\/api.w.org\/{rel}","templated":true}]}}