{"id":27088,"date":"2025-03-17T20:52:30","date_gmt":"2025-03-17T23:52:30","guid":{"rendered":"https:\/\/guialimeira.com.br\/?p=27088"},"modified":"2025-03-17T20:52:31","modified_gmt":"2025-03-17T23:52:31","slug":"processo-seletivo-simplificado-regional-para-contratacao-de-agente-de-organizacao-escolar-2025","status":"publish","type":"post","link":"https:\/\/guialimeira.com.br\/news\/processo-seletivo-simplificado-regional-para-contratacao-de-agente-de-organizacao-escolar-2025\/","title":{"rendered":"Processo seletivo simplificado regional para contrata\u00e7\u00e3o de agente de organiza\u00e7\u00e3o escolar\/2025"},"content":{"rendered":"\n<p class=\"wp-block-paragraph\">A <strong>Comiss\u00e3o Especial de Contrata\u00e7\u00e3o por Tempo Determinado (CE-CTD)<\/strong> da Diretoria de Ensino da Regi\u00e3o de Limeira, fundamentada no inciso II do artigo 2\u00ba da Lei Complementar n\u00ba 1.093, de 16 de julho de 2009, regulamentada pelo Decreto n\u00ba 54.682, de 13 de agosto de 2009, torna p\u00fablica a abertura do <strong>Processo Seletivo Simplificado<\/strong> para a contrata\u00e7\u00e3o tempor\u00e1ria de servidores que desempenhar\u00e3o a fun\u00e7\u00e3o de <strong>Agente de Organiza\u00e7\u00e3o Escolar<\/strong>. Este processo \u00e9 realizado em car\u00e1ter excepcional e ser\u00e1 realizado em n\u00edvel municipal.<\/p>\n\n\n\n<p class=\"wp-block-paragraph\">A autoriza\u00e7\u00e3o governamental foi publicada no Di\u00e1rio Oficial do Estado em 20 de fevereiro de 2025. A Comiss\u00e3o Especial respons\u00e1vel pelo processo foi constitu\u00edda pela Portaria do Dirigente de 11 de mar\u00e7o de 2025, publicada em 12 de mar\u00e7o de 2025.<\/p>\n\n\n\n<h2 class=\"wp-block-heading\">Instru\u00e7\u00f5es Especiais<\/h2>\n\n\n\n<h3 class=\"wp-block-heading\">I &#8211; Disposi\u00e7\u00f5es Preliminares<\/h3>\n\n\n\n<ol class=\"wp-block-list\">\n<li>A contrata\u00e7\u00e3o ter\u00e1 dura\u00e7\u00e3o m\u00e1xima de 12 meses, improrrog\u00e1vel, podendo o contratado ser dispensado antes do prazo final nas hip\u00f3teses previstas no artigo 8\u00ba da Lei Complementar n\u00ba 1.093.<\/li>\n\n\n\n<li>Os servidores contratados estar\u00e3o vinculados ao Regime Geral de Previd\u00eancia Social (RGPS) e ser\u00e3o contribuintes do Instituto Nacional do Seguro Social (INSS).<\/li>\n\n\n\n<li>O prazo de validade deste Processo Seletivo ser\u00e1 de 1 ano, improrrog\u00e1vel, contado a partir da data da publica\u00e7\u00e3o da Classifica\u00e7\u00e3o Final no Di\u00e1rio Oficial do Estado.<\/li>\n\n\n\n<li>Do total de vagas, 5% ser\u00e3o reservadas para candidatos portadores de defici\u00eancia, conforme a Lei Complementar n\u00ba 683, de 18 de setembro de 1992.<\/li>\n<\/ol>\n\n\n\n<h3 class=\"wp-block-heading\">II \u2013 Dos Pr\u00e9-Requisitos<\/h3>\n\n\n\n<p class=\"wp-block-paragraph\">Os candidatos devem atender \u00e0s seguintes exig\u00eancias na data do exerc\u00edcio:<\/p>\n\n\n\n<ul class=\"wp-block-list\">\n<li>Ser brasileiro nato, naturalizado ou, no caso de nacionalidade portuguesa, estar amparado pelo estatuto de igualdade entre brasileiros e portugueses.<\/li>\n\n\n\n<li>Ter, no momento da contrata\u00e7\u00e3o, idade m\u00ednima de 18 anos.<\/li>\n\n\n\n<li>Estar quite com a Justi\u00e7a Eleitoral.<\/li>\n\n\n\n<li>Para candidatos do sexo masculino, estar em dia com as obriga\u00e7\u00f5es do servi\u00e7o militar.<\/li>\n\n\n\n<li>Ter conclu\u00eddo o Ensino M\u00e9dio.<\/li>\n\n\n\n<li>N\u00e3o registrar antecedentes criminais e estar no pleno exerc\u00edcio de seus direitos civis e pol\u00edticos.<\/li>\n\n\n\n<li>Ter sido aprovado no processo seletivo.<\/li>\n\n\n\n<li>Ter aptid\u00e3o f\u00edsica e mental para o exerc\u00edcio das atribui\u00e7\u00f5es da fun\u00e7\u00e3o.<\/li>\n\n\n\n<li>Conhecer e estar de acordo com as exig\u00eancias contidas neste edital.<\/li>\n<\/ul>\n\n\n\n<h3 class=\"wp-block-heading\">III \u2013 Dos Vencimentos e da Jornada de Trabalho<\/h3>\n\n\n\n<ol class=\"wp-block-list\">\n<li>Os vencimentos correspondem ao valor de R$ 1.640,00.<\/li>\n\n\n\n<li>A jornada de trabalho ser\u00e1 de 40 horas semanais, com 8 horas di\u00e1rias, garantindo um intervalo m\u00ednimo de 1 hora para alimenta\u00e7\u00e3o e descanso.<\/li>\n\n\n\n<li>O Processo Seletivo n\u00e3o gera a obrigatoriedade de aproveitar todos os candidatos classificados.<\/li>\n\n\n\n<li>A participa\u00e7\u00e3o do candidato prev\u00ea apenas a expectativa de direito \u00e0 prefer\u00eancia na contrata\u00e7\u00e3o, de acordo com a classifica\u00e7\u00e3o obtida e as vagas dispon\u00edveis.<\/li>\n<\/ol>\n\n\n\n<h3 class=\"wp-block-heading\">IV \u2013 Das Atribui\u00e7\u00f5es B\u00e1sicas da Fun\u00e7\u00e3o<\/h3>\n\n\n\n<p class=\"wp-block-paragraph\">O candidato exercer\u00e1 atividades relacionadas \u00e0 organiza\u00e7\u00e3o escolar, incluindo:<\/p>\n\n\n\n<ul class=\"wp-block-list\">\n<li>Execu\u00e7\u00e3o de a\u00e7\u00f5es da secretaria escolar.<\/li>\n\n\n\n<li>Atendimento \u00e0 comunidade escolar.<\/li>\n\n\n\n<li>Controle da movimenta\u00e7\u00e3o de alunos e orienta\u00e7\u00e3o quanto \u00e0s normas de comportamento.<\/li>\n<\/ul>\n\n\n\n<h3 class=\"wp-block-heading\">V \u2013 Das Inscri\u00e7\u00f5es<\/h3>\n\n\n\n<ol class=\"wp-block-list\">\n<li>A inscri\u00e7\u00e3o implica o conhecimento e a aceita\u00e7\u00e3o das normas deste edital.<\/li>\n\n\n\n<li>As inscri\u00e7\u00f5es ser\u00e3o realizadas das 9h do dia 17\/03\/2025 at\u00e9 \u00e0s 15h59 de 31\/03\/2025, pelo link:\u00a0<a class=\"\" href=\"https:\/\/forms.gle\/ZTHMrceo27wT53K67\" target=\"_blank\" rel=\"noreferrer noopener\">Inscri\u00e7\u00e3o<\/a>, dispon\u00edvel no site\u00a0<a class=\"\" href=\"https:\/\/delimeira.educacao.sp.gov.br\/\" target=\"_blank\" rel=\"noreferrer noopener\">Diretoria de Ensino de Limeira<\/a>, sem taxa de inscri\u00e7\u00e3o.<\/li>\n\n\n\n<li>A efetiva\u00e7\u00e3o da inscri\u00e7\u00e3o ocorrer\u00e1 mediante o correto preenchimento do Formul\u00e1rio de Inscri\u00e7\u00e3o.<\/li>\n\n\n\n<li>O candidato deve fornecer um e-mail pessoal para recebimento de informa\u00e7\u00f5es.<\/li>\n\n\n\n<li>No ato da inscri\u00e7\u00e3o, o candidato declara que comprovar\u00e1 os requisitos e condi\u00e7\u00f5es para o exerc\u00edcio da fun\u00e7\u00e3o na data de exerc\u00edcio.<\/li>\n\n\n\n<li>As informa\u00e7\u00f5es prestadas s\u00e3o de responsabilidade do candidato.<\/li>\n\n\n\n<li>O candidato poder\u00e1 optar por 1 munic\u00edpio vinculado \u00e0 respectiva Diretoria de Ensino para a realiza\u00e7\u00e3o da prova.<\/li>\n<\/ol>\n\n\n\n<h3 class=\"wp-block-heading\">VI \u2013 Da Inscri\u00e7\u00e3o da Pessoa com Defici\u00eancia<\/h3>\n\n\n\n<ol class=\"wp-block-list\">\n<li>Pessoas com defici\u00eancia t\u00eam direito \u00e0 inscri\u00e7\u00e3o no Processo Seletivo, desde que a defici\u00eancia seja compat\u00edvel com as atribui\u00e7\u00f5es da fun\u00e7\u00e3o.<\/li>\n\n\n\n<li>Ser\u00e1 reservado 5% das vagas para candidatos com defici\u00eancia.<\/li>\n\n\n\n<li>O candidato deve entregar laudo m\u00e9dico atestando a defici\u00eancia durante o per\u00edodo de inscri\u00e7\u00f5es.<\/li>\n<\/ol>\n\n\n\n<h3 class=\"wp-block-heading\">VII &#8211; Da Participa\u00e7\u00e3o de Estrangeiros<\/h3>\n\n\n\n<ol class=\"wp-block-list\">\n<li>Estrangeiros que preencham os requisitos para naturaliza\u00e7\u00e3o poder\u00e3o se inscrever.<\/li>\n\n\n\n<li>Ser\u00e1 exigido documento oficial de identifica\u00e7\u00e3o (Registro Nacional de Estrangeiro &#8211; RNE).<\/li>\n<\/ol>\n\n\n\n<h3 class=\"wp-block-heading\">VIII &#8211; Do Sistema de Pontua\u00e7\u00e3o Diferenciada<\/h3>\n\n\n\n<ol class=\"wp-block-list\">\n<li>Candidatos pretos, pardos ou ind\u00edgenas devem indicar, no momento da inscri\u00e7\u00e3o, se far\u00e3o uso do sistema de pontua\u00e7\u00e3o diferenciada, conforme a legisla\u00e7\u00e3o vigente.<\/li>\n\n\n\n<li>Para obter a pontua\u00e7\u00e3o diferenciada, o candidato deve seguir os procedimentos estabelecidos.<\/li>\n<\/ol>\n\n\n\n<h3 class=\"wp-block-heading\">IX &#8211; Prova<\/h3>\n\n\n\n<p class=\"wp-block-paragraph\">A Prova Objetiva, de car\u00e1ter eliminat\u00f3rio e classificat\u00f3rio, ser\u00e1 composta por 30 quest\u00f5es objetivas, valendo 1 ponto cada. A prova est\u00e1 prevista para ser aplicada no dia 27\/04\/2025, com detalhes a serem publicados no Edital de Convoca\u00e7\u00e3o<\/p>\n","protected":false},"excerpt":{"rendered":"<p>A Comiss\u00e3o Especial de Contrata\u00e7\u00e3o por Tempo Determinado (CE-CTD) da Diretoria de Ensino da Regi\u00e3o de Limeira, fundamentada no inciso II do artigo 2\u00ba da Lei Complementar n\u00ba 1.093, de 16 de julho de 2009, regulamentada pelo Decreto n\u00ba 54.682, de 13 de agosto de 2009, torna p\u00fablica a abertura do Processo Seletivo Simplificado para [&hellip;]<\/p>\n","protected":false},"author":1,"featured_media":27089,"comment_status":"open","ping_status":"open","sticky":false,"template":"","format":"standard","meta":{"_jetpack_newsletter_access":"","_jetpack_dont_email_post_to_subs":false,"_jetpack_newsletter_tier_id":0,"_jetpack_memberships_contains_paywalled_content":false,"_mbp_banners":[],"_jetpack_feature_clip_id":0,"_jetpack_memberships_contains_paid_content":false,"footnotes":"","jetpack_publicize_message":"","jetpack_publicize_feature_enabled":true,"jetpack_social_post_already_shared":true,"jetpack_social_options":{"image_generator_settings":{"template":"highway","default_image_id":0,"font":"","enabled":false},"version":2},"jetpack_post_was_ever_published":false},"categories":[17,16],"tags":[],"class_list":["post-27088","post","type-post","status-publish","format-standard","has-post-thumbnail","category-empregos","category-local"],"jetpack_publicize_connections":[],"jetpack-related-posts":[],"jetpack_shortlink":"https:\/\/wp.me\/p7Eq1F-72U","jetpack_sharing_enabled":true,"jetpack_featured_media_url":"https:\/\/i0.wp.com\/guialimeira.com.br\/news\/wp-content\/uploads\/2025\/03\/aoe2025.png?fit=640%2C360&ssl=1","_links":{"self":[{"href":"https:\/\/guialimeira.com.br\/news\/wp-json\/wp\/v2\/posts\/27088","targetHints":{"allow":["GET"]}}],"collection":[{"href":"https:\/\/guialimeira.com.br\/news\/wp-json\/wp\/v2\/posts"}],"about":[{"href":"https:\/\/guialimeira.com.br\/news\/wp-json\/wp\/v2\/types\/post"}],"author":[{"embeddable":true,"href":"https:\/\/guialimeira.com.br\/news\/wp-json\/wp\/v2\/users\/1"}],"replies":[{"embeddable":true,"href":"https:\/\/guialimeira.com.br\/news\/wp-json\/wp\/v2\/comments?post=27088"}],"version-history":[{"count":1,"href":"https:\/\/guialimeira.com.br\/news\/wp-json\/wp\/v2\/posts\/27088\/revisions"}],"predecessor-version":[{"id":27090,"href":"https:\/\/guialimeira.com.br\/news\/wp-json\/wp\/v2\/posts\/27088\/revisions\/27090"}],"wp:featuredmedia":[{"embeddable":true,"href":"https:\/\/guialimeira.com.br\/news\/wp-json\/wp\/v2\/media\/27089"}],"wp:attachment":[{"href":"https:\/\/guialimeira.com.br\/news\/wp-json\/wp\/v2\/media?parent=27088"}],"wp:term":[{"taxonomy":"category","embeddable":true,"href":"https:\/\/guialimeira.com.br\/news\/wp-json\/wp\/v2\/categories?post=27088"},{"taxonomy":"post_tag","embeddable":true,"href":"https:\/\/guialimeira.com.br\/news\/wp-json\/wp\/v2\/tags?post=27088"}],"curies":[{"name":"wp","href":"https:\/\/api.w.org\/{rel}","templated":true}]}}