{"id":2708,"date":"2024-04-25T02:45:42","date_gmt":"2024-04-25T05:45:42","guid":{"rendered":"https:\/\/guialimeira.com.br\/2024\/04\/25\/em-tres-anos-prefeitura-plantou-quase-24-mil-arvores-somente-na-area-urbana-portal-do-municipio-de-piracicaba\/"},"modified":"2024-04-25T02:45:42","modified_gmt":"2024-04-25T05:45:42","slug":"em-tres-anos-prefeitura-plantou-quase-24-mil-arvores-somente-na-area-urbana-portal-do-municipio-de-piracicaba","status":"publish","type":"post","link":"https:\/\/guialimeira.com.br\/news\/em-tres-anos-prefeitura-plantou-quase-24-mil-arvores-somente-na-area-urbana-portal-do-municipio-de-piracicaba\/","title":{"rendered":"em tr\u00eas anos, Prefeitura plantou quase 24 mil \u00e1rvores somente na \u00e1rea urbana \u2013 Portal do Munic\u00edpio de Piracicaba"},"content":{"rendered":"<p> <br \/>\n<\/p>\n<div>\n<figure class=\"wp-block-image size-large\"><img data-recalc-dims=\"1\" fetchpriority=\"high\" decoding=\"async\" width=\"696\" height=\"854\" src=\"https:\/\/i0.wp.com\/piracicaba.sp.gov.br\/wp-content\/uploads\/2024\/04\/Plantios-foram-feitos-em-calcadas-e-areas-verdes-835x1024.jpg?resize=696%2C854&#038;ssl=1\" alt=\"\" class=\"wp-image-77764\" srcset=\"https:\/\/piracicaba.sp.gov.br\/wp-content\/uploads\/2024\/04\/Plantios-foram-feitos-em-calcadas-e-areas-verdes-835x1024.jpg 835w, https:\/\/piracicaba.sp.gov.br\/wp-content\/uploads\/2024\/04\/Plantios-foram-feitos-em-calcadas-e-areas-verdes-245x300.jpg 245w, https:\/\/piracicaba.sp.gov.br\/wp-content\/uploads\/2024\/04\/Plantios-foram-feitos-em-calcadas-e-areas-verdes-768x942.jpg 768w, https:\/\/piracicaba.sp.gov.br\/wp-content\/uploads\/2024\/04\/Plantios-foram-feitos-em-calcadas-e-areas-verdes-1253x1536.jpg 1253w, https:\/\/piracicaba.sp.gov.br\/wp-content\/uploads\/2024\/04\/Plantios-foram-feitos-em-calcadas-e-areas-verdes-1670x2048.jpg 1670w, https:\/\/piracicaba.sp.gov.br\/wp-content\/uploads\/2024\/04\/Plantios-foram-feitos-em-calcadas-e-areas-verdes.jpg 2000w\" sizes=\"(max-width: 835px) 100vw, 835px\"\/><figcaption class=\"wp-element-caption\"><strong><em><sub>Plantios foram feitos em cal\u00e7adas e \u00e1reas verdes<\/sub><\/em><\/strong><\/figcaption><\/figure>\n<p>Durante o per\u00edodo de 2021 a 2023, a Prefeitura de Piracicaba plantou 23.991 mudas de \u00e1rvores nativas dentro do per\u00edmetro urbano do munic\u00edpio, considerando apenas plantios feitos em cal\u00e7adas e \u00e1reas verdes. O balan\u00e7o, realizado pela Secretaria de Infraestrutura e Meio Ambiente (Simap), apresentou um crescimento de aproximadamente 35% em compara\u00e7\u00e3o aos quatro anos anteriores a esta gest\u00e3o, ou seja, de 2017 a 2020.<\/p>\n<p>De acordo com os dados da Simap, em 2021 foram plantadas 4.542 \u00e1rvores, sendo 409 na regi\u00e3o central, 2.088 na regi\u00e3o norte, 364 na regi\u00e3o sul, 1.181 na regi\u00e3o leste e 500 na regi\u00e3o oeste.<\/p>\n<p>Em 2022 foram plantadas 5.712 \u00e1rvores, um aumento de 25% em rela\u00e7\u00e3o ao ano anterior, sendo 856 na regi\u00e3o central, 2.341 na regi\u00e3o norte, 514 na regi\u00e3o sul, 1.313 na regi\u00e3o leste e 688 na regi\u00e3o oeste.<\/p>\n<figure class=\"wp-block-image size-large\"><img data-recalc-dims=\"1\" loading=\"lazy\" decoding=\"async\" width=\"696\" height=\"464\" src=\"https:\/\/i0.wp.com\/piracicaba.sp.gov.br\/wp-content\/uploads\/2024\/04\/O-balanco-apresentou-um-crescimento-de-aproximadamente-35-em-comparacao-ao-periodo-de-2017-a-2020-1024x682.jpg?resize=696%2C464&#038;ssl=1\" alt=\"\" class=\"wp-image-77763\" srcset=\"https:\/\/piracicaba.sp.gov.br\/wp-content\/uploads\/2024\/04\/O-balanco-apresentou-um-crescimento-de-aproximadamente-35-em-comparacao-ao-periodo-de-2017-a-2020-1024x682.jpg 1024w, https:\/\/piracicaba.sp.gov.br\/wp-content\/uploads\/2024\/04\/O-balanco-apresentou-um-crescimento-de-aproximadamente-35-em-comparacao-ao-periodo-de-2017-a-2020-300x200.jpg 300w, https:\/\/piracicaba.sp.gov.br\/wp-content\/uploads\/2024\/04\/O-balanco-apresentou-um-crescimento-de-aproximadamente-35-em-comparacao-ao-periodo-de-2017-a-2020-768x512.jpg 768w, https:\/\/piracicaba.sp.gov.br\/wp-content\/uploads\/2024\/04\/O-balanco-apresentou-um-crescimento-de-aproximadamente-35-em-comparacao-ao-periodo-de-2017-a-2020-1536x1024.jpg 1536w, https:\/\/piracicaba.sp.gov.br\/wp-content\/uploads\/2024\/04\/O-balanco-apresentou-um-crescimento-de-aproximadamente-35-em-comparacao-ao-periodo-de-2017-a-2020.jpg 2000w\" sizes=\"auto, (max-width: 1024px) 100vw, 1024px\"\/><figcaption class=\"wp-element-caption\"><strong><em><sub>O balan\u00e7o apresentou um crescimento de aproximadamente 35% em compara\u00e7\u00e3o ao per\u00edodo de 2017 a 2020<\/sub><\/em><\/strong><\/figcaption><\/figure>\n<p>J\u00e1 em 2023 foram plantadas 13.737 \u00e1rvores na \u00e1rea urbana, um aumento de 140% em rela\u00e7\u00e3o ao ano anterior, sendo 280 na regi\u00e3o central, 7.149 na regi\u00e3o norte, 2.041 na regi\u00e3o sul, 3.282 na regi\u00e3o leste e 985 na regi\u00e3o oeste.<\/p>\n<p>Para efeitos comparativos, no per\u00edodo de 2017 a 2020, foram plantadas 17.724 \u00e1rvores, sendo: 5.438 em 2017; 5.875 em 2018; 3.156 em 2019; e 3.255 em 2020.<\/p>\n<p>\u201cEssas a\u00e7\u00f5es e esfor\u00e7os s\u00e3o resultados de uma an\u00e1lise macro da gest\u00e3o arb\u00f3rea da cidade, o que nos garantiu o reconhecimento como Cidade \u00c1rvore do Mundo, pela ONU, no in\u00edcio de 2024\u201d, destacou Alex Gama Salvaia, titular da Simap.<\/p>\n<figure class=\"wp-block-image size-large\"><img data-recalc-dims=\"1\" loading=\"lazy\" decoding=\"async\" width=\"696\" height=\"516\" src=\"https:\/\/i0.wp.com\/piracicaba.sp.gov.br\/wp-content\/uploads\/2024\/04\/Prefeitura-plantou-quase-24-mil-arvores-em-tres-anos-1024x759.jpg?resize=696%2C516&#038;ssl=1\" alt=\"\" class=\"wp-image-77765\" srcset=\"https:\/\/piracicaba.sp.gov.br\/wp-content\/uploads\/2024\/04\/Prefeitura-plantou-quase-24-mil-arvores-em-tres-anos-1024x759.jpg 1024w, https:\/\/piracicaba.sp.gov.br\/wp-content\/uploads\/2024\/04\/Prefeitura-plantou-quase-24-mil-arvores-em-tres-anos-300x222.jpg 300w, https:\/\/piracicaba.sp.gov.br\/wp-content\/uploads\/2024\/04\/Prefeitura-plantou-quase-24-mil-arvores-em-tres-anos-768x569.jpg 768w, https:\/\/piracicaba.sp.gov.br\/wp-content\/uploads\/2024\/04\/Prefeitura-plantou-quase-24-mil-arvores-em-tres-anos-1536x1138.jpg 1536w, https:\/\/piracicaba.sp.gov.br\/wp-content\/uploads\/2024\/04\/Prefeitura-plantou-quase-24-mil-arvores-em-tres-anos.jpg 1814w\" sizes=\"auto, (max-width: 1024px) 100vw, 1024px\"\/><figcaption class=\"wp-element-caption\"><strong><em><sub>Prefeitura plantou quase 24 mil \u00e1rvores em tr\u00eas anos<\/sub><\/em><\/strong><\/figcaption><\/figure>\n<p><strong>SUPRESS\u00d5ES\u00a0\u2013 <\/strong>Salvaia ainda explicou que os casos de supress\u00f5es de \u00e1rvores s\u00f3 s\u00e3o executados quando o indiv\u00edduo n\u00e3o for sadio ou n\u00e3o estiver equilibrado. \u201cAmbas as situa\u00e7\u00f5es tornam a \u00e1rvore com alto grau de risco de queda e ent\u00e3o, o direito ambiental cede for\u00e7a para outros direitos, como o de propriedade, pois a \u00e1rvore pode cair e danificar alguma propriedade, e o direito \u00e0 vida, uma vez que pessoas e animais podem ser atingidos pela queda da \u00e1rvore e perderem a vida\u201d, comentou.<\/p>\n<p>H\u00e1 tamb\u00e9m casos, conforme o secret\u00e1rio,\u00a0em que \u00e9 necess\u00e1rio\u00a0tamb\u00e9m que a \u00e1rvore, mesmo que sadia e equilibrada, seja suprimida, por conta de estragos em edifica\u00e7\u00f5es, por impedir a locomo\u00e7\u00e3o de pessoas, risco de danos el\u00e9tricos, bem como o risco de danifica\u00e7\u00e3o da rede de \u00e1gua e esgoto, ou mesmo de tubula\u00e7\u00e3o de g\u00e1s natural.<\/p>\n<p>Cada pessoa pleiteia \u00e0\u00a0Prefeitura a poda ou a supress\u00e3o das \u00e1rvores que entenda estar prejudicando algum direito individual seu, sendo dever da Prefeitura analisar cada caso e decidir o que ser\u00e1 feito, sempre com base em normas t\u00e9cnicas vigentes no munic\u00edpio.<\/p>\n<\/div>\n<p><br \/>\n<br \/><a href=\"https:\/\/piracicaba.sp.gov.br\/noticias\/arborizacao-em-tres-anos-prefeitura-plantou-quase-24-mil-arvores-somente-na-area-urbana\/\" rel=\"noopener\">Informa\u00e7\u00f5es PMP <\/a><\/p>\n","protected":false},"excerpt":{"rendered":"<p>Plantios foram feitos em cal\u00e7adas e \u00e1reas verdes Durante o per\u00edodo de 2021 a 2023, a Prefeitura de Piracicaba plantou 23.991 mudas de \u00e1rvores nativas dentro do per\u00edmetro urbano do munic\u00edpio, considerando apenas plantios feitos em cal\u00e7adas e \u00e1reas verdes. O balan\u00e7o, realizado pela Secretaria de Infraestrutura e Meio Ambiente (Simap), apresentou um crescimento de [&hellip;]<\/p>\n","protected":false},"author":1,"featured_media":2709,"comment_status":"open","ping_status":"open","sticky":false,"template":"","format":"standard","meta":{"_jetpack_newsletter_access":"","_jetpack_dont_email_post_to_subs":false,"_jetpack_newsletter_tier_id":0,"_jetpack_memberships_contains_paywalled_content":false,"_mbp_banners":[],"_jetpack_feature_clip_id":0,"_jetpack_memberships_contains_paid_content":false,"footnotes":"","jetpack_publicize_message":"","jetpack_publicize_feature_enabled":true,"jetpack_social_post_already_shared":true,"jetpack_social_options":{"image_generator_settings":{"template":"highway","default_image_id":0,"font":"","enabled":false},"version":2},"jetpack_post_was_ever_published":false},"categories":[20],"tags":[],"class_list":["post-2708","post","type-post","status-publish","format-standard","has-post-thumbnail","category-regiao"],"jetpack_publicize_connections":[],"jetpack-related-posts":[],"jetpack_shortlink":"https:\/\/wp.me\/p7Eq1F-HG","jetpack_sharing_enabled":true,"jetpack_featured_media_url":"https:\/\/i0.wp.com\/guialimeira.com.br\/news\/wp-content\/uploads\/2024\/04\/Plantios-foram-feitos-em-calcadas-e-areas-verdes-835x1024.jpg?fit=835%2C1024&ssl=1","_links":{"self":[{"href":"https:\/\/guialimeira.com.br\/news\/wp-json\/wp\/v2\/posts\/2708","targetHints":{"allow":["GET"]}}],"collection":[{"href":"https:\/\/guialimeira.com.br\/news\/wp-json\/wp\/v2\/posts"}],"about":[{"href":"https:\/\/guialimeira.com.br\/news\/wp-json\/wp\/v2\/types\/post"}],"author":[{"embeddable":true,"href":"https:\/\/guialimeira.com.br\/news\/wp-json\/wp\/v2\/users\/1"}],"replies":[{"embeddable":true,"href":"https:\/\/guialimeira.com.br\/news\/wp-json\/wp\/v2\/comments?post=2708"}],"version-history":[{"count":0,"href":"https:\/\/guialimeira.com.br\/news\/wp-json\/wp\/v2\/posts\/2708\/revisions"}],"wp:featuredmedia":[{"embeddable":true,"href":"https:\/\/guialimeira.com.br\/news\/wp-json\/wp\/v2\/media\/2709"}],"wp:attachment":[{"href":"https:\/\/guialimeira.com.br\/news\/wp-json\/wp\/v2\/media?parent=2708"}],"wp:term":[{"taxonomy":"category","embeddable":true,"href":"https:\/\/guialimeira.com.br\/news\/wp-json\/wp\/v2\/categories?post=2708"},{"taxonomy":"post_tag","embeddable":true,"href":"https:\/\/guialimeira.com.br\/news\/wp-json\/wp\/v2\/tags?post=2708"}],"curies":[{"name":"wp","href":"https:\/\/api.w.org\/{rel}","templated":true}]}}