{"id":27076,"date":"2025-03-17T20:07:12","date_gmt":"2025-03-17T23:07:12","guid":{"rendered":"https:\/\/guialimeira.com.br\/?p=27076"},"modified":"2025-03-17T20:07:13","modified_gmt":"2025-03-17T23:07:13","slug":"limeira-pode-criar-cadastro-municipal-de-agressores-de-mulheres","status":"publish","type":"post","link":"https:\/\/guialimeira.com.br\/news\/limeira-pode-criar-cadastro-municipal-de-agressores-de-mulheres\/","title":{"rendered":"Limeira pode criar cadastro municipal de agressores de mulheres"},"content":{"rendered":"\n<p class=\"wp-block-paragraph\">A vereadora <strong>Mariana Calsa<\/strong> apresentou um projeto de lei que prop\u00f5e a cria\u00e7\u00e3o do <strong>Cadastro Municipal de Agressores de Mulheres Condenados pela Lei Maria da Penha<\/strong> (Lei Federal n\u00ba 11.340\/2006) em Limeira. O objetivo \u00e9 fortalecer o combate \u00e0 viol\u00eancia de g\u00eanero, garantindo mais seguran\u00e7a e transpar\u00eancia para a sociedade.<\/p>\n\n\n\n<h4 class=\"wp-block-heading\"><strong>Como funciona o cadastro?<\/strong><\/h4>\n\n\n\n<p class=\"wp-block-paragraph\">O <strong>Cadastro Municipal de Agressores de Mulheres<\/strong> reunir\u00e1 informa\u00e7\u00f5es sobre indiv\u00edduos condenados com <strong>tr\u00e2nsito em julgado<\/strong> por crimes enquadrados na Lei Maria da Penha. Os dados divulgados incluir\u00e3o:<\/p>\n\n\n\n<ul class=\"wp-block-list\">\n<li>Nome e foto do agressor;<\/li>\n\n\n\n<li>Grau de parentesco ou rela\u00e7\u00e3o com a v\u00edtima;<\/li>\n\n\n\n<li>Idade do agressor e da v\u00edtima;<\/li>\n\n\n\n<li>Circunst\u00e2ncias do crime.<\/li>\n<\/ul>\n\n\n\n<p class=\"wp-block-paragraph\">A consulta ser\u00e1 p\u00fablica, permitindo que qualquer cidad\u00e3o acesse nome e foto dos condenados enquanto cumprem suas penas. J\u00e1 as autoridades competentes ter\u00e3o acesso a informa\u00e7\u00f5es mais detalhadas, resguardando a identidade das v\u00edtimas.<\/p>\n\n\n\n<h4 class=\"wp-block-heading\"><strong>Por que o cadastro \u00e9 importante?<\/strong><\/h4>\n\n\n\n<p class=\"wp-block-paragraph\">Limeira registra altos \u00edndices de viol\u00eancia contra a mulher. Em <strong>2021<\/strong>, a Delegacia de Defesa da Mulher (DDM) contabilizou cerca de <strong>7.300 casos de viol\u00eancia dom\u00e9stica<\/strong>, uma m\u00e9dia de <strong>20 ocorr\u00eancias por dia<\/strong>. Em <strong>2022<\/strong>, foram quase <strong>2.000 registros<\/strong>, e em <strong>2024<\/strong>, <strong>tr\u00eas feminic\u00eddios<\/strong> ocorreram na cidade.<\/p>\n\n\n\n<p class=\"wp-block-paragraph\">Al\u00e9m disso, cerca de <strong>50% das mulheres v\u00edtimas de viol\u00eancia<\/strong> retiram a den\u00fancia ap\u00f3s registr\u00e1-la, muitas vezes por medo de repres\u00e1lias ou depend\u00eancia emocional e financeira. O cadastro busca minimizar esse cen\u00e1rio, promovendo:<\/p>\n\n\n\n<p class=\"wp-block-paragraph\">\u2714 <strong>Monitoramento e Preven\u00e7\u00e3o:<\/strong> As autoridades ter\u00e3o um registro atualizado dos agressores, ajudando a evitar reincid\u00eancias.<br>\u2714 <strong>Pol\u00edticas P\u00fablicas Eficazes:<\/strong> Com dados precisos, ser\u00e1 poss\u00edvel desenvolver medidas para reabilita\u00e7\u00e3o dos condenados e prote\u00e7\u00e3o das v\u00edtimas.<br>\u2714 <strong>Transpar\u00eancia e Consci\u00eancia Social:<\/strong> A divulga\u00e7\u00e3o dos agressores refor\u00e7a o compromisso de Limeira no enfrentamento \u00e0 viol\u00eancia dom\u00e9stica.<\/p>\n\n\n\n<h4 class=\"wp-block-heading\">O enfrentamento \u00e0 viol\u00eancia contra a mulher j\u00e1 conta com iniciativas como o <strong>&#8220;Bot\u00e3o do P\u00e2nico&#8221;<\/strong>, que ajuda v\u00edtimas em situa\u00e7\u00e3o de risco. A cria\u00e7\u00e3o do <strong>Cadastro municipal de agressores<\/strong> fortaleceria ainda mais essa rede de prote\u00e7\u00e3o.<\/h4>\n\n\n\n<p class=\"wp-block-paragraph\">Diante dos dados alarmantes, a implementa\u00e7\u00e3o do <strong>Cadastro municipal de agressores<\/strong> representa um passo fundamental para combater a impunidade e garantir mais seguran\u00e7a para as mulheres de Limeira.<\/p>\n","protected":false},"excerpt":{"rendered":"<p>A vereadora Mariana Calsa apresentou um projeto de lei que prop\u00f5e a cria\u00e7\u00e3o do Cadastro Municipal de Agressores de Mulheres Condenados pela Lei Maria da Penha (Lei Federal n\u00ba 11.340\/2006) em Limeira. O objetivo \u00e9 fortalecer o combate \u00e0 viol\u00eancia de g\u00eanero, garantindo mais seguran\u00e7a e transpar\u00eancia para a sociedade. Como funciona o cadastro? O [&hellip;]<\/p>\n","protected":false},"author":1,"featured_media":27078,"comment_status":"open","ping_status":"open","sticky":false,"template":"","format":"standard","meta":{"_jetpack_newsletter_access":"","_jetpack_dont_email_post_to_subs":false,"_jetpack_newsletter_tier_id":0,"_jetpack_memberships_contains_paywalled_content":false,"_mbp_banners":[],"_jetpack_feature_clip_id":0,"_jetpack_memberships_contains_paid_content":false,"footnotes":"","jetpack_publicize_message":"","jetpack_publicize_feature_enabled":true,"jetpack_social_post_already_shared":true,"jetpack_social_options":{"image_generator_settings":{"template":"highway","default_image_id":0,"font":"","enabled":false},"version":2},"jetpack_post_was_ever_published":false},"categories":[19],"tags":[],"class_list":["post-27076","post","type-post","status-publish","format-standard","has-post-thumbnail","category-politica"],"jetpack_publicize_connections":[],"jetpack-related-posts":[],"jetpack_shortlink":"https:\/\/wp.me\/p7Eq1F-72I","jetpack_sharing_enabled":true,"jetpack_featured_media_url":"https:\/\/i0.wp.com\/guialimeira.com.br\/news\/wp-content\/uploads\/2025\/03\/mulher-violencia-domestica.png?fit=1920%2C1080&ssl=1","_links":{"self":[{"href":"https:\/\/guialimeira.com.br\/news\/wp-json\/wp\/v2\/posts\/27076","targetHints":{"allow":["GET"]}}],"collection":[{"href":"https:\/\/guialimeira.com.br\/news\/wp-json\/wp\/v2\/posts"}],"about":[{"href":"https:\/\/guialimeira.com.br\/news\/wp-json\/wp\/v2\/types\/post"}],"author":[{"embeddable":true,"href":"https:\/\/guialimeira.com.br\/news\/wp-json\/wp\/v2\/users\/1"}],"replies":[{"embeddable":true,"href":"https:\/\/guialimeira.com.br\/news\/wp-json\/wp\/v2\/comments?post=27076"}],"version-history":[{"count":1,"href":"https:\/\/guialimeira.com.br\/news\/wp-json\/wp\/v2\/posts\/27076\/revisions"}],"predecessor-version":[{"id":27079,"href":"https:\/\/guialimeira.com.br\/news\/wp-json\/wp\/v2\/posts\/27076\/revisions\/27079"}],"wp:featuredmedia":[{"embeddable":true,"href":"https:\/\/guialimeira.com.br\/news\/wp-json\/wp\/v2\/media\/27078"}],"wp:attachment":[{"href":"https:\/\/guialimeira.com.br\/news\/wp-json\/wp\/v2\/media?parent=27076"}],"wp:term":[{"taxonomy":"category","embeddable":true,"href":"https:\/\/guialimeira.com.br\/news\/wp-json\/wp\/v2\/categories?post=27076"},{"taxonomy":"post_tag","embeddable":true,"href":"https:\/\/guialimeira.com.br\/news\/wp-json\/wp\/v2\/tags?post=27076"}],"curies":[{"name":"wp","href":"https:\/\/api.w.org\/{rel}","templated":true}]}}