{"id":27063,"date":"2025-03-17T18:51:24","date_gmt":"2025-03-17T21:51:24","guid":{"rendered":"https:\/\/guialimeira.com.br\/?p=27063"},"modified":"2025-03-17T19:32:32","modified_gmt":"2025-03-17T22:32:32","slug":"tribuna-livre-mae-defende-ampliacao-do-horario-na-rede-municipal-de-ensino","status":"publish","type":"post","link":"https:\/\/guialimeira.com.br\/news\/tribuna-livre-mae-defende-ampliacao-do-horario-na-rede-municipal-de-ensino\/","title":{"rendered":"Tribuna Livre: M\u00e3e defende amplia\u00e7\u00e3o do hor\u00e1rio na rede municipal de ensino"},"content":{"rendered":"\n<p class=\"wp-block-paragraph\">A <strong>educa\u00e7\u00e3o infantil<\/strong> foi o tema central da participa\u00e7\u00e3o de <strong>Renata da Silva Santos<\/strong> na <strong>Tribuna Livre da C\u00e2mara Municipal de Limeira<\/strong>. Em sua fala, ela trouxe um <strong>manifesto em prol de uma Educa\u00e7\u00e3o Infantil Justa no Brasil<\/strong>, destacando as dificuldades enfrentadas por pais e m\u00e3es no acesso a um atendimento adequado para seus filhos nas escolas municipais.<\/p>\n\n\n\n<h2 class=\"wp-block-heading\"><strong>Amplia\u00e7\u00e3o do hor\u00e1rio de atendimento na educa\u00e7\u00e3o infantil<\/strong><\/h2>\n\n\n\n<p class=\"wp-block-paragraph\">Renata ressaltou a necessidade urgente de <strong>ampliar o hor\u00e1rio de funcionamento das escolas de educa\u00e7\u00e3o infantil em Limeira<\/strong>. Segundo ela, o modelo atual <strong>n\u00e3o atende \u00e0 rotina de trabalho dos pais<\/strong>, deixando muitas fam\u00edlias em situa\u00e7\u00e3o dif\u00edcil na busca por alternativas para o cuidado das crian\u00e7as fora do per\u00edodo escolar.<\/p>\n\n\n\n<p class=\"wp-block-paragraph\">\ud83d\udccc <strong>Principais pontos levantados no manifesto:<\/strong><br>\u2714 <strong>Falta de flexibilidade no hor\u00e1rio escolar<\/strong>, dificultando a concilia\u00e7\u00e3o entre trabalho e fam\u00edlia.<br>\u2714 <strong>Impacto na vida profissional dos pais<\/strong>, especialmente das m\u00e3es, que muitas vezes precisam abrir m\u00e3o de oportunidades de emprego.<br>\u2714 <strong>Import\u00e2ncia do ensino infantil integral<\/strong>, garantindo seguran\u00e7a e qualidade no desenvolvimento das crian\u00e7as.<\/p>\n\n\n\n<h2 class=\"wp-block-heading\"><strong>A realidade das fam\u00edlias e o impacto na educa\u00e7\u00e3o<\/strong><\/h2>\n\n\n\n<p class=\"wp-block-paragraph\">O depoimento emocionado de Renata reflete a realidade de muitas fam\u00edlias limeirenses. A dificuldade de acesso a um atendimento educacional compat\u00edvel com a jornada de trabalho dos pais <strong>gera impactos diretos tanto na vida profissional dos respons\u00e1veis quanto no desenvolvimento infantil<\/strong>.<\/p>\n\n\n\n<p class=\"wp-block-paragraph\">A reivindica\u00e7\u00e3o por um <strong>hor\u00e1rio ampliado<\/strong> nas creches e escolas infantis do munic\u00edpio busca garantir <strong>mais inclus\u00e3o e suporte \u00e0s fam\u00edlias<\/strong>, permitindo que os pais possam trabalhar sem preocupa\u00e7\u00f5es quanto \u00e0 seguran\u00e7a e bem-estar de seus filhos.<\/p>\n\n\n\n<p class=\"wp-block-paragraph\">A demanda apresentada na C\u00e2mara vai ao encontro de um compromisso assumido no plano de <strong>governo do prefeito Murilo F\u00e9lix<\/strong>, que <em><strong>prev\u00ea a adequa\u00e7\u00e3o do atendimento nas escolas e creches municipais para melhor acolher as crian\u00e7as.<\/strong><\/em> O documento menciona a possibilidade de pagar horas extras aos servidores, contratar mais professores efetivos e eventuais, al\u00e9m de monitoras e outros profissionais concursados, ou at\u00e9 mesmo estabelecer parcerias para viabilizar essa melhoria.<\/p>\n\n\n\n<h2 class=\"wp-block-heading\"><strong>Pr\u00f3ximos passos e mobiliza\u00e7\u00e3o<\/strong><\/h2>\n\n\n\n<p class=\"wp-block-paragraph\">A participa\u00e7\u00e3o de Renata na Tribuna Livre abre um espa\u00e7o fundamental para o debate sobre a <strong>Educa\u00e7\u00e3o Infantil em Limeira<\/strong>. A expectativa \u00e9 que a demanda por <strong>amplia\u00e7\u00e3o do hor\u00e1rio escolar<\/strong> seja analisada pelo poder p\u00fablico, buscando solu\u00e7\u00f5es que atendam \u00e0s necessidades das fam\u00edlias da cidade.<\/p>\n\n\n\n<p class=\"wp-block-paragraph\">\ud83d\udce2 <strong>Acompanhe essa causa!<\/strong> O tema seguir\u00e1 em discuss\u00e3o na C\u00e2mara Municipal e precisa do apoio da popula\u00e7\u00e3o para que avan\u00e7os sejam conquistados.<\/p>\n","protected":false},"excerpt":{"rendered":"<p>A educa\u00e7\u00e3o infantil foi o tema central da participa\u00e7\u00e3o de Renata da Silva Santos na Tribuna Livre da C\u00e2mara Municipal de Limeira. Em sua fala, ela trouxe um manifesto em prol de uma Educa\u00e7\u00e3o Infantil Justa no Brasil, destacando as dificuldades enfrentadas por pais e m\u00e3es no acesso a um atendimento adequado para seus filhos [&hellip;]<\/p>\n","protected":false},"author":1,"featured_media":27067,"comment_status":"open","ping_status":"open","sticky":false,"template":"","format":"standard","meta":{"_jetpack_newsletter_access":"","_jetpack_dont_email_post_to_subs":false,"_jetpack_newsletter_tier_id":0,"_jetpack_memberships_contains_paywalled_content":false,"_mbp_banners":[],"_jetpack_feature_clip_id":0,"_jetpack_memberships_contains_paid_content":false,"footnotes":"","jetpack_publicize_message":"","jetpack_publicize_feature_enabled":true,"jetpack_social_post_already_shared":true,"jetpack_social_options":{"image_generator_settings":{"template":"highway","default_image_id":0,"font":"","enabled":false},"version":2},"jetpack_post_was_ever_published":false},"categories":[19],"tags":[],"class_list":["post-27063","post","type-post","status-publish","format-standard","has-post-thumbnail","category-politica"],"jetpack_publicize_connections":[],"jetpack-related-posts":[],"jetpack_shortlink":"https:\/\/wp.me\/p7Eq1F-72v","jetpack_sharing_enabled":true,"jetpack_featured_media_url":"https:\/\/i0.wp.com\/guialimeira.com.br\/news\/wp-content\/uploads\/2025\/03\/horario-escola-e1742248262552.png?fit=758%2C425&ssl=1","_links":{"self":[{"href":"https:\/\/guialimeira.com.br\/news\/wp-json\/wp\/v2\/posts\/27063","targetHints":{"allow":["GET"]}}],"collection":[{"href":"https:\/\/guialimeira.com.br\/news\/wp-json\/wp\/v2\/posts"}],"about":[{"href":"https:\/\/guialimeira.com.br\/news\/wp-json\/wp\/v2\/types\/post"}],"author":[{"embeddable":true,"href":"https:\/\/guialimeira.com.br\/news\/wp-json\/wp\/v2\/users\/1"}],"replies":[{"embeddable":true,"href":"https:\/\/guialimeira.com.br\/news\/wp-json\/wp\/v2\/comments?post=27063"}],"version-history":[{"count":2,"href":"https:\/\/guialimeira.com.br\/news\/wp-json\/wp\/v2\/posts\/27063\/revisions"}],"predecessor-version":[{"id":27071,"href":"https:\/\/guialimeira.com.br\/news\/wp-json\/wp\/v2\/posts\/27063\/revisions\/27071"}],"wp:featuredmedia":[{"embeddable":true,"href":"https:\/\/guialimeira.com.br\/news\/wp-json\/wp\/v2\/media\/27067"}],"wp:attachment":[{"href":"https:\/\/guialimeira.com.br\/news\/wp-json\/wp\/v2\/media?parent=27063"}],"wp:term":[{"taxonomy":"category","embeddable":true,"href":"https:\/\/guialimeira.com.br\/news\/wp-json\/wp\/v2\/categories?post=27063"},{"taxonomy":"post_tag","embeddable":true,"href":"https:\/\/guialimeira.com.br\/news\/wp-json\/wp\/v2\/tags?post=27063"}],"curies":[{"name":"wp","href":"https:\/\/api.w.org\/{rel}","templated":true}]}}