{"id":27056,"date":"2025-03-17T18:12:02","date_gmt":"2025-03-17T21:12:02","guid":{"rendered":"https:\/\/guialimeira.com.br\/?p=27056"},"modified":"2025-03-17T18:12:04","modified_gmt":"2025-03-17T21:12:04","slug":"vereador-guilherme-guido-apresenta-mocao-de-apoio-a-anistia-dos-presos-dos-atos-de-08-de-janeiro-de-2023","status":"publish","type":"post","link":"https:\/\/guialimeira.com.br\/news\/vereador-guilherme-guido-apresenta-mocao-de-apoio-a-anistia-dos-presos-dos-atos-de-08-de-janeiro-de-2023\/","title":{"rendered":"Vereador Guilherme Guido apresenta mo\u00e7\u00e3o de apoio \u00e0 anistia dos presos dos atos de 08 de Janeiro de 2023"},"content":{"rendered":"\n<p class=\"wp-block-paragraph\">O <strong>vereador Guilherme Augusto Guido (PL)<\/strong> apresentou uma <strong>Mo\u00e7\u00e3o de Apoio \u00e0 anistia dos cidad\u00e3os presos<\/strong> em decorr\u00eancia dos atos ocorridos em <strong>08 de janeiro de 2023, em Bras\u00edlia\/DF<\/strong>. A iniciativa busca abrir um debate sobre a legalidade e proporcionalidade das pris\u00f5es, al\u00e9m de garantir o respeito aos princ\u00edpios democr\u00e1ticos e \u00e0s garantias constitucionais.<\/p>\n\n\n\n<h2 class=\"wp-block-heading\"><strong>A anistia como instrumento jur\u00eddico e pol\u00edtico<\/strong><\/h2>\n\n\n\n<p class=\"wp-block-paragraph\">A mo\u00e7\u00e3o destaca que a <strong>anistia<\/strong> \u00e9 um mecanismo previsto na Constitui\u00e7\u00e3o Federal, utilizado historicamente como uma <strong>ferramenta de pacifica\u00e7\u00e3o nacional<\/strong> em cen\u00e1rios de grande polariza\u00e7\u00e3o pol\u00edtica.<\/p>\n\n\n\n<p class=\"wp-block-paragraph\">\ud83d\udccc <strong>Princ\u00edpios Constitucionais Defendidos na Mo\u00e7\u00e3o:<\/strong><br>\u2714 <strong>Presun\u00e7\u00e3o de Inoc\u00eancia<\/strong> \u2013 Nenhum cidad\u00e3o pode ser considerado culpado sem o devido processo legal.<br>\u2714 <strong>Direito \u00e0 Ampla Defesa<\/strong> \u2013 Todos t\u00eam o direito de se defender de forma justa e imparcial.<br>\u2714 <strong>Evitar Abusos de Autoridade<\/strong> \u2013 \u00c9 essencial garantir que as pris\u00f5es sigam crit\u00e9rios legais e n\u00e3o sejam usadas de forma arbitr\u00e1ria.<\/p>\n\n\n\n<h2 class=\"wp-block-heading\"><strong>Preocupa\u00e7\u00f5es sobre o processo e as pris\u00f5es<\/strong><\/h2>\n\n\n\n<p class=\"wp-block-paragraph\">A mo\u00e7\u00e3o aponta relatos de <strong>pris\u00f5es arbitr\u00e1rias e excessos na apura\u00e7\u00e3o e puni\u00e7\u00e3o dos envolvidos<\/strong>, levantando d\u00favidas sobre a regularidade e imparcialidade dos julgamentos. O vereador Guilherme Augusto Guido enfatiza a import\u00e2ncia de <strong>garantir que as decis\u00f5es do Poder Judici\u00e1rio n\u00e3o sejam influenciadas por motiva\u00e7\u00f5es pol\u00edticas<\/strong>, assegurando que todos os cidad\u00e3os recebam um tratamento justo.<\/p>\n\n\n\n<p class=\"wp-block-paragraph\">\ud83d\udcac <strong>Pontos-chave da Mo\u00e7\u00e3o:<\/strong><\/p>\n\n\n\n<ul class=\"wp-block-list\">\n<li>Muitos detidos n\u00e3o tiveram suas garantias processuais asseguradas.<\/li>\n\n\n\n<li>Necessidade de revis\u00e3o das pris\u00f5es para garantir imparcialidade.<\/li>\n\n\n\n<li>Import\u00e2ncia de respeitar os direitos fundamentais e evitar abusos estatais.<\/li>\n<\/ul>\n\n\n\n<h2 class=\"wp-block-heading\"><strong>O Papel do estado democr\u00e1tico de direito<\/strong><\/h2>\n\n\n\n<p class=\"wp-block-paragraph\">O Estado Democr\u00e1tico de Direito deve <strong>equilibrar poder e liberdade<\/strong>, garantindo que nenhuma autoridade possa agir de forma arbitr\u00e1ria. Isso inclui o <strong>respeito \u00e0s liberdades individuais<\/strong>, como a <strong>liberdade de express\u00e3o<\/strong> e o <strong>direito a um julgamento justo<\/strong>.<\/p>\n\n\n\n<p class=\"wp-block-paragraph\">A mo\u00e7\u00e3o refor\u00e7a que a discuss\u00e3o sobre a anistia \u00e9 essencial para a <strong>harmonia nacional<\/strong>, evitando que o Judici\u00e1rio seja instrumentalizado politicamente.<\/p>\n\n\n\n<h2 class=\"wp-block-heading\"><strong>Encaminhamentos e divulga\u00e7\u00e3o<\/strong><\/h2>\n\n\n\n<p class=\"wp-block-paragraph\">A <strong>Mo\u00e7\u00e3o de Apoio<\/strong> foi apresentada na <strong>C\u00e2mara Municipal de Limeira<\/strong> e ser\u00e1 encaminhada para conhecimento p\u00fablico e ampla divulga\u00e7\u00e3o na imprensa. O objetivo \u00e9 garantir que as medidas legais sejam <strong>justas, proporcionais e imparciais<\/strong>, respeitando os princ\u00edpios democr\u00e1ticos.<\/p>\n\n\n\n<p class=\"wp-block-paragraph\">\ud83d\udce2 <strong>Acompanhe o debate!<\/strong> O tema deve seguir para discuss\u00f5es e aprecia\u00e7\u00e3o em esferas legislativas superiores.<\/p>\n","protected":false},"excerpt":{"rendered":"<p>O vereador Guilherme Augusto Guido (PL) apresentou uma Mo\u00e7\u00e3o de Apoio \u00e0 anistia dos cidad\u00e3os presos em decorr\u00eancia dos atos ocorridos em 08 de janeiro de 2023, em Bras\u00edlia\/DF. A iniciativa busca abrir um debate sobre a legalidade e proporcionalidade das pris\u00f5es, al\u00e9m de garantir o respeito aos princ\u00edpios democr\u00e1ticos e \u00e0s garantias constitucionais. A [&hellip;]<\/p>\n","protected":false},"author":1,"featured_media":27059,"comment_status":"open","ping_status":"open","sticky":false,"template":"","format":"standard","meta":{"_jetpack_newsletter_access":"","_jetpack_dont_email_post_to_subs":false,"_jetpack_newsletter_tier_id":0,"_jetpack_memberships_contains_paywalled_content":false,"_mbp_banners":[],"_jetpack_feature_clip_id":0,"_jetpack_memberships_contains_paid_content":false,"footnotes":"","jetpack_publicize_message":"","jetpack_publicize_feature_enabled":true,"jetpack_social_post_already_shared":true,"jetpack_social_options":{"image_generator_settings":{"template":"highway","default_image_id":0,"font":"","enabled":false},"version":2},"jetpack_post_was_ever_published":false},"categories":[19],"tags":[],"class_list":["post-27056","post","type-post","status-publish","format-standard","has-post-thumbnail","category-politica"],"jetpack_publicize_connections":[],"jetpack-related-posts":[],"jetpack_shortlink":"https:\/\/wp.me\/p7Eq1F-72o","jetpack_sharing_enabled":true,"jetpack_featured_media_url":"https:\/\/i0.wp.com\/guialimeira.com.br\/news\/wp-content\/uploads\/2025\/03\/8-de-janeiro-2023.jpg?fit=2560%2C1650&ssl=1","_links":{"self":[{"href":"https:\/\/guialimeira.com.br\/news\/wp-json\/wp\/v2\/posts\/27056","targetHints":{"allow":["GET"]}}],"collection":[{"href":"https:\/\/guialimeira.com.br\/news\/wp-json\/wp\/v2\/posts"}],"about":[{"href":"https:\/\/guialimeira.com.br\/news\/wp-json\/wp\/v2\/types\/post"}],"author":[{"embeddable":true,"href":"https:\/\/guialimeira.com.br\/news\/wp-json\/wp\/v2\/users\/1"}],"replies":[{"embeddable":true,"href":"https:\/\/guialimeira.com.br\/news\/wp-json\/wp\/v2\/comments?post=27056"}],"version-history":[{"count":1,"href":"https:\/\/guialimeira.com.br\/news\/wp-json\/wp\/v2\/posts\/27056\/revisions"}],"predecessor-version":[{"id":27060,"href":"https:\/\/guialimeira.com.br\/news\/wp-json\/wp\/v2\/posts\/27056\/revisions\/27060"}],"wp:featuredmedia":[{"embeddable":true,"href":"https:\/\/guialimeira.com.br\/news\/wp-json\/wp\/v2\/media\/27059"}],"wp:attachment":[{"href":"https:\/\/guialimeira.com.br\/news\/wp-json\/wp\/v2\/media?parent=27056"}],"wp:term":[{"taxonomy":"category","embeddable":true,"href":"https:\/\/guialimeira.com.br\/news\/wp-json\/wp\/v2\/categories?post=27056"},{"taxonomy":"post_tag","embeddable":true,"href":"https:\/\/guialimeira.com.br\/news\/wp-json\/wp\/v2\/tags?post=27056"}],"curies":[{"name":"wp","href":"https:\/\/api.w.org\/{rel}","templated":true}]}}