{"id":27046,"date":"2025-03-17T17:33:04","date_gmt":"2025-03-17T20:33:04","guid":{"rendered":"https:\/\/guialimeira.com.br\/?p=27046"},"modified":"2025-03-17T17:33:07","modified_gmt":"2025-03-17T20:33:07","slug":"vereador-carlinhos-do-grotta-apresenta-mocao-de-apoio-ao-frei-gilson","status":"publish","type":"post","link":"https:\/\/guialimeira.com.br\/news\/vereador-carlinhos-do-grotta-apresenta-mocao-de-apoio-ao-frei-gilson\/","title":{"rendered":"Vereador Carlinhos do Grotta apresenta mo\u00e7\u00e3o de apoio ao Frei Gilson"},"content":{"rendered":"\n<p class=\"wp-block-paragraph\">O <strong>vereador Carlinhos do Grotta (PL)<\/strong> apresentou uma <strong>Mo\u00e7\u00e3o de Apoio ao Frei Gilson da Silva Pupo Azevedo<\/strong>, sacerdote cat\u00f3lico e cantor brasileiro, devido aos <strong>constantes ataques sofridos nas redes sociais<\/strong>. A proposta refor\u00e7a a import\u00e2ncia da liberdade religiosa e destaca o relevante trabalho de evangeliza\u00e7\u00e3o promovido pelo religioso.<\/p>\n\n\n\n<h2 class=\"wp-block-heading\"><strong>Defesa da liberdade religiosa<\/strong><\/h2>\n\n\n\n<p class=\"wp-block-paragraph\">A mo\u00e7\u00e3o enfatiza a necessidade de combater a <strong>intoler\u00e2ncia religiosa<\/strong>, assegurando o direito de todos \u00e0 f\u00e9 e \u00e0 livre manifesta\u00e7\u00e3o religiosa. A <strong>Constitui\u00e7\u00e3o Federal<\/strong>, em seu <strong>artigo 5\u00ba, inciso VI<\/strong>, garante a <strong>liberdade de cren\u00e7a e a prote\u00e7\u00e3o aos locais de culto<\/strong>, enquanto o <strong>C\u00f3digo Penal Brasileiro<\/strong>, no <strong>artigo 20<\/strong>, prev\u00ea <strong>puni\u00e7\u00f5es severas<\/strong> para crimes motivados por intoler\u00e2ncia religiosa.<\/p>\n\n\n\n<p class=\"wp-block-paragraph\">\ud83d\udccc <strong>Trecho da Constitui\u00e7\u00e3o Federal:<\/strong><br><em>&#8220;\u00c9 inviol\u00e1vel a liberdade de consci\u00eancia e de cren\u00e7a, sendo assegurado o livre exerc\u00edcio dos cultos religiosos e garantida, na forma da lei, a prote\u00e7\u00e3o aos locais de culto e \u00e0s suas liturgias.&#8221;<\/em><\/p>\n\n\n\n<p class=\"wp-block-paragraph\">\ud83d\udccc <strong>C\u00f3digo Penal \u2013 Art. 20:<\/strong><br><em>&#8220;Se o crime \u00e9 cometido por motivo de intoler\u00e2ncia religiosa, preconceito de ra\u00e7a, cor, etnia, orienta\u00e7\u00e3o sexual ou contra pessoa com defici\u00eancia, a pena \u00e9 de reclus\u00e3o de 2 a 5 anos.&#8221;<\/em><\/p>\n\n\n\n<h2 class=\"wp-block-heading\"><strong>O trabalho de evangeliza\u00e7\u00e3o do Frei Gilson<\/strong><\/h2>\n\n\n\n<p class=\"wp-block-paragraph\">O Frei Gilson \u00e9 membro da <strong>Congrega\u00e7\u00e3o Carmelitas Mensageiros do Esp\u00edrito Santo<\/strong> e foi ordenado sacerdote em <strong>2013<\/strong>. Desde ent\u00e3o, tem se dedicado \u00e0 evangeliza\u00e7\u00e3o por meio da m\u00fasica e da prega\u00e7\u00e3o, utilizando plataformas digitais para levar mensagens de f\u00e9 e esperan\u00e7a a milh\u00f5es de pessoas.<\/p>\n\n\n\n<p class=\"wp-block-paragraph\">\ud83c\udfb6 <strong>Minist\u00e9rio Musical:<\/strong> Som do Monte<br>\ud83d\udcfa <strong>YouTube:<\/strong> 6,86 milh\u00f5es de inscritos<br>\ud83d\udcf1 <strong>Instagram:<\/strong> 8,3 milh\u00f5es de seguidores<br>\ud83d\ude4f <strong>Santo Ros\u00e1rio \u00e0s 4h da manh\u00e3<\/strong> \u2013 Durante a Quaresma, suas transmiss\u00f5es ao vivo re\u00fanem milh\u00f5es de fi\u00e9is em ora\u00e7\u00e3o.<\/p>\n\n\n\n<p class=\"wp-block-paragraph\">Com um trabalho evangelizador <strong>amplamente reconhecido<\/strong>, Frei Gilson tem sido alvo de ataques por influenciadores contr\u00e1rios \u00e0 sua miss\u00e3o religiosa. A mo\u00e7\u00e3o destaca a necessidade de <strong>proteger a liberdade de express\u00e3o e cren\u00e7a<\/strong>, reafirmando o compromisso da sociedade contra qualquer forma de persegui\u00e7\u00e3o religiosa.<\/p>\n\n\n\n<h2 class=\"wp-block-heading\"><strong>Apoio \u00e0 mo\u00e7\u00e3o e pr\u00f3ximos passos<\/strong><\/h2>\n\n\n\n<p class=\"wp-block-paragraph\">A <strong>Mo\u00e7\u00e3o de Apoio<\/strong>, apresentada pelo vereador <strong>Carlinhos do Grotta<\/strong>, ser\u00e1 encaminhada \u00e0 <strong>Mesa da C\u00e2mara Municipal de Limeira<\/strong> para vota\u00e7\u00e3o. O objetivo \u00e9 garantir respaldo institucional ao Frei Gilson e refor\u00e7ar o compromisso com a <strong>defesa da liberdade religiosa<\/strong>.<\/p>\n\n\n\n<p class=\"wp-block-paragraph\">\ud83d\udce2 <strong>Participe!<\/strong> Apoie essa iniciativa e ajude a promover o respeito e a liberdade de cren\u00e7a no Brasil.<\/p>\n","protected":false},"excerpt":{"rendered":"<p>O vereador Carlinhos do Grotta (PL) apresentou uma Mo\u00e7\u00e3o de Apoio ao Frei Gilson da Silva Pupo Azevedo, sacerdote cat\u00f3lico e cantor brasileiro, devido aos constantes ataques sofridos nas redes sociais. A proposta refor\u00e7a a import\u00e2ncia da liberdade religiosa e destaca o relevante trabalho de evangeliza\u00e7\u00e3o promovido pelo religioso. Defesa da liberdade religiosa A mo\u00e7\u00e3o [&hellip;]<\/p>\n","protected":false},"author":1,"featured_media":27047,"comment_status":"open","ping_status":"open","sticky":false,"template":"","format":"standard","meta":{"_jetpack_newsletter_access":"","_jetpack_dont_email_post_to_subs":false,"_jetpack_newsletter_tier_id":0,"_jetpack_memberships_contains_paywalled_content":false,"_mbp_banners":[],"_jetpack_feature_clip_id":0,"_jetpack_memberships_contains_paid_content":false,"footnotes":"","jetpack_publicize_message":"","jetpack_publicize_feature_enabled":true,"jetpack_social_post_already_shared":true,"jetpack_social_options":{"image_generator_settings":{"template":"highway","default_image_id":0,"font":"","enabled":false},"version":2},"jetpack_post_was_ever_published":false},"categories":[19],"tags":[],"class_list":["post-27046","post","type-post","status-publish","format-standard","has-post-thumbnail","category-politica"],"jetpack_publicize_connections":[],"jetpack-related-posts":[],"jetpack_shortlink":"https:\/\/wp.me\/p7Eq1F-72e","jetpack_sharing_enabled":true,"jetpack_featured_media_url":"https:\/\/i0.wp.com\/guialimeira.com.br\/news\/wp-content\/uploads\/2025\/03\/frei-gilson.jpeg?fit=739%2C415&ssl=1","_links":{"self":[{"href":"https:\/\/guialimeira.com.br\/news\/wp-json\/wp\/v2\/posts\/27046","targetHints":{"allow":["GET"]}}],"collection":[{"href":"https:\/\/guialimeira.com.br\/news\/wp-json\/wp\/v2\/posts"}],"about":[{"href":"https:\/\/guialimeira.com.br\/news\/wp-json\/wp\/v2\/types\/post"}],"author":[{"embeddable":true,"href":"https:\/\/guialimeira.com.br\/news\/wp-json\/wp\/v2\/users\/1"}],"replies":[{"embeddable":true,"href":"https:\/\/guialimeira.com.br\/news\/wp-json\/wp\/v2\/comments?post=27046"}],"version-history":[{"count":1,"href":"https:\/\/guialimeira.com.br\/news\/wp-json\/wp\/v2\/posts\/27046\/revisions"}],"predecessor-version":[{"id":27048,"href":"https:\/\/guialimeira.com.br\/news\/wp-json\/wp\/v2\/posts\/27046\/revisions\/27048"}],"wp:featuredmedia":[{"embeddable":true,"href":"https:\/\/guialimeira.com.br\/news\/wp-json\/wp\/v2\/media\/27047"}],"wp:attachment":[{"href":"https:\/\/guialimeira.com.br\/news\/wp-json\/wp\/v2\/media?parent=27046"}],"wp:term":[{"taxonomy":"category","embeddable":true,"href":"https:\/\/guialimeira.com.br\/news\/wp-json\/wp\/v2\/categories?post=27046"},{"taxonomy":"post_tag","embeddable":true,"href":"https:\/\/guialimeira.com.br\/news\/wp-json\/wp\/v2\/tags?post=27046"}],"curies":[{"name":"wp","href":"https:\/\/api.w.org\/{rel}","templated":true}]}}