{"id":27042,"date":"2025-03-17T17:07:34","date_gmt":"2025-03-17T20:07:34","guid":{"rendered":"https:\/\/guialimeira.com.br\/2025\/03\/17\/colombia-petro-chama-atos-por-consulta-popular-de-reforma-trabalhista\/"},"modified":"2025-03-17T17:07:34","modified_gmt":"2025-03-17T20:07:34","slug":"colombia-petro-chama-atos-por-consulta-popular-de-reforma-trabalhista","status":"publish","type":"post","link":"https:\/\/guialimeira.com.br\/news\/colombia-petro-chama-atos-por-consulta-popular-de-reforma-trabalhista\/","title":{"rendered":"Col\u00f4mbia: Petro chama atos por consulta popular de reforma trabalhista"},"content":{"rendered":"<p> <br \/>\n<\/p>\n<div>\n<p>O presidente da Col\u00f4mbia, Gustavo Petro, convocou para esta ter\u00e7a-feira (18) um \u201cdia c\u00edvico\u201d com atos por todo o pa\u00eds para apoiar a Consulta Popular que pretende realizar sobre a reforma trabalhista proposta pelo governo e em tramita\u00e7\u00e3o no Legislativo.<img data-recalc-dims=\"1\" decoding=\"async\" src=\"https:\/\/i0.wp.com\/agenciabrasil.ebc.com.br\/ebc.png?w=696&#038;ssl=1\" style=\"width:1px; height:1px; display:inline;\"\/><img data-recalc-dims=\"1\" decoding=\"async\" src=\"https:\/\/i0.wp.com\/agenciabrasil.ebc.com.br\/ebc.gif?w=696&#038;ssl=1\" style=\"width:1px; height:1px; display:inline;\"\/><\/p>\n<blockquote>\n<p>\u201c\u00c0s ruas pelo simples direito de viver bem. Hoje voc\u00ea n\u00e3o vai sair para defender o Petro, hoje voc\u00ea vai sair para se defender\u201d, convocou o presidente pelas redes sociais.<\/p>\n<\/blockquote>\n<p><strong>Com a convoca\u00e7\u00e3o do \u201cdia c\u00edvico\u201d, empregados podem ser liberados do trabalho para participar dos\u00a0protestos. Prefeitos de grandes cidades colombianas rejeitaram o dia c\u00edvico e afirmam que v\u00e3o manter os servi\u00e7os p\u00fablicos funcionando.<\/strong><\/p>\n<p>Na semana passada, Petro anunciou que ir\u00e1 consultar a popula\u00e7\u00e3o sobre a reforma trabalhista proposta pelo governo depois que Comiss\u00e3o do Senado aprovou mo\u00e7\u00e3o pelo arquivamento da reforma, com 8 votos dos 14 senadores do colegiado.<\/p>\n<p><strong>Nesta ter\u00e7a-feira, a Comiss\u00e3o do Senado volta a analisar o tema para confirmar, ou n\u00e3o, o arquivamento definitivo do projeto.<\/strong> \u00a0\u00a0<\/p>\n<blockquote>\n<p>A reforma trabalhista \u2013 j\u00e1 aprovada pela C\u00e2mara dos Deputados da Col\u00f4mbia \u2013 prev\u00ea limitar a jornada de trabalho diurna, com pagamento de horas extras para as horas trabalhadas \u00e0 noite, aos s\u00e1bados, domingos e feriados.<\/p>\n<\/blockquote>\n<p>Outros temas tratados pela reforma s\u00e3o a regula\u00e7\u00e3o da licen\u00e7a paternidade; a melhoria da remunera\u00e7\u00e3o para jovens aprendizes e medidas para criar maior estabilidade laboral, priorizando os contratos por tempo indefinido e limitando os contratos tempor\u00e1rios de emprego. \u00a0<\/p>\n<p><strong>Gustavo Petro alega que o Congresso colombiano tem bloqueado o avan\u00e7o das reformas sociais do governo.<\/strong> Apesar de conseguir aprovar uma reforma das aposentadorias, Petro tem encontrado dificuldades para avan\u00e7ar com as reformas trabalhista e da sa\u00fade, que tamb\u00e9m pode entrar na Consulta Popular.<\/p>\n<blockquote>\n<p>Segundo Petro, a primeira pergunta da consulta \u00e9: \u201cVoc\u00ea quer que o dia na Col\u00f4mbia termine \u00e0s 18h e que s\u00e1bado e domingo sejam feriados, o que significa que haver\u00e1 uma sobretaxa de pagamento por horas extras?\u201d.<\/p>\n<\/blockquote>\n<h2>Oposi\u00e7\u00e3o<\/h2>\n<p><strong>A decis\u00e3o de recorrer \u00e0 Consulta Popular, medida prevista no artigo 104 da Constitui\u00e7\u00e3o colombiana, tem gerado fortes cr\u00edticas de opositores, de entidades empresariais e de setores do parlamento.<\/strong><\/p>\n<blockquote>\n<p>O presidente do Senado, Efrain Cepeda, do Partido Conservador, criticou a press\u00e3o contra os congressistas e acusou Petro de ser \u201cofensivo\u201d contra o Parlamento.<\/p>\n<\/blockquote>\n<blockquote>\n<p>\u201cO Congresso continuar\u00e1 a tomar decis\u00f5es de forma aut\u00f4noma e a crit\u00e9rio de seus membros. Apoio totalmente a postura corajosa dos membros da S\u00e9tima Comiss\u00e3o, que hoje tomam decis\u00f5es t\u00e9cnicas, n\u00e3o pol\u00edticas, em benef\u00edcio de todos os colombianos\u201d, informou o congressista em uma rede social<\/p>\n<\/blockquote>\n<p>O presidente do Senado Cepeda disse ainda que a consulta precisa de autoriza\u00e7\u00e3o do Senado e que dificilmente haveria recursos para bancar tal iniciativa. \u201cSe o registrador reclama que n\u00e3o tem recursos para as elei\u00e7\u00f5es at\u00edpicas em 2025, de onde sair\u00e1 o dinheiro?\u201d, completou Efrain em entrevista \u00e0 R\u00e1dio Caracol.Petro acusou a Comiss\u00e3o do Senado de \u201ctrair os trabalhadores\u201d.<\/p>\n<p><strong>O presidente colombiano tamb\u00e9m enfrenta a oposi\u00e7\u00e3o dos sindicatos patronais, contr\u00e1rios \u00e0 reforma laboral que, segundo os empres\u00e1rios, levaria a perda de milhares de empregos.<\/strong><\/p>\n<blockquote>\n<p>\u201cSe op\u00f5em \u00e0 reforma trabalhista porque eles colocam os trabalhadores em jornadas noturnas em grandes lojas de varejo e aos s\u00e1bados e domingos, diferentemente de qualquer outro lugar do mundo\u201d, afirmou Petro em resposta \u00e0 Federa\u00e7\u00e3o Nacional de Comerciantes Empres\u00e1rios (Fenalco).<\/p>\n<\/blockquote>\n<p>O presidente da Fenalco, Jaime Alberto Cabal, criticou a \u201cimposi\u00e7\u00e3o\u201d do dia c\u00edvico. \u201cConvocar marchas e declarar dia c\u00edvico no mesmo dia em que se debate no Senado o projeto de reforma trabalhista \u00e9 uma press\u00e3o indevida e antidemocr\u00e1tica\u201d, destacou o empres\u00e1rio.<\/p>\n<h2>Prefeituras<\/h2>\n<p>Al\u00e9m disso, prefeitos de importantes cidades colombianas, como Bogot\u00e1, Cartagena e Medellin, rejeitaram a proposta de dia c\u00edvico de Petro e prometem manter os servi\u00e7os p\u00fablicos funcionando.<\/p>\n<p><strong>O prefeito da capital, Bogot\u00e1, Carlos F. Gal\u00e1n, afirmou que os 710 mil estudantes de col\u00e9gios p\u00fablicos da cidade ter\u00e3o aulas presenciais<\/strong>.<\/p>\n<p>\u201cBogot\u00e1 garantir\u00e1 a presta\u00e7\u00e3o de todos seus servi\u00e7os e n\u00e3o se somar\u00e1 ao dia c\u00edvico. Bogot\u00e1 respeita o direito ao protesto e \u00e0 manifesta\u00e7\u00e3o pac\u00edfica. As equipes de di\u00e1logo e conviv\u00eancia estar\u00e3o prontas para garantir os direitos, tanto de quem decide sair para as ruas, como quem decide n\u00e3o o fazer\u201d, afirmou em rede social.<\/p>\n<p>      <!-- Relacionada --><\/p>\n<p>            <!-- Relacionada -->\n    <\/div>\n<p><br \/>\n<br \/><a href=\"https:\/\/agenciabrasil.ebc.com.br\/internacional\/noticia\/2025-03\/colombia-petro-chama-atos-por-consulta-popular-de-reforma-trabalhista\" rel=\"noopener\">Ag\u00eancia Brasil <\/a><\/p>\n","protected":false},"excerpt":{"rendered":"<p>O presidente da Col\u00f4mbia, Gustavo Petro, convocou para esta ter\u00e7a-feira (18) um \u201cdia c\u00edvico\u201d com atos por todo o pa\u00eds para apoiar a Consulta Popular que pretende realizar sobre a reforma trabalhista proposta pelo governo e em tramita\u00e7\u00e3o no Legislativo. \u201c\u00c0s ruas pelo simples direito de viver bem. Hoje voc\u00ea n\u00e3o vai sair para defender [&hellip;]<\/p>\n","protected":false},"author":1,"featured_media":3426,"comment_status":"open","ping_status":"open","sticky":false,"template":"","format":"standard","meta":{"_jetpack_newsletter_access":"","_jetpack_dont_email_post_to_subs":false,"_jetpack_newsletter_tier_id":0,"_jetpack_memberships_contains_paywalled_content":false,"_mbp_banners":[],"_jetpack_feature_clip_id":0,"_jetpack_memberships_contains_paid_content":false,"footnotes":"","jetpack_publicize_message":"","jetpack_publicize_feature_enabled":true,"jetpack_social_post_already_shared":true,"jetpack_social_options":{"image_generator_settings":{"template":"highway","default_image_id":0,"font":"","enabled":false},"version":2},"jetpack_post_was_ever_published":false},"categories":[25],"tags":[],"class_list":["post-27042","post","type-post","status-publish","format-standard","has-post-thumbnail","category-internacional"],"jetpack_publicize_connections":[],"jetpack-related-posts":[],"jetpack_shortlink":"https:\/\/wp.me\/p7Eq1F-72a","jetpack_sharing_enabled":true,"jetpack_featured_media_url":"https:\/\/i0.wp.com\/guialimeira.com.br\/news\/wp-content\/uploads\/2024\/05\/2022-06-20t124423z_1_lynxmpei5j0ey_rtroptp_4_colombia-eleicao-petro-vitoria.jpg?fit=1600%2C800&ssl=1","_links":{"self":[{"href":"https:\/\/guialimeira.com.br\/news\/wp-json\/wp\/v2\/posts\/27042","targetHints":{"allow":["GET"]}}],"collection":[{"href":"https:\/\/guialimeira.com.br\/news\/wp-json\/wp\/v2\/posts"}],"about":[{"href":"https:\/\/guialimeira.com.br\/news\/wp-json\/wp\/v2\/types\/post"}],"author":[{"embeddable":true,"href":"https:\/\/guialimeira.com.br\/news\/wp-json\/wp\/v2\/users\/1"}],"replies":[{"embeddable":true,"href":"https:\/\/guialimeira.com.br\/news\/wp-json\/wp\/v2\/comments?post=27042"}],"version-history":[{"count":0,"href":"https:\/\/guialimeira.com.br\/news\/wp-json\/wp\/v2\/posts\/27042\/revisions"}],"wp:featuredmedia":[{"embeddable":true,"href":"https:\/\/guialimeira.com.br\/news\/wp-json\/wp\/v2\/media\/3426"}],"wp:attachment":[{"href":"https:\/\/guialimeira.com.br\/news\/wp-json\/wp\/v2\/media?parent=27042"}],"wp:term":[{"taxonomy":"category","embeddable":true,"href":"https:\/\/guialimeira.com.br\/news\/wp-json\/wp\/v2\/categories?post=27042"},{"taxonomy":"post_tag","embeddable":true,"href":"https:\/\/guialimeira.com.br\/news\/wp-json\/wp\/v2\/tags?post=27042"}],"curies":[{"name":"wp","href":"https:\/\/api.w.org\/{rel}","templated":true}]}}